{"id":709103,"date":"2025-10-19T22:13:35","date_gmt":"2025-10-20T02:13:35","guid":{"rendered":"https:\/\/unifranz.edu.bo\/?p=709103"},"modified":"2025-10-19T22:13:38","modified_gmt":"2025-10-20T02:13:38","slug":"la-paz-477-anos-de-historia-viva-y-raices-que-resisten-al-tiempo","status":"publish","type":"post","link":"https:\/\/unifranz.edu.bo\/pt\/blog\/la-paz-477-anos-de-historia-viva-y-raices-que-resisten-al-tiempo\/","title":{"rendered":"La Paz, 477 a\u00f1os de historia viva y ra\u00edces que resisten al tiempo"},"content":{"rendered":"<p>La Paz se despliega entre cerros y abismos como quien sostiene un secreto ancestral. Su vida cotidiana es un ejercicio permanente de resistencia. Las ferias, los mercados, las casas de adobe y las microempresas sobreviven no por inercia sino por voluntad colectiva; no solo resisten gobiernos o crisis econ\u00f3micas, sino la presi\u00f3n de ser olvidados. Cada ma\u00f1ana, los pace\u00f1os enfrentan una geograf\u00eda dif\u00edcil, servicios precarios y desigualdades urbanas que otros ignoran.<\/p>\n\n\n\n<blockquote class=\"wp-block-quote is-layout-flow wp-block-quote-is-layout-flow\">\n<p>\u201cLa responsabilidad de lo bueno y malo que nos pasa, es esencialmente nuestra. En La Paz, la historia no se hereda como un objeto; se trabaja cada d\u00eda con memoria, esfuerzo y compromiso. Los pace\u00f1os construyen su identidad en la pr\u00e1ctica: con el trueque de saberes, con la protesta colectiva y con los rituales que sostienen la convivencia\u201d, explica Javier Z\u00e1rate Taborga, docente de la carrera de Periodismo en la Universidad Franz Tamayo, Unifranz, a prop\u00f3sito de la celebraci\u00f3n de los 477 a\u00f1os de fundaci\u00f3n de Nuestra Se\u00f1ora de La Paz por parte del capit\u00e1n Alonso de Mendoza, el 20 de octubre de 1548.<\/p>\n<\/blockquote>\n\n\n\n<p>La resistencia pace\u00f1a no es pasiva, es creativa cada d\u00eda. En los puestos de los mercados se reinventa la gastronom\u00eda tradicional; en los barrios se organizan redes de cuidado que complementan la ausencia estatal; en los talleres art\u00edsticos y culturales florecen expresiones que rescatan lenguas, tejidos y leyendas. Esa trama colectiva articula una ciudad que se hace y se rehace cada d\u00eda con una nueva puesta del sol.<\/p>\n\n\n\n<p>\u201cResistir en La Paz implica conservar la memoria colectiva y traducirla en acciones concretas: defender el acceso al espacio p\u00fablico, garantizar fuentes de ingreso para familias, preservar pr\u00e1cticas culturales que fortalecen la identidad comunitaria. En acciones como los mercados comunales de Villa Bol\u00edvar, los talleres interculturales de El Alto y el mercado de las pulgas en Sopocachi se hace evidente esa lucha\u201d, declara la Asociaci\u00f3n de Mujeres Artesanas \u201cManos de Luz\u201d.<\/p>\n\n\n\n<p>El 20 de octubre de 1548 marc\u00f3 formalmente la fundaci\u00f3n de La Paz; sin embargo, la verdadera fundaci\u00f3n ocurre cada d\u00eda cuando alguien decide ense\u00f1ar una lengua ind\u00edgena, iniciar un emprendimiento pese a la incertidumbre o preservar una costumbre en peligro. Esa fecha es un punto de partida simb\u00f3lico, porque la ciudad se construye con quienes mantienen viva la memoria.<\/p>\n\n\n\n<blockquote class=\"wp-block-quote is-layout-flow wp-block-quote-is-layout-flow\">\n<p>\u201cLa Paz no solo se sostiene por sus edificios o por su historia escrita, sino por la voluntad de su gente. Cada persona que decide no rendirse ante la adversidad est\u00e1 fundando nuevamente la ciudad, d\u00e1ndole sentido y vida a su identidad colectiva\u201d, a\u00f1ade Z\u00e1rate.<\/p>\n<\/blockquote>\n\n\n\n<p>Frente a los embates de la modernidad, gentrificaci\u00f3n, falta de vivienda digna o transporte insuficiente surgen iniciativas populares que proponen soluciones desde abajo. Cooperativas de construcci\u00f3n, asociaciones de mujeres campesinas que venden productos locales y redes culturales revitalizan espacios p\u00fablicos, generando nuevas econom\u00edas solidarias.<\/p>\n\n\n\n<p>\u201cLa fuerza de las ra\u00edces pace\u00f1as est\u00e1 en su capacidad de resistir y transformarse sin perder su esencia. En sus barrios, comunidades y ferias, las personas encuentran formas de convivencia y apoyo mutuo que reflejan una memoria viva. Esa es la verdadera herencia que mantiene unida a esta ciudad\u201d, se\u00f1ala un informe del Programa de Investigaci\u00f3n Estrat\u00e9gica en Bolivia (PIEB), instituci\u00f3n dedicada al estudio de las din\u00e1micas culturales y sociales del pa\u00eds.<\/p>\n\n\n\n<p>Hoy, la celebraci\u00f3n de otro aniversario de la fundaci\u00f3n ya no es solo rememorar la fecha antigua; es comprobar que la ciudad sigue viva gracias a quienes la habitan. Cada feria, cada ritual festivo, cada historia que se cuenta en los caf\u00e9s o en los boliches del centro es un acto de pertenencia.&nbsp;<\/p>\n\n\n\n<p>La Paz no solo se conmemora, se reafirma en su diversidad, en su historia compartida y en su capacidad para reinventarse.<\/p>\n\n\n\n<blockquote class=\"wp-block-quote is-layout-flow wp-block-quote-is-layout-flow\">\n<p>\u201cLa Paz tiene una energ\u00eda que nace del pueblo. No es una ciudad que se conforma con la rutina ni con las imposiciones externas. La lucha de las ra\u00edces pace\u00f1as es tambi\u00e9n una lucha por el reconocimiento, por la justicia y por la dignidad. En cada conflicto o dificultad, los pace\u00f1os encuentran una raz\u00f3n para volver a empezar\u201d, concluye el docente de Periodismo en Unifranz.<\/p>\n<\/blockquote>\n\n\n\n<p>Mirar a La Paz hoy es contemplar una ciudad que se ha reconstruido tantas veces que aprendi\u00f3 a mirar lejos sin olvidar sus ra\u00edces. Ra\u00edces golpeadas por la historia, por la exclusi\u00f3n y la marginalidad, pero que responden con creatividad, solidaridad y dignidad. Esa persistencia es la verdadera herencia pace\u00f1a: no una copia del pasado, sino la fuerza viva de transformar la adversidad en esperanza colectiva.<\/p>","protected":false},"excerpt":{"rendered":"<p>La Paz celebra 477 a\u00f1os de historia viva, resistencia y ra\u00edces que se renuevan cada d\u00eda con la fuerza y creatividad de su gente.<\/p>","protected":false},"author":50,"featured_media":709105,"comment_status":"open","ping_status":"open","sticky":false,"template":"","format":"standard","meta":{"_acf_changed":false,"footnotes":""},"categories":[60],"tags":[53,47,10164,1422,41,11505,242],"class_list":["post-709103","post","type-post","status-publish","format-standard","has-post-thumbnail","hentry","category-blog","tag-educacion","tag-el-alto","tag-fundacion-de-la-paz","tag-innovacion-en-educacion","tag-la-paz","tag-nuestra-senora-de-la-paz","tag-unifranz"],"acf":[],"_links":{"self":[{"href":"https:\/\/unifranz.edu.bo\/pt\/wp-json\/wp\/v2\/posts\/709103","targetHints":{"allow":["GET"]}}],"collection":[{"href":"https:\/\/unifranz.edu.bo\/pt\/wp-json\/wp\/v2\/posts"}],"about":[{"href":"https:\/\/unifranz.edu.bo\/pt\/wp-json\/wp\/v2\/types\/post"}],"author":[{"embeddable":true,"href":"https:\/\/unifranz.edu.bo\/pt\/wp-json\/wp\/v2\/users\/50"}],"replies":[{"embeddable":true,"href":"https:\/\/unifranz.edu.bo\/pt\/wp-json\/wp\/v2\/comments?post=709103"}],"version-history":[{"count":1,"href":"https:\/\/unifranz.edu.bo\/pt\/wp-json\/wp\/v2\/posts\/709103\/revisions"}],"predecessor-version":[{"id":709106,"href":"https:\/\/unifranz.edu.bo\/pt\/wp-json\/wp\/v2\/posts\/709103\/revisions\/709106"}],"wp:featuredmedia":[{"embeddable":true,"href":"https:\/\/unifranz.edu.bo\/pt\/wp-json\/wp\/v2\/media\/709105"}],"wp:attachment":[{"href":"https:\/\/unifranz.edu.bo\/pt\/wp-json\/wp\/v2\/media?parent=709103"}],"wp:term":[{"taxonomy":"category","embeddable":true,"href":"https:\/\/unifranz.edu.bo\/pt\/wp-json\/wp\/v2\/categories?post=709103"},{"taxonomy":"post_tag","embeddable":true,"href":"https:\/\/unifranz.edu.bo\/pt\/wp-json\/wp\/v2\/tags?post=709103"}],"curies":[{"name":"wp","href":"https:\/\/api.w.org\/{rel}","templated":true}]}}