{"id":709095,"date":"2025-10-18T14:00:58","date_gmt":"2025-10-18T18:00:58","guid":{"rendered":"https:\/\/unifranz.edu.bo\/?p=709095"},"modified":"2025-10-19T18:30:31","modified_gmt":"2025-10-19T22:30:31","slug":"talento-alteno-que-innova-estudiantes-de-unifranz-destacan-por-su-compromiso-con-la-ciencia","status":"publish","type":"post","link":"https:\/\/unifranz.edu.bo\/pt\/blog\/talento-alteno-que-innova-estudiantes-de-unifranz-destacan-por-su-compromiso-con-la-ciencia\/","title":{"rendered":"Talento alte\u00f1o que innova: estudiantes de Unifranz destacan por su compromiso con la ciencia"},"content":{"rendered":"<p>La sede El Alto de la <a href=\"https:\/\/unifranz.edu.bo\/\">Universidad Privada Franz Tamayo<\/a> \u2013 Unifranz se consolid\u00f3 como una de las grandes protagonistas de las Jornadas de Investigaci\u00f3n Unifranz 2025, al destacar no solo por la cantidad de proyectos presentados, sino sobre todo por la calidad, originalidad y compromiso social de sus investigaciones.<\/p>\n\n\n\n<p><\/p>\n\n\n\n<p>Este evento acad\u00e9mico, que re\u00fane cada a\u00f1o a cientos de j\u00f3venes investigadores de las distintas sedes de Unifranz en todo el pa\u00eds, busca fomentar el pensamiento cr\u00edtico, la innovaci\u00f3n y la producci\u00f3n cient\u00edfica en la educaci\u00f3n superior. En esta versi\u00f3n, los estudiantes alte\u00f1os demostraron un notable \u00edmpetu por generar conocimiento \u00fatil para la sociedad y aportar soluciones reales a problemas locales y nacionales.<\/p>\n\n\n\n<p><\/p>\n\n\n\n<p>\u201cLa sede El Alto, en esta edici\u00f3n, se ha caracterizado por ser la que ha tenido la mayor cantidad de trabajos. Para nosotros es una gran alegr\u00eda\u201d, destac\u00f3 <strong>Luc\u00eda Alvarado<\/strong>, coordinadora nacional de Investigaci\u00f3n de Unifranz, recientemente reconocida entre los 100 cient\u00edficos m\u00e1s influyentes del pa\u00eds, ocupando el puesto #11 gracias a su valiosa contribuci\u00f3n en el campo de la epidemiolog\u00eda y salud p\u00fablica.<\/p>\n\n\n\n<p><\/p>\n\n\n\n<h2 class=\"wp-block-heading\"><strong>Investigaci\u00f3n con prop\u00f3sito<\/strong><\/h2>\n\n\n\n<div class=\"wp-block-group is-vertical is-layout-flex wp-container-core-group-is-layout-8cf370e7 wp-block-group-is-layout-flex\">\n<p>Los proyectos premiados reflejan la diversidad de \u00e1reas y enfoques con los que los j\u00f3venes investigadores trabajan para mejorar la calidad de vida, promover la sostenibilidad y fortalecer la salud p\u00fablica. Entre los ganadores de la sede El Alto destacan propuestas de alto impacto como:<\/p>\n\n\n\n<p><strong><em>Pr\u00f3tesis de mano electr\u00f3nica con funci\u00f3n de imitaci\u00f3n mediante visi\u00f3n artificial<\/em><\/strong>, dise\u00f1ada por estudiantes de Ingenier\u00eda de Sistemas, que gan\u00f3 en su categor\u00eda por su aporte a la inclusi\u00f3n y la accesibilidad tecnol\u00f3gica.<\/p>\n\n\n\n<p><strong><em>Prevalencia y factores determinantes del S\u00edndrome de Burnout en el personal de salud<\/em><\/strong>, investigaci\u00f3n del \u00e1rea de Enfermer\u00eda, que analiza el desgaste laboral en un sector clave del sistema sanitario.<\/p>\n\n\n\n<p><strong><em>Saturaci\u00f3n de ox\u00edgeno y frecuencia cardiaca en base a la resistencia f\u00edsica de universitarios a m\u00e1s de 4150 msnm<\/em><\/strong>, estudio de Medicina que indaga en la adaptaci\u00f3n fisiol\u00f3gica de los j\u00f3venes a la altura de El Alto.<\/p>\n\n\n\n<p><strong><em>Estrategias digitales para sensibilizar sobre la trata y comercializaci\u00f3n de fauna silvestre en Bolivia,<\/em><\/strong> proyecto de Ingenier\u00eda Comercial, distinguido por su enfoque en la educaci\u00f3n ambiental y el uso \u00e9tico de las tecnolog\u00edas.<\/p>\n\n\n\n<p>Adem\u00e1s, investigaciones sobre econom\u00eda circular y salud bucal tambi\u00e9n fueron reconocidas por su rigor metodol\u00f3gico y relevancia social.<\/p>\n<\/div>\n\n\n\n<h2 class=\"wp-block-heading\"><strong>Ciencia joven que transforma realidades<\/strong><\/h2>\n\n\n\n<p>M\u00e1s all\u00e1 de los premios, las Jornadas de Investigaci\u00f3n se han convertido en un laboratorio de ideas transformadoras. En un contexto donde la falta de informaci\u00f3n estad\u00edstica y de estudios especializados sigue siendo un desaf\u00edo, Unifranz asume la investigaci\u00f3n como pilar esencial en la formaci\u00f3n de profesionales competentes, cr\u00edticos y socialmente responsables.<\/p>\n\n\n\n<p><\/p>\n\n\n\n<p>La investigaci\u00f3n en Unifranz es parte del modelo educativo basado en competencias y en el principio de aprender haciendo, que impulsa a los estudiantes a generar conocimiento aplicable.<\/p>\n\n\n\n<p><\/p>\n\n\n\n<p>\u201cComo estudiante de Enfermer\u00eda, considero que estas jornadas nos ayudan a hallar soluciones a problemas reales y a crear alternativas para mejorar procesos ya investigados. Nuestro deber es enriquecer y actualizar la ciencia\u201d, sostuvo Marco Yujra, ganador de uno de los premios principales.<\/p>\n\n\n\n<p><\/p>\n\n\n\n<p>Por su parte, Mireya Pereira, docente de Odontolog\u00eda y ganadora de tres reconocimientos, resalt\u00f3 la necesidad de vincular la investigaci\u00f3n con la pr\u00e1ctica profesional:<\/p>\n\n\n\n<p>\u201cNecesitamos estar actualizados en tecnolog\u00eda, insumos y procedimientos, pero todo esto debe estar basado en ciencia. Por eso, es fundamental fomentar la participaci\u00f3n activa en investigaci\u00f3n, tanto en docentes como en estudiantes.\u201d<\/p>\n\n\n\n<h2 class=\"wp-block-heading\"><strong>Fomentar el pensamiento cr\u00edtico y la excelencia<\/strong><\/h2>\n\n\n\n<p>Los resultados obtenidos por Unifranz El Alto reflejan el crecimiento de una comunidad acad\u00e9mica comprometida con la generaci\u00f3n de conocimiento \u00fatil y relevante.<\/p>\n\n\n\n<p>\u201cA nosotros, como departamento de investigaci\u00f3n, estos productos y trabajos son muy importantes para la sociedad y la resoluci\u00f3n de problemas. Queremos visibilizarlos y que los estudiantes se sientan empoderados de las investigaciones que realizan\u201d, a\u00f1adi\u00f3 Luc\u00eda Alvarado.<\/p>\n\n\n\n<p><\/p>\n\n\n\n<p>El \u00e9xito de Unifranz El Alto en las Jornadas de Investigaci\u00f3n 2025 no solo demuestra el talento de su comunidad acad\u00e9mica, sino tambi\u00e9n el potencial de la juventud alte\u00f1a para liderar procesos de transformaci\u00f3n desde la ciencia, la tecnolog\u00eda y el conocimiento.<\/p>\n\n\n\n<figure class=\"wp-block-embed is-type-video is-provider-youtube wp-block-embed-youtube wp-embed-aspect-16-9 wp-has-aspect-ratio\"><div class=\"wp-block-embed__wrapper\">\n<iframe loading=\"lazy\" title=\"ENTREVISTAS - V JORNADAS DE INVESTIGACI\u00d3N UNIFRANZ\" width=\"500\" height=\"281\" src=\"https:\/\/www.youtube.com\/embed\/q6ULrzxgLSs?feature=oembed\" frameborder=\"0\" allow=\"accelerometer; autoplay; clipboard-write; encrypted-media; gyroscope; picture-in-picture; web-share\" referrerpolicy=\"strict-origin-when-cross-origin\" allowfullscreen><\/iframe>\n<\/div><\/figure>","protected":false},"excerpt":{"rendered":"<p>\ud83d\udca1 Con proyectos que combinan ciencia e innovaci\u00f3n, Unifranz El Alto reafirma su liderazgo en la investigaci\u00f3n universitaria boliviana.<\/p>","protected":false},"author":25,"featured_media":709096,"comment_status":"open","ping_status":"open","sticky":false,"template":"","format":"standard","meta":{"_acf_changed":false,"footnotes":""},"categories":[11083,60,2918,2670,1636,2402,1782,10374],"tags":[47,386,1422,242],"class_list":["post-709095","post","type-post","status-publish","format-standard","has-post-thumbnail","hentry","category-unifranzelalto","category-blog","category-conocimiento-cientifico","category-ganador","category-investigacion","category-jornadas-unifranz-de-investigacion","category-unifranz","category-unifranz-el-alto","tag-el-alto","tag-estudiantes","tag-innovacion-en-educacion","tag-unifranz"],"acf":[],"_links":{"self":[{"href":"https:\/\/unifranz.edu.bo\/pt\/wp-json\/wp\/v2\/posts\/709095","targetHints":{"allow":["GET"]}}],"collection":[{"href":"https:\/\/unifranz.edu.bo\/pt\/wp-json\/wp\/v2\/posts"}],"about":[{"href":"https:\/\/unifranz.edu.bo\/pt\/wp-json\/wp\/v2\/types\/post"}],"author":[{"embeddable":true,"href":"https:\/\/unifranz.edu.bo\/pt\/wp-json\/wp\/v2\/users\/25"}],"replies":[{"embeddable":true,"href":"https:\/\/unifranz.edu.bo\/pt\/wp-json\/wp\/v2\/comments?post=709095"}],"version-history":[{"count":2,"href":"https:\/\/unifranz.edu.bo\/pt\/wp-json\/wp\/v2\/posts\/709095\/revisions"}],"predecessor-version":[{"id":709099,"href":"https:\/\/unifranz.edu.bo\/pt\/wp-json\/wp\/v2\/posts\/709095\/revisions\/709099"}],"wp:featuredmedia":[{"embeddable":true,"href":"https:\/\/unifranz.edu.bo\/pt\/wp-json\/wp\/v2\/media\/709096"}],"wp:attachment":[{"href":"https:\/\/unifranz.edu.bo\/pt\/wp-json\/wp\/v2\/media?parent=709095"}],"wp:term":[{"taxonomy":"category","embeddable":true,"href":"https:\/\/unifranz.edu.bo\/pt\/wp-json\/wp\/v2\/categories?post=709095"},{"taxonomy":"post_tag","embeddable":true,"href":"https:\/\/unifranz.edu.bo\/pt\/wp-json\/wp\/v2\/tags?post=709095"}],"curies":[{"name":"wp","href":"https:\/\/api.w.org\/{rel}","templated":true}]}}