{"id":709092,"date":"2025-10-18T00:24:24","date_gmt":"2025-10-18T04:24:24","guid":{"rendered":"https:\/\/unifranz.edu.bo\/?p=709092"},"modified":"2025-10-18T00:24:28","modified_gmt":"2025-10-18T04:24:28","slug":"10-senales-de-la-anemia-y-como-prevenir-esta-condicion","status":"publish","type":"post","link":"https:\/\/unifranz.edu.bo\/pt\/blog\/10-senales-de-la-anemia-y-como-prevenir-esta-condicion\/","title":{"rendered":"10 se\u00f1ales de la anemia y c\u00f3mo prevenir esta condici\u00f3n"},"content":{"rendered":"<p>Un tercio de la poblaci\u00f3n mundial padece anemia, una condici\u00f3n que afecta la capacidad del organismo para transportar ox\u00edgeno a los tejidos y \u00f3rganos vitales. Esta afecci\u00f3n se relaciona principalmente con la deficiencia de hierro en la alimentaci\u00f3n, aunque tambi\u00e9n puede deberse a hemorragias o a la destrucci\u00f3n prematura de gl\u00f3bulos rojos.&nbsp;<\/p>\n\n\n\n<p>Los riesgos no son menores: desde fatiga cr\u00f3nica hasta complicaciones graves en el coraz\u00f3n, el cerebro y otros \u00f3rganos, llegando incluso a comprometer la vida si no se trata adecuadamente, alerta Jos\u00e9 Montecinos, docente investigador de la carrera de Medicina de la Universidad Franz Tamayo, Unifranz.<\/p>\n\n\n\n<blockquote class=\"wp-block-quote is-layout-flow wp-block-quote-is-layout-flow\">\n<p>\u201cLa anemia no es una enfermedad en s\u00ed misma, es una condici\u00f3n caracterizada por una disminuci\u00f3n en la concentraci\u00f3n de hemoglobina por debajo de los niveles normales para la edad, sexo y condiciones ambientales de una persona. Esta reducci\u00f3n afecta la capacidad del cuerpo para transportar ox\u00edgeno a los tejidos, lo que puede generar diversos s\u00edntomas\u201d, explica.<\/p>\n<\/blockquote>\n\n\n\n<p>El especialista a\u00f1ade que existen tres causas principales: la p\u00e9rdida de sangre por hemorragias, la destrucci\u00f3n de gl\u00f3bulos rojos a ra\u00edz de enfermedades o condiciones autoinmunes y la carencia de hierro en la dieta.&nbsp;<\/p>\n\n\n\n<p>De acuerdo con la Encuesta Nacional de Salud 2023, las mujeres en edad f\u00e9rtil y los ni\u00f1os menores de cinco a\u00f1os son los grupos m\u00e1s afectados, alcanzando cifras que superan el 60% en algunos casos. Este incremento, se\u00f1ala Montecinos, est\u00e1 directamente relacionado con h\u00e1bitos alimenticios inadecuados, en particular el alto consumo de comida chatarra y el bajo consumo de verduras de hoja verde, legumbres y carnes ricas en hierro.<\/p>\n\n\n\n<p><strong>Las 10 se\u00f1ales de la deficiencia de hierro y la anemia<\/strong><\/p>\n\n\n\n<p>Reconocer a tiempo los s\u00edntomas es clave para prevenir complicaciones. Montecinos se\u00f1ala que los principales signos de alerta incluyen:<\/p>\n\n\n\n<p><strong>Fatiga extrema y debilidad muscular (astenia)<\/strong>: el cansancio persistente, incluso tras dormir, suele ser el primer s\u00edntoma que lleva a sospechar de anemia.<\/p>\n\n\n\n<p><strong>Cambios en la piel<\/strong>: palidez o un tono amarillento son manifestaciones frecuentes debido a la baja oxigenaci\u00f3n.<\/p>\n\n\n\n<p><strong>Alteraciones cardiovasculares<\/strong>: la falta de ox\u00edgeno obliga al coraz\u00f3n a trabajar m\u00e1s, provocando taquicardia o edemas.<\/p>\n\n\n\n<p><strong>Dolores de cabeza, mareos y v\u00e9rtigos<\/strong>: el cerebro es especialmente sensible a la disminuci\u00f3n de ox\u00edgeno.<\/p>\n\n\n\n<p><strong>Dificultad para respirar (disnea):<\/strong> actividades cotidianas pueden generar sensaci\u00f3n de ahogo.<\/p>\n\n\n\n<p><strong>N\u00e1useas y v\u00f3mitos<\/strong>: los s\u00edntomas gastrointestinales suelen confundirse con otros trastornos.<\/p>\n\n\n\n<p><strong>Trastornos menstruales y alteraciones del sue\u00f1o<\/strong>: la anemia puede afectar directamente la regulaci\u00f3n hormonal y los ciclos de descanso.<\/p>\n\n\n\n<p><strong>Frialdad en manos y pies<\/strong>: el cuerpo prioriza el riego sangu\u00edneo a \u00f3rganos vitales, reduciendo la circulaci\u00f3n perif\u00e9rica.<\/p>\n\n\n\n<p><strong>Cambios en u\u00f1as y cabello<\/strong>: u\u00f1as fr\u00e1giles y cabello quebradizo pueden revelar deficiencia de hierro prolongada.<\/p>\n\n\n\n<p><strong>Palpitaciones card\u00edacas:<\/strong> cuando la anemia es m\u00e1s severa, el coraz\u00f3n se sobrecarga para suplir la falta de ox\u00edgeno.<\/p>\n\n\n\n<p><strong>C\u00f3mo prevenir y tratar la anemia<\/strong><\/p>\n\n\n\n<p>Montecinos subraya que, aunque algunos casos son inevitables por la presencia de enfermedades cr\u00f3nicas o accidentes, la mayor\u00eda pueden prevenirse mediante una alimentaci\u00f3n equilibrada. \u201cEs importante consumir alimentos ricos en hierro, como carnes rojas, espinacas, legumbres y cereales fortificados, adem\u00e1s de incluir fuentes de vitamina C, como c\u00edtricos y tomates, que mejoran la absorci\u00f3n de este mineral\u201d, recomienda el docente investigador. Tambi\u00e9n aconseja priorizar el consumo de vitamina B12 (presente en h\u00edgado, carne y l\u00e1cteos) y \u00e1cido f\u00f3lico (en verduras de hoja verde y frutas), fundamentales para la producci\u00f3n de gl\u00f3bulos rojos.<\/p>\n\n\n\n<p>En el caso de mujeres embarazadas, ni\u00f1os y personas mayores, Montecinos sugiere el uso de suplementos de hierro, vitamina B12 o \u00e1cido f\u00f3lico, siempre bajo supervisi\u00f3n m\u00e9dica. \u201cEl tratamiento m\u00e1s importante es la reposici\u00f3n de hierro suplementario por v\u00eda oral y depende de los valores de hemoglobina y los s\u00edntomas. En casos severos puede requerirse una transfusi\u00f3n de sangre\u201d, precisa.<\/p>\n\n\n\n<p>La prevenci\u00f3n tambi\u00e9n incluye la detecci\u00f3n y tratamiento temprano de enfermedades que puedan generar p\u00e9rdida de hierro, como parasitosis, hemorragias gastrointestinales o trastornos autoinmunes. Adem\u00e1s, en pacientes con patolog\u00edas cr\u00f3nicas, pueden ser necesarias terapias m\u00e1s complejas como inyecciones de eritropoyetina para estimular la producci\u00f3n de gl\u00f3bulos rojos.<\/p>\n\n\n\n<p>Finalmente, Montecinos advierte que, aunque com\u00fan, la anemia no debe ser subestimada. Una condici\u00f3n grave o prolongada puede da\u00f1ar \u00f3rganos vitales como el coraz\u00f3n y el cerebro, incrementando el riesgo de complicaciones irreversibles. La clave, asegura, est\u00e1 en reconocer las se\u00f1ales tempranas, adoptar una dieta balanceada y buscar atenci\u00f3n m\u00e9dica oportuna.<\/p>","protected":false},"excerpt":{"rendered":"<p>Conoce las 10 se\u00f1ales de la anemia y aprende c\u00f3mo prevenir esta condici\u00f3n con una dieta rica en hierro y atenci\u00f3n m\u00e9dica oportuna.<\/p>","protected":false},"author":50,"featured_media":709093,"comment_status":"open","ping_status":"open","sticky":false,"template":"","format":"standard","meta":{"_acf_changed":false,"footnotes":""},"categories":[60],"tags":[10228,53,1422,49,124,218,242],"class_list":["post-709092","post","type-post","status-publish","format-standard","has-post-thumbnail","hentry","category-blog","tag-anemia","tag-educacion","tag-innovacion-en-educacion","tag-medicina","tag-salud","tag-tecnologia","tag-unifranz"],"acf":[],"_links":{"self":[{"href":"https:\/\/unifranz.edu.bo\/pt\/wp-json\/wp\/v2\/posts\/709092","targetHints":{"allow":["GET"]}}],"collection":[{"href":"https:\/\/unifranz.edu.bo\/pt\/wp-json\/wp\/v2\/posts"}],"about":[{"href":"https:\/\/unifranz.edu.bo\/pt\/wp-json\/wp\/v2\/types\/post"}],"author":[{"embeddable":true,"href":"https:\/\/unifranz.edu.bo\/pt\/wp-json\/wp\/v2\/users\/50"}],"replies":[{"embeddable":true,"href":"https:\/\/unifranz.edu.bo\/pt\/wp-json\/wp\/v2\/comments?post=709092"}],"version-history":[{"count":1,"href":"https:\/\/unifranz.edu.bo\/pt\/wp-json\/wp\/v2\/posts\/709092\/revisions"}],"predecessor-version":[{"id":709094,"href":"https:\/\/unifranz.edu.bo\/pt\/wp-json\/wp\/v2\/posts\/709092\/revisions\/709094"}],"wp:featuredmedia":[{"embeddable":true,"href":"https:\/\/unifranz.edu.bo\/pt\/wp-json\/wp\/v2\/media\/709093"}],"wp:attachment":[{"href":"https:\/\/unifranz.edu.bo\/pt\/wp-json\/wp\/v2\/media?parent=709092"}],"wp:term":[{"taxonomy":"category","embeddable":true,"href":"https:\/\/unifranz.edu.bo\/pt\/wp-json\/wp\/v2\/categories?post=709092"},{"taxonomy":"post_tag","embeddable":true,"href":"https:\/\/unifranz.edu.bo\/pt\/wp-json\/wp\/v2\/tags?post=709092"}],"curies":[{"name":"wp","href":"https:\/\/api.w.org\/{rel}","templated":true}]}}