{"id":709066,"date":"2025-10-17T18:09:08","date_gmt":"2025-10-17T22:09:08","guid":{"rendered":"https:\/\/unifranz.edu.bo\/?p=709066"},"modified":"2025-10-17T18:09:12","modified_gmt":"2025-10-17T22:09:12","slug":"mas-alla-del-diagnostico-como-la-informacion-empodera-a-las-mujeres-frente-al-cancer-de-mama","status":"publish","type":"post","link":"https:\/\/unifranz.edu.bo\/pt\/blog\/mas-alla-del-diagnostico-como-la-informacion-empodera-a-las-mujeres-frente-al-cancer-de-mama\/","title":{"rendered":"M\u00e1s all\u00e1 del diagn\u00f3stico: c\u00f3mo la informaci\u00f3n empodera a las mujeres frente al c\u00e1ncer de mama"},"content":{"rendered":"<p>El 19 de octubre se conmemora el D\u00eda Internacional de Lucha contra el C\u00e1ncer de Mama, una fecha establecida por la Organizaci\u00f3n Mundial de la Salud (OMS) para crear conciencia sobre la importancia de la detecci\u00f3n temprana. Y es que el c\u00e1ncer de mama contin\u00faa siendo la principal causa de muerte por c\u00e1ncer entre las mujeres.<\/p>\n\n\n\n<p><\/p>\n\n\n\n<blockquote class=\"wp-block-quote is-layout-flow wp-block-quote-is-layout-flow\">\n<p>\u201cMuchos tipos de c\u00e1ncer, entre ellos el de mama, son conocidos como asesinos silenciosos debido a su naturaleza inicialmente asintom\u00e1tica, que dificulta su detecci\u00f3n en etapas tempranas. Por eso, en materia de salud, siempre debemos hablar de medicina preventiva\u201d, explica Jorge Luis Reyes, docente de la carrera de Medicina de la Universidad Franz Tamayo, Unifranz.<\/p>\n\n\n\n<p><\/p>\n<\/blockquote>\n\n\n\n<p>En este contexto, la formaci\u00f3n en salud y la educaci\u00f3n universitaria desempe\u00f1an un papel fundamental. No solo se trata de detectar a tiempo, sino tambi\u00e9n de empoderar a las mujeres mediante la informaci\u00f3n y la educaci\u00f3n en salud para que tomen decisiones informadas sobre su bienestar.<\/p>\n\n\n\n<p><\/p>\n\n\n\n<h2 class=\"wp-block-heading\"><strong>Cifras en la regi\u00f3n y Bolivia<\/strong><\/h2>\n\n\n\n<p><\/p>\n\n\n\n<p>Seg\u00fan la OMS, el c\u00e1ncer de mama causa m\u00e1s a\u00f1os de vida perdidos por discapacidad en mujeres que cualquier otro tipo de c\u00e1ncer. Su impacto es mayor en los pa\u00edses en desarrollo, donde la mayor\u00eda de las muertes se producen de forma prematura, en mujeres menores de 70 a\u00f1os.<\/p>\n\n\n\n<p><\/p>\n\n\n\n<p>En Am\u00e9rica Latina y el Caribe, el 31% de las mujeres afectadas tiene menos de 50 a\u00f1os, una cifra considerablemente mayor que la registrada en Am\u00e9rica del Norte. De manera similar, el 21% de las muertes por c\u00e1ncer de mama en la regi\u00f3n ocurre en mujeres menores de 50 a\u00f1os, frente al 10% en el norte del continente.<\/p>\n\n\n\n<p><\/p>\n\n\n\n<p>En Bolivia, de acuerdo con datos del Registro Nacional, dependiente del Programa Nacional de Lucha Contra el C\u00e1ncer (PNLCC), en los \u00faltimos cinco a\u00f1os se reportaron 31.398 nuevos casos de c\u00e1ncer, de los cuales 5.161 corresponden a c\u00e1ncer de mama, lo que representa el 5,16% del total.<\/p>\n\n\n\n<p><\/p>\n\n\n\n<h2 class=\"wp-block-heading\"><strong>La educaci\u00f3n como primera l\u00ednea de prevenci\u00f3n<\/strong><\/h2>\n\n\n\n<p><\/p>\n\n\n\n<p>El pron\u00f3stico despu\u00e9s de un diagn\u00f3stico de c\u00e1ncer de mama ha mejorado notablemente en los pa\u00edses de altos ingresos, con una reducci\u00f3n del 40% en la mortalidad entre 1980 y 2020, gracias a los programas de detecci\u00f3n temprana y protocolos de tratamiento estandarizados.<\/p>\n\n\n\n<p><\/p>\n\n\n\n<p>Esto demuestra que educar es prevenir. Cada vez que una mujer aprende a realizarse un autoexamen, comprende la importancia de acudir a un control m\u00e9dico anual o comparte informaci\u00f3n verificada con su entorno, se convierte en una agente de cambio.&nbsp;<\/p>\n\n\n\n<p><\/p>\n\n\n\n<p>La educaci\u00f3n salva vidas tanto como la medicina. Este enfoque forma parte del modelo educativo de Unifranz, que integra la promoci\u00f3n de la salud y la investigaci\u00f3n con el compromiso social. Desde las aulas y los proyectos de extensi\u00f3n, docentes y estudiantes trabajan para acercar el conocimiento m\u00e9dico a las comunidades, derribar mitos y fomentar una cultura preventiva.<\/p>\n\n\n\n<p><\/p>\n\n\n\n<p>El miedo, la desinformaci\u00f3n o la verg\u00fcenza a\u00fan retrasan la b\u00fasqueda de atenci\u00f3n m\u00e9dica. Por ello, la educaci\u00f3n es una herramienta poderosa para romper silencios y cambiar percepciones. Todav\u00eda existen mitos peligrosos: que el c\u00e1ncer de mama solo afecta a mujeres mayores o que equivale a una sentencia de muerte. Combatirlos con informaci\u00f3n es el primer paso para salvar vidas.<\/p>\n\n\n\n<p><\/p>\n\n\n\n<h2 class=\"wp-block-heading\"><strong>Informaci\u00f3n para prevenir<\/strong><\/h2>\n\n\n\n<p><\/p>\n\n\n\n<p>Desde la Cl\u00ednica Unifranz se destaca que la detecci\u00f3n temprana y la prevenci\u00f3n son esenciales para el tratamiento exitoso del c\u00e1ncer de mama. Conocer los s\u00edntomas, causas y factores de riesgo permite estar mejor preparadas.<\/p>\n\n\n\n<p><\/p>\n\n\n\n<p>El c\u00e1ncer de mama ocurre cuando las c\u00e9lulas del tejido mamario crecen de manera anormal, volvi\u00e9ndose cancerosas. Sin tratamiento oportuno, estas c\u00e9lulas pueden invadir tejidos cercanos o propagarse a otras partes del cuerpo a trav\u00e9s del sistema linf\u00e1tico o del torrente sangu\u00edneo.<\/p>\n\n\n\n<p><\/p>\n\n\n\n<p>Existen varios tipos de c\u00e1ncer de mama, siendo los m\u00e1s comunes el carcinoma ductal, el carcinoma lobular, el c\u00e1ncer inflamatorio y el c\u00e1ncer de mama en hombres.<\/p>\n\n\n\n<p>Los signos de alerta pueden variar, pero algunos de los m\u00e1s comunes incluyen: un bulto o masa en el seno o axila, cambio en el tama\u00f1o o forma del seno, dolor en el pecho o en el pez\u00f3n, alteraciones en la piel del seno (enrojecimiento, engrosamiento o textura similar a la piel de naranja) y secreci\u00f3n anormal del pez\u00f3n, especialmente si es sanguinolenta.<\/p>\n\n\n\n<p><\/p>\n\n\n\n<p>En algunos casos, el c\u00e1ncer de mama no presenta s\u00edntomas visibles en sus primeras etapas, por lo que es fundamental realizar controles m\u00e9dicos peri\u00f3dicos.<\/p>\n\n\n\n<p>Aunque no se conoce la causa exacta del c\u00e1ncer de mama, existen factores que pueden aumentar el riesgo de padecerlo. La edad es uno de ellos ya que el riesgo aumenta despu\u00e9s de los 50 a\u00f1os.&nbsp;<\/p>\n\n\n\n<p><\/p>\n\n\n\n<p>Los factores gen\u00e9ticos tambi\u00e9n son importantes, en este caso, son las mutaciones en los genes BRCA1 y BRCA2 las que elevan la probabilidad de desarrollar la enfermedad. Por lo mismo, es importante estar atentas si se tiene antecedentes familiares de c\u00e1ncer de mama u ovario.<\/p>\n\n\n\n<p><\/p>\n\n\n\n<p>Otros factores de riesgo son el uso prolongado de terapia hormonal sustitutiva, la obesidad, el consumo excesivo de alcohol, la exposici\u00f3n a radiaci\u00f3n y la menstruaci\u00f3n temprana o menopausia tard\u00eda.<\/p>\n\n\n\n<p><\/p>\n\n\n\n<h2 class=\"wp-block-heading\"><strong>Recomendaciones para la prevenci\u00f3n<\/strong><\/h2>\n\n\n\n<p><\/p>\n\n\n\n<p>Aunque no siempre se puede evitar el c\u00e1ncer de mama, existen h\u00e1bitos que pueden reducir el riesgo. La principal es realizar autoexploraciones mamarias con regularidad para detectar cambios inusuales.<\/p>\n\n\n\n<p><\/p>\n\n\n\n<p>Tambi\u00e9n se debe agendar mamograf\u00edas peri\u00f3dicas, especialmente a partir de los 40 a\u00f1os o antes si hay antecedentes familiares. Llevar un estilo de vida saludable, con una alimentaci\u00f3n equilibrada y ejercicio.<\/p>\n\n\n\n<p><\/p>","protected":false},"excerpt":{"rendered":"<p>La informaci\u00f3n salva vidas: descubre c\u00f3mo la educaci\u00f3n empodera a las mujeres frente al c\u00e1ncer de mama en Bolivia y el mundo.<\/p>","protected":false},"author":53,"featured_media":709067,"comment_status":"open","ping_status":"open","sticky":false,"template":"","format":"standard","meta":{"_acf_changed":false,"footnotes":""},"categories":[60],"tags":[6154,5382,1422,49,11497,10867,6779,124,242],"class_list":["post-709066","post","type-post","status-publish","format-standard","has-post-thumbnail","hentry","category-blog","tag-cancer-de-mama","tag-clinica-unifranz","tag-innovacion-en-educacion","tag-medicina","tag-mortalidad","tag-oms-2","tag-prevencion-de-la-salud","tag-salud","tag-unifranz"],"acf":[],"_links":{"self":[{"href":"https:\/\/unifranz.edu.bo\/pt\/wp-json\/wp\/v2\/posts\/709066","targetHints":{"allow":["GET"]}}],"collection":[{"href":"https:\/\/unifranz.edu.bo\/pt\/wp-json\/wp\/v2\/posts"}],"about":[{"href":"https:\/\/unifranz.edu.bo\/pt\/wp-json\/wp\/v2\/types\/post"}],"author":[{"embeddable":true,"href":"https:\/\/unifranz.edu.bo\/pt\/wp-json\/wp\/v2\/users\/53"}],"replies":[{"embeddable":true,"href":"https:\/\/unifranz.edu.bo\/pt\/wp-json\/wp\/v2\/comments?post=709066"}],"version-history":[{"count":1,"href":"https:\/\/unifranz.edu.bo\/pt\/wp-json\/wp\/v2\/posts\/709066\/revisions"}],"predecessor-version":[{"id":709068,"href":"https:\/\/unifranz.edu.bo\/pt\/wp-json\/wp\/v2\/posts\/709066\/revisions\/709068"}],"wp:featuredmedia":[{"embeddable":true,"href":"https:\/\/unifranz.edu.bo\/pt\/wp-json\/wp\/v2\/media\/709067"}],"wp:attachment":[{"href":"https:\/\/unifranz.edu.bo\/pt\/wp-json\/wp\/v2\/media?parent=709066"}],"wp:term":[{"taxonomy":"category","embeddable":true,"href":"https:\/\/unifranz.edu.bo\/pt\/wp-json\/wp\/v2\/categories?post=709066"},{"taxonomy":"post_tag","embeddable":true,"href":"https:\/\/unifranz.edu.bo\/pt\/wp-json\/wp\/v2\/tags?post=709066"}],"curies":[{"name":"wp","href":"https:\/\/api.w.org\/{rel}","templated":true}]}}