{"id":709051,"date":"2025-10-17T16:09:28","date_gmt":"2025-10-17T20:09:28","guid":{"rendered":"https:\/\/unifranz.edu.bo\/?p=709051"},"modified":"2025-10-17T16:09:33","modified_gmt":"2025-10-17T20:09:33","slug":"ciencia-que-sana-estudiantes-de-bioquimica-y-farmacia-crean-un-balsamo-de-curcuma-para-aliviar-el-resfrio","status":"publish","type":"post","link":"https:\/\/unifranz.edu.bo\/pt\/blog\/ciencia-que-sana-estudiantes-de-bioquimica-y-farmacia-crean-un-balsamo-de-curcuma-para-aliviar-el-resfrio\/","title":{"rendered":"Ciencia que sana: estudiantes de Bioqu\u00edmica y Farmacia crean un b\u00e1lsamo de c\u00farcuma para aliviar el resfr\u00edo"},"content":{"rendered":"<p>En los laboratorios de la carrera de Bioqu\u00edmica y Farmacia de la Universidad Franz Tamayo, Unifranz La Paz, un grupo de j\u00f3venes decidi\u00f3 transformar un reto acad\u00e9mico en una oportunidad para aportar bienestar a la sociedad. Su trabajo no solo destac\u00f3 por su innovaci\u00f3n, sino que adem\u00e1s fue uno de los ganadores de la V Jornada de Investigaci\u00f3n Unifranz.<\/p>\n\n\n\n<blockquote class=\"wp-block-quote is-layout-flow wp-block-quote-is-layout-flow\">\n<p>\u201cLos trabajos de investigaci\u00f3n e innovaci\u00f3n, como el ung\u00fcento de c\u00farcuma que obtuvo el primer lugar en las jornadas cient\u00edficas nacionales, tienen una relevancia social profunda. Vinculan el conocimiento cient\u00edfico con las necesidades reales de la comunidad, promueven alternativas terap\u00e9uticas naturales, accesibles y sostenibles, fortaleciendo la salud p\u00fablica y potenciando la producci\u00f3n local\u201d, explic\u00f3 Leslie Vidaurre, docente y gu\u00eda de la carrera.<\/p>\n<\/blockquote>\n\n\n\n<p>La propuesta nace de una idea simple pero poderosa: aprovechar los beneficios terap\u00e9uticos de la c\u00farcuma, una planta ancestral, para ofrecer un remedio natural y accesible frente a una dolencia tan com\u00fan como el resfr\u00edo. Seg\u00fan datos del Instituto Nacional de Estad\u00edstica (INE), en Bolivia el 41,6 % de los ni\u00f1os menores de cinco a\u00f1os present\u00f3 infecciones respiratorias agudas (IRA) en 2017, lo que muestra la magnitud del problema de salud p\u00fablica que enfrenta el pa\u00eds.<\/p>\n\n\n\n<p>Este b\u00e1lsamo, que tiene varias presentaciones, busca aliviar s\u00edntomas como la congesti\u00f3n nasal, el dolor muscular y la irritaci\u00f3n de garganta. Aunque el resfr\u00edo com\u00fan no tiene una cura definitiva, esta alternativa natural ayuda a mitigar las molestias y favorecer una recuperaci\u00f3n m\u00e1s r\u00e1pida, gracias a sus propiedades antiinflamatorias y antioxidantes.<\/p>\n\n\n\n<p>La estudiante Adriana Luna Hilari\u00f3n es una de las mentes detr\u00e1s del proyecto que ha llamado la atenci\u00f3n por su sencillez, efectividad y compromiso con la salud natural. \u201cFue un reto, pero logramos hacerlo\u201d, comenta con orgullo al recordar las largas horas de ensayo y error que implic\u00f3 la formulaci\u00f3n del producto.<\/p>\n\n\n\n<p>La c\u00farcuma (Curcuma longa) es reconocida por la medicina tradicional como un verdadero tesoro terap\u00e9utico. Fortalece el sistema inmunol\u00f3gico, combate procesos inflamatorios y, en combinaci\u00f3n con otros componentes naturales, ofrece efectos calmantes. Integrarla en un b\u00e1lsamo fue una apuesta que fusiona conocimiento cient\u00edfico y sabidur\u00eda ancestral, una combinaci\u00f3n que \u2014para Adriana\u2014 resulta esencial para avanzar hacia una salud m\u00e1s integral y sostenible.<\/p>\n\n\n\n<p>El desarrollo del b\u00e1lsamo implic\u00f3 rigurosas etapas de investigaci\u00f3n, formulaci\u00f3n y evaluaci\u00f3n. \u201cAnalizamos la textura, el aroma, la estabilidad del producto y, sobre todo, garantizamos su seguridad para la aplicaci\u00f3n\u201d, explica la joven investigadora.<\/p>\n\n\n\n<p>El resultado es un b\u00e1lsamo suave, de r\u00e1pida absorci\u00f3n y agradable fragancia, pensado para brindar alivio de manera efectiva y natural.<\/p>\n\n\n\n<p>M\u00e1s all\u00e1 de sus beneficios terap\u00e9uticos, esta experiencia demuestra el valor del modelo educativo \u201cAprender Haciendo\u201d de Unifranz. \u201cA trav\u00e9s de este enfoque, los estudiantes dejan de ser receptores pasivos de informaci\u00f3n para convertirse en protagonistas de su aprendizaje. Desarrollan competencias cient\u00edficas, t\u00e9cnicas y humanas. El trabajo con el ung\u00fcento de c\u00farcuma es un ejemplo de c\u00f3mo esta metodolog\u00eda fortalece el pensamiento cr\u00edtico, la autonom\u00eda y la capacidad de resolver problemas reales con base en la evidencia\u201d, concluy\u00f3 la docente Leslie Vidaurre<\/p>\n\n\n\n<p><\/p>","protected":false},"excerpt":{"rendered":"<p>Estudiantes de Bioqu\u00edmica y Farmacia de Unifranz La Paz crean un b\u00e1lsamo natural de c\u00farcuma premiado por su innovaci\u00f3n y aporte social.<\/p>","protected":false},"author":44,"featured_media":709063,"comment_status":"open","ping_status":"open","sticky":false,"template":"","format":"standard","meta":{"_acf_changed":false,"footnotes":""},"categories":[60],"tags":[833,266,11495,53,386,1422,41,11496,218,242],"class_list":["post-709051","post","type-post","status-publish","format-standard","has-post-thumbnail","hentry","category-blog","tag-bioquimica-y-farmacia","tag-bolivia","tag-curcuma-2","tag-educacion","tag-estudiantes","tag-innovacion-en-educacion","tag-la-paz","tag-resfrios-2","tag-tecnologia","tag-unifranz"],"acf":[],"_links":{"self":[{"href":"https:\/\/unifranz.edu.bo\/pt\/wp-json\/wp\/v2\/posts\/709051","targetHints":{"allow":["GET"]}}],"collection":[{"href":"https:\/\/unifranz.edu.bo\/pt\/wp-json\/wp\/v2\/posts"}],"about":[{"href":"https:\/\/unifranz.edu.bo\/pt\/wp-json\/wp\/v2\/types\/post"}],"author":[{"embeddable":true,"href":"https:\/\/unifranz.edu.bo\/pt\/wp-json\/wp\/v2\/users\/44"}],"replies":[{"embeddable":true,"href":"https:\/\/unifranz.edu.bo\/pt\/wp-json\/wp\/v2\/comments?post=709051"}],"version-history":[{"count":1,"href":"https:\/\/unifranz.edu.bo\/pt\/wp-json\/wp\/v2\/posts\/709051\/revisions"}],"predecessor-version":[{"id":709064,"href":"https:\/\/unifranz.edu.bo\/pt\/wp-json\/wp\/v2\/posts\/709051\/revisions\/709064"}],"wp:featuredmedia":[{"embeddable":true,"href":"https:\/\/unifranz.edu.bo\/pt\/wp-json\/wp\/v2\/media\/709063"}],"wp:attachment":[{"href":"https:\/\/unifranz.edu.bo\/pt\/wp-json\/wp\/v2\/media?parent=709051"}],"wp:term":[{"taxonomy":"category","embeddable":true,"href":"https:\/\/unifranz.edu.bo\/pt\/wp-json\/wp\/v2\/categories?post=709051"},{"taxonomy":"post_tag","embeddable":true,"href":"https:\/\/unifranz.edu.bo\/pt\/wp-json\/wp\/v2\/tags?post=709051"}],"curies":[{"name":"wp","href":"https:\/\/api.w.org\/{rel}","templated":true}]}}