{"id":709049,"date":"2025-10-17T12:10:44","date_gmt":"2025-10-17T16:10:44","guid":{"rendered":"https:\/\/unifranz.edu.bo\/?p=709049"},"modified":"2025-10-29T16:04:08","modified_gmt":"2025-10-29T20:04:08","slug":"docente-investigadora-de-unifranz-el-alto-destaca-en-concurso-nacional-de-la-iadr-bolivia","status":"publish","type":"post","link":"https:\/\/unifranz.edu.bo\/pt\/blog\/docente-investigadora-de-unifranz-el-alto-destaca-en-concurso-nacional-de-la-iadr-bolivia\/","title":{"rendered":"Docente de Unifranz EL Alto recibe premio internacional por su investigaci\u00f3n en Odontolog\u00eda"},"content":{"rendered":"<p>La pasi\u00f3n por la investigaci\u00f3n y la innovaci\u00f3n educativa llev\u00f3 a la Dra. Carla Larrea, docente de la carrera de Odontolog\u00eda de la <a href=\"https:\/\/unifranz.edu.bo\/\">Universidad Franz Tamayo, Unifranz<\/a> El Alto, a alcanzar un nuevo hito acad\u00e9mico, el segundo lugar a nivel nacional en el concurso de investigaci\u00f3n organizado por la <a href=\"https:\/\/www.iadr.org\/\" target=\"_blank\" rel=\"noopener\">International Association for Dental Oral and Craniofacial Research (IADR)<\/a> \u2013 Secci\u00f3n Bolivia, una de las asociaciones cient\u00edficas m\u00e1s prestigiosas del mundo en el \u00e1mbito de la salud bucal.<\/p>\n\n\n\n<p><\/p>\n\n\n\n<p>Este logro refleja no solo su compromiso con la ciencia, sino tambi\u00e9n el impulso que Unifranz brinda al eje de investigaci\u00f3n e internacionalizaci\u00f3n, pilares fundamentales de su modelo educativo transformador.<\/p>\n\n\n\n<p><\/p>\n\n\n\n<h2 class=\"wp-block-heading\"><strong>Innovaci\u00f3n educativa con inteligencia artificial<\/strong><\/h2>\n\n\n\n<p>La investigaci\u00f3n con la que la Dra. Larrea fue reconocida se titula: \u201cDesarrollo de un asistente inteligente para la formaci\u00f3n en prevenci\u00f3n de la caries de infancia temprana utilizando inteligencia artificial generativa y t\u00e9cnicas de gamificaci\u00f3n\u201d.<\/p>\n\n\n\n<div class=\"wp-block-media-text is-stacked-on-mobile\" style=\"grid-template-columns:28% auto\"><figure class=\"wp-block-media-text__media\"><img loading=\"lazy\" decoding=\"async\" width=\"1024\" height=\"1024\" src=\"https:\/\/unifranz.edu.bo\/wp-content\/uploads\/2025\/10\/snapedit_1760717335265-1-1024x1024.jpeg\" alt=\"\" class=\"wp-image-709060 size-full\" srcset=\"https:\/\/unifranz.edu.bo\/wp-content\/uploads\/2025\/10\/snapedit_1760717335265-1-1024x1024.jpeg 1024w, https:\/\/unifranz.edu.bo\/wp-content\/uploads\/2025\/10\/snapedit_1760717335265-1-300x300.jpeg 300w, https:\/\/unifranz.edu.bo\/wp-content\/uploads\/2025\/10\/snapedit_1760717335265-1-768x768.jpeg 768w, https:\/\/unifranz.edu.bo\/wp-content\/uploads\/2025\/10\/snapedit_1760717335265-1-1536x1536.jpeg 1536w, https:\/\/unifranz.edu.bo\/wp-content\/uploads\/2025\/10\/snapedit_1760717335265-1-12x12.jpeg 12w, https:\/\/unifranz.edu.bo\/wp-content\/uploads\/2025\/10\/snapedit_1760717335265-1.jpeg 1600w\" sizes=\"auto, (max-width: 1024px) 100vw, 1024px\" \/><\/figure><div class=\"wp-block-media-text__content\">\n<p>El proyecto propone una forma innovadora de ense\u00f1anza en odontopediatr\u00eda, combinando inteligencia artificial y educaci\u00f3n interactiva para fortalecer la formaci\u00f3n de futuros odont\u00f3logos.<\/p>\n\n\n\n<p>\u201cLa motivaci\u00f3n surgi\u00f3 al observar la necesidad de innovar en los procesos educativos dentro de la odontopediatr\u00eda, especialmente en la prevenci\u00f3n de una enfermedad tan prevalente como la caries dental en ni\u00f1os de 0 a 71 meses\u201d, explic\u00f3 la docente.<\/p>\n<\/div><\/div>\n\n\n\n<p><\/p>\n\n\n\n<p><\/p>\n\n\n\n<p>Seg\u00fan Larrea, el asistente inteligente desarrollado tiene potencial para convertirse en un recurso educativo permanente, que fomente el aprendizaje aut\u00f3nomo y mejore la comprensi\u00f3n de los factores preventivos.<\/p>\n\n\n\n<p><\/p>\n\n\n\n<h2 class=\"wp-block-heading\"><strong>Ciencia con impacto social<\/strong><\/h2>\n\n\n\n<p>El certamen, organizado por la IADR \u2013 Secci\u00f3n Bolivia, tuvo como objetivo incentivar la producci\u00f3n cient\u00edfica y fortalecer las capacidades investigativas de docentes y estudiantes del pa\u00eds. La fase nacional se desarroll\u00f3 en la III Reuni\u00f3n Anual de la IADR Bolivia 2025 en Cochabamba, donde participaron investigadores de distintas regiones.<\/p>\n\n\n\n<p><\/p>\n\n\n\n<p>El resumen presentado por la docente de Unifranz El Alto fue seleccionado por el comit\u00e9 cient\u00edfico en la categor\u00eda Educaci\u00f3n en Odontolog\u00eda, destacando por su originalidad, rigurosidad metodol\u00f3gica y relevancia acad\u00e9mica.<\/p>\n\n\n\n<p><\/p>\n\n\n\n<figure class=\"wp-block-pullquote\"><blockquote><p>\u201cRecibir este reconocimiento representa una gran satisfacci\u00f3n personal y profesional. Demuestra que en Bolivia se est\u00e1n gestando propuestas innovadoras con impacto educativo y social. Este logro me motiva a seguir investigando y promoviendo la integraci\u00f3n de la tecnolog\u00eda en la ense\u00f1anza odontol\u00f3gica\u201d, afirm\u00f3 la Dra. Larrea.<\/p><\/blockquote><\/figure>\n\n\n\n<p><\/p>\n\n\n\n<h2 class=\"wp-block-heading\"><strong>Investigaci\u00f3n e internacionalizaci\u00f3n: ejes transformadores<\/strong><\/h2>\n\n\n\n<p>Para la docente, este reconocimiento reafirma el compromiso de Unifranz El Alto con la excelencia acad\u00e9mica, la innovaci\u00f3n y la producci\u00f3n de conocimiento cient\u00edfico. Adem\u00e1s, evidencia el valor de la internacionalizaci\u00f3n, ya que su participaci\u00f3n fue posible gracias a su afiliaci\u00f3n a la IADR, que le permite vincularse con la comunidad cient\u00edfica internacional.<\/p>\n\n\n\n<p><\/p>\n\n\n\n<p>\u201cEste tipo de logros inspiran a m\u00e1s docentes y estudiantes a involucrarse en proyectos de investigaci\u00f3n, comprender su importancia en la formaci\u00f3n profesional y generar evidencias que mejoren la salud bucal de la poblaci\u00f3n\u201d, destac\u00f3.<\/p>\n\n\n\n<p><\/p>\n\n\n\n<h2 class=\"wp-block-heading\"><strong>Un logro compartido<\/strong><\/h2>\n\n\n\n<p>La Dra. Larrea expres\u00f3 su agradecimiento a Unifranz El Alto por el apoyo institucional que hizo posible el desarrollo del proyecto, as\u00ed como a sus colegas Dra. Luc\u00eda Alvarado, coordinadora nacional de Investigaci\u00f3n en Unifranz, Dr. Dami\u00e1n Bertiz, coordinador de Investigaci\u00f3n en Unifranz El Alto, Dr. Alvaro Iba\u00f1ez, director de Odontolog\u00eda en Unifranz El Alto y el Dr. Rodrigo Quispe, coordinador de la Cl\u00ednica Odontol\u00f3gica Unifranz en la urbe alte\u00f1a, por su acompa\u00f1amiento y orientaci\u00f3n durante el proceso investigativo.<\/p>\n\n\n\n<p><\/p>\n\n\n\n<p>\u201cEste premio es el resultado de un verdadero trabajo en equipo y del respaldo institucional que valoro profundamente\u201d, concluy\u00f3.<\/p>\n\n\n\n<p><\/p>\n\n\n\n<p>El reconocimiento obtenido por la docente reafirma el compromiso de Unifranz con la formaci\u00f3n de profesionales investigadores capaces de aportar soluciones innovadoras a los desaf\u00edos de la salud y la educaci\u00f3n, contribuyendo al desarrollo cient\u00edfico del pa\u00eds y al fortalecimiento del conocimiento con impacto global.<\/p>\n\n\n\n<p><\/p>","protected":false},"excerpt":{"rendered":"<p>La Dra. Carla Larrea de Unifranz El Alto obtiene el segundo lugar nacional en investigaci\u00f3n odontol\u00f3gica con un proyecto de IA y gamificaci\u00f3n.<\/p>","protected":false},"author":25,"featured_media":709054,"comment_status":"open","ping_status":"open","sticky":false,"template":"","format":"standard","meta":{"_acf_changed":false,"footnotes":""},"categories":[60],"tags":[],"class_list":["post-709049","post","type-post","status-publish","format-standard","has-post-thumbnail","hentry","category-blog"],"acf":[],"_links":{"self":[{"href":"https:\/\/unifranz.edu.bo\/pt\/wp-json\/wp\/v2\/posts\/709049","targetHints":{"allow":["GET"]}}],"collection":[{"href":"https:\/\/unifranz.edu.bo\/pt\/wp-json\/wp\/v2\/posts"}],"about":[{"href":"https:\/\/unifranz.edu.bo\/pt\/wp-json\/wp\/v2\/types\/post"}],"author":[{"embeddable":true,"href":"https:\/\/unifranz.edu.bo\/pt\/wp-json\/wp\/v2\/users\/25"}],"replies":[{"embeddable":true,"href":"https:\/\/unifranz.edu.bo\/pt\/wp-json\/wp\/v2\/comments?post=709049"}],"version-history":[{"count":5,"href":"https:\/\/unifranz.edu.bo\/pt\/wp-json\/wp\/v2\/posts\/709049\/revisions"}],"predecessor-version":[{"id":709337,"href":"https:\/\/unifranz.edu.bo\/pt\/wp-json\/wp\/v2\/posts\/709049\/revisions\/709337"}],"wp:featuredmedia":[{"embeddable":true,"href":"https:\/\/unifranz.edu.bo\/pt\/wp-json\/wp\/v2\/media\/709054"}],"wp:attachment":[{"href":"https:\/\/unifranz.edu.bo\/pt\/wp-json\/wp\/v2\/media?parent=709049"}],"wp:term":[{"taxonomy":"category","embeddable":true,"href":"https:\/\/unifranz.edu.bo\/pt\/wp-json\/wp\/v2\/categories?post=709049"},{"taxonomy":"post_tag","embeddable":true,"href":"https:\/\/unifranz.edu.bo\/pt\/wp-json\/wp\/v2\/tags?post=709049"}],"curies":[{"name":"wp","href":"https:\/\/api.w.org\/{rel}","templated":true}]}}