{"id":709030,"date":"2025-10-16T17:39:54","date_gmt":"2025-10-16T21:39:54","guid":{"rendered":"https:\/\/unifranz.edu.bo\/?p=709030"},"modified":"2025-10-16T18:05:00","modified_gmt":"2025-10-16T22:05:00","slug":"la-incubadora-mujer-empresa-del-ime-impulsara-una-nueva-generacion-de-emprendedoras","status":"publish","type":"post","link":"https:\/\/unifranz.edu.bo\/pt\/blog\/la-incubadora-mujer-empresa-del-ime-impulsara-una-nueva-generacion-de-emprendedoras\/","title":{"rendered":"La Incubadora Mujer &amp; Empresa del IME impulsar\u00e1 una nueva generaci\u00f3n de emprendedoras"},"content":{"rendered":"<p>Cuando una mujer se para frente a un inversor, el silencio que la rodea suele pesar distinto. No es solo el nerviosismo de hablar en p\u00fablico o el reto de defender una idea; es la historia de siglos de inequidad que se cuela en cada pregunta.<\/p>\n\n\n\n<p><\/p>\n\n\n\n<blockquote class=\"wp-block-quote is-layout-flow wp-block-quote-is-layout-flow\">\n<p>\u201cMientras a los hombres les consultan sobre proyecciones y crecimiento, a las mujeres les preguntan sobre riesgos y prevenci\u00f3n\u201d, afirma Xiomara Zambrana, directora del Instituto de la Mujer &amp; Empresa (IME). Su voz no denuncia, analiza, propone y transforma.<\/p>\n<\/blockquote>\n\n\n\n<p><\/p>\n\n\n\n<p>Porque desde hace ocho a\u00f1os, el IME ha hecho lo que pocos se atreven, crear y sostener la \u00fanica incubadora de negocios pensada exclusivamente para mujeres en Bolivia. Este 2025, la instituci\u00f3n redobla la apuesta con una incubadora m\u00e1s consciente, m\u00e1s profunda y con una perspectiva de g\u00e9nero que atraviesa cada m\u00f3dulo, cada mentor\u00eda, cada <em>pitch <\/em>o presentaci\u00f3n.<\/p>\n\n\n\n<p><\/p>\n\n\n\n<blockquote class=\"wp-block-quote is-layout-flow wp-block-quote-is-layout-flow\">\n<p>\u201cEl programa de incubaci\u00f3n va a incluir lecciones y m\u00f3dulos que tienen que ver con perspectivas de g\u00e9nero en todo lo que es <em>pitching<\/em>, discurso y liderazgo. Tenemos una metodolog\u00eda \u00e1gil, producto de todos estos a\u00f1os que hemos venido haciendo incubaci\u00f3n desde el IME de Unifranz\u201d, explica Zambrana.<\/p>\n<\/blockquote>\n\n\n\n<p><\/p>\n\n\n\n<h2 class=\"wp-block-heading\"><strong>Negocios con prop\u00f3sito y con lupa de g\u00e9nero<\/strong><\/h2>\n\n\n\n<p><\/p>\n\n\n\n<p>La nueva edici\u00f3n de la incubadora no busca solo fortalecer emprendimientos, sino cambiar la forma en que las mujeres se miran a s\u00ed mismas dentro del ecosistema empresarial. \u201cQueremos que entiendan las reglas del juego y est\u00e9n un paso adelante. Que sepan por qu\u00e9 los inversores hacen las preguntas que hacen, y c\u00f3mo responder desde la seguridad y la certeza\u201d, explica Zambrana.<\/p>\n\n\n\n<p><\/p>\n\n\n\n<p>El programa tiene una duraci\u00f3n de ocho semanas, una estructura \u00e1gil y virtual que permite a las participantes avanzar a su ritmo, con mentor\u00edas grupales y espacios de aprendizaje activo. Las postulantes pueden ser mujeres de cualquier ciudad del pa\u00eds, lo \u00fanico que necesitan es una idea de negocio o un emprendimiento en etapa temprana, de menos de doce meses de vida.<\/p>\n\n\n\n<p><\/p>\n\n\n\n<figure class=\"wp-block-embed is-type-video is-provider-youtube wp-block-embed-youtube wp-embed-aspect-16-9 wp-has-aspect-ratio\"><div class=\"wp-block-embed__wrapper\">\n<iframe loading=\"lazy\" title=\"La Incubadora Mujer &amp; Empresa: una nueva era para las emprendedoras bolivianas \ud83d\ude80\" width=\"500\" height=\"281\" src=\"https:\/\/www.youtube.com\/embed\/DXe5W2VJr-Y?feature=oembed\" frameborder=\"0\" allow=\"accelerometer; autoplay; clipboard-write; encrypted-media; gyroscope; picture-in-picture; web-share\" referrerpolicy=\"strict-origin-when-cross-origin\" allowfullscreen><\/iframe>\n<\/div><\/figure>\n\n\n\n<p><\/p>\n\n\n\n<p>La metodolog\u00eda, que combina formaci\u00f3n, validaci\u00f3n de ideas y acompa\u00f1amiento, se resume en una filosof\u00eda: aprender haciendo. \u201cNo medimos ventas, medimos la claridad del problema, la calidad de la propuesta, la motivaci\u00f3n y el compromiso. Lo importante es validar la idea antes de lanzarse y perder tiempo o recursos\u201d, puntualiza la directora.<\/p>\n\n\n\n<p><\/p>\n\n\n\n<h2 class=\"wp-block-heading\"><strong>So\u00f1ar mejor&nbsp;<\/strong><\/h2>\n\n\n\n<p><\/p>\n\n\n\n<p>La incubadora del IME no promete milagros, promete herramientas. Su meta es que las participantes construyan negocios viables, rentables y sostenibles en menos tiempo, evitando los fracasos silenciosos que abundan en el sector informal, un sector que, en su mayor\u00eda, tiene rostro de mujer.<\/p>\n\n\n\n<p><\/p>\n\n\n\n<blockquote class=\"wp-block-quote is-layout-flow wp-block-quote-is-layout-flow\">\n<p>\u201cQueremos romper el c\u00edrculo de la pobreza y la informalidad. Que las mujeres puedan crear negocios m\u00e1s s\u00f3lidos, m\u00e1s rentables, y que lo hagan desde el conocimiento, no desde la intuici\u00f3n o la necesidad\u201d, enfatiza Zambrana.<\/p>\n\n\n\n<p><\/p>\n<\/blockquote>\n\n\n\n<h2 class=\"wp-block-heading\"><strong>Una red de acompa\u00f1amiento<\/strong><\/h2>\n\n\n\n<p><\/p>\n\n\n\n<p>El IME no se queda en el aula virtual. Despu\u00e9s del proceso de incubaci\u00f3n, las emprendedoras pueden acceder a evaluaciones peri\u00f3dicas al mes, a los tres y a los seis meses. No solo se capacitan sino que se integran a una red activa de apoyo y mentor\u00eda permanente durante todo el a\u00f1o.<\/p>\n\n\n\n<p><\/p>\n\n\n\n<blockquote class=\"wp-block-quote is-layout-flow wp-block-quote-is-layout-flow\">\n<p>\u201cEl IME trabaja con un sistema de medici\u00f3n de impacto y con una red de aliados estrat\u00e9gicos, tanto de aceleradoras como de financiadores. Queremos que las emprendedoras m\u00e1s comprometidas tengan oportunidades reales de financiamiento y expansi\u00f3n\u201d, a\u00f1ade Zambrana.<\/p>\n<\/blockquote>\n\n\n\n<p><\/p>\n\n\n\n<p>Adem\u00e1s, las participantes se incorporan a la comunidad IME, una red viva de acompa\u00f1amiento que ofrece mentor\u00edas, formaci\u00f3n continua y conexiones con el ecosistema emprendedor nacional e internacional.<\/p>\n\n\n\n<p><\/p>\n\n\n\n<h2 class=\"wp-block-heading\"><strong>M\u00e1s que una incubadora<\/strong><\/h2>\n\n\n\n<p><\/p>\n\n\n\n<p>En un pa\u00eds donde la mayor\u00eda de los emprendimientos informales son liderados por mujeres, iniciativas como la del IME representan mucho m\u00e1s que una capacitaci\u00f3n. Son una puerta abierta hacia una transformaci\u00f3n social y econ\u00f3mica de fondo.<\/p>\n\n\n\n<p><\/p>\n\n\n\n<blockquote class=\"wp-block-quote is-layout-flow wp-block-quote-is-layout-flow\">\n<p>\u201cNos aseguramos midiendo, evaluando, escuchando. Ajustamos el programa seg\u00fan lo que las emprendedoras necesitan. Esa flexibilidad es parte de nuestra esencia\u201d, dice Zambrana.<\/p>\n<\/blockquote>\n\n\n\n<p><\/p>\n\n\n\n<p>Esa esencia tiene el sello de la Universidad Franz Tamayo, Unifranz, instituci\u00f3n que respalda al IME con su enfoque pedag\u00f3gico, su rigor acad\u00e9mico y su vocaci\u00f3n de innovaci\u00f3n.<\/p>\n\n\n\n<p><\/p>\n\n\n\n<h2 class=\"wp-block-heading\"><strong>Postular es creer<\/strong><\/h2>\n\n\n\n<p><\/p>\n\n\n\n<p>Las mujeres interesadas pueden postularse a trav\u00e9s de la plataforma <a href=\"http:\/\/incubadora.ime.bo\" target=\"_blank\" rel=\"noopener\">incubadora.ime.bo<\/a>. En este portal comenzar\u00e1n un viaje que va m\u00e1s all\u00e1 del negocio, porque es una apuesta por la autonom\u00eda, la confianza y la equidad.<\/p>\n\n\n\n<p><\/p>\n\n\n\n<p>Cabe resaltar que el \u00fanico requisito es tener una idea de negocio y querer hacerla realidad. Las ideas pueden ser en cualquier rubro, no hay l\u00edmites. En una primera fase se trabajar\u00e1 con todas las emprendedoras que han sido seleccionadas en el proceso de postulaci\u00f3n.&nbsp;<\/p>\n\n\n\n<p><\/p>\n\n\n\n<p>En la segunda fase, que se llevar\u00e1 a cabo en 2026, se trazar\u00e1 una ruta personalizada para los emprendimientos seleccionados. Cada participante contar\u00e1 con un acompa\u00f1amiento espec\u00edfico dependiendo el tipo de emprendimiento o negocio, ya sea una startup, de triple impacto o emprendimiento tradicional.&nbsp;<\/p>\n\n\n\n<p><\/p>\n\n\n\n<p>\u201cQueremos que cada emprendedora descubra su voz y la use con fuerza\u201d, concluye Zambrana.&nbsp;<\/p>","protected":false},"excerpt":{"rendered":"<p>La Incubadora Mujer &amp; Empresa del IME transforma ideas femeninas en negocios sostenibles, fomentando liderazgo y autonom\u00eda en Bolivia.<\/p>","protected":false},"author":53,"featured_media":709036,"comment_status":"open","ping_status":"open","sticky":false,"template":"","format":"standard","meta":{"_acf_changed":false,"footnotes":""},"categories":[60],"tags":[2940,1716,190,10813,5590,404,94,10533,1422,242],"class_list":["post-709030","post","type-post","status-publish","format-standard","has-post-thumbnail","hentry","category-blog","tag-aprender-haciendo","tag-brecha-de-genero","tag-capacitacion","tag-emprendimientos-2","tag-enfoque-de-genero","tag-ime","tag-imebolivia","tag-incubadora","tag-innovacion-en-educacion","tag-unifranz"],"acf":[],"_links":{"self":[{"href":"https:\/\/unifranz.edu.bo\/pt\/wp-json\/wp\/v2\/posts\/709030","targetHints":{"allow":["GET"]}}],"collection":[{"href":"https:\/\/unifranz.edu.bo\/pt\/wp-json\/wp\/v2\/posts"}],"about":[{"href":"https:\/\/unifranz.edu.bo\/pt\/wp-json\/wp\/v2\/types\/post"}],"author":[{"embeddable":true,"href":"https:\/\/unifranz.edu.bo\/pt\/wp-json\/wp\/v2\/users\/53"}],"replies":[{"embeddable":true,"href":"https:\/\/unifranz.edu.bo\/pt\/wp-json\/wp\/v2\/comments?post=709030"}],"version-history":[{"count":1,"href":"https:\/\/unifranz.edu.bo\/pt\/wp-json\/wp\/v2\/posts\/709030\/revisions"}],"predecessor-version":[{"id":709035,"href":"https:\/\/unifranz.edu.bo\/pt\/wp-json\/wp\/v2\/posts\/709030\/revisions\/709035"}],"wp:featuredmedia":[{"embeddable":true,"href":"https:\/\/unifranz.edu.bo\/pt\/wp-json\/wp\/v2\/media\/709036"}],"wp:attachment":[{"href":"https:\/\/unifranz.edu.bo\/pt\/wp-json\/wp\/v2\/media?parent=709030"}],"wp:term":[{"taxonomy":"category","embeddable":true,"href":"https:\/\/unifranz.edu.bo\/pt\/wp-json\/wp\/v2\/categories?post=709030"},{"taxonomy":"post_tag","embeddable":true,"href":"https:\/\/unifranz.edu.bo\/pt\/wp-json\/wp\/v2\/tags?post=709030"}],"curies":[{"name":"wp","href":"https:\/\/api.w.org\/{rel}","templated":true}]}}