{"id":709025,"date":"2025-10-16T17:21:21","date_gmt":"2025-10-16T21:21:21","guid":{"rendered":"https:\/\/unifranz.edu.bo\/?p=709025"},"modified":"2025-10-16T19:07:47","modified_gmt":"2025-10-16T23:07:47","slug":"arranca-el-bicebe-2025-un-laboratorio-vivo-donde-el-diseno-boliviano-se-reinventa","status":"publish","type":"post","link":"https:\/\/unifranz.edu.bo\/pt\/blog\/arranca-el-bicebe-2025-un-laboratorio-vivo-donde-el-diseno-boliviano-se-reinventa\/","title":{"rendered":"Arranca la BICeB\u00e9 2025: un laboratorio vivo donde el dise\u00f1o boliviano se reinventa"},"content":{"rendered":"<p>El arte, la pasi\u00f3n y la creatividad volvieron a encontrarse en un mismo escenario con el arranque de la BICeB\u00e9 2025, la Bienal de Dise\u00f1o y Cartel Bolivia, que este a\u00f1o celebra una nueva edici\u00f3n marcada por la energ\u00eda de la juventud, la innovaci\u00f3n y el compromiso de instituciones que creen en el poder transformador del dise\u00f1o.<\/p>\n\n\n\n<p>Desde el auditorio de Unifranz La Paz, donde se realiz\u00f3 la conferencia de prensa de presentaci\u00f3n del evento, los protagonistas coincidieron en que el BICeB\u00e9 no es solo una exposici\u00f3n, sino un laboratorio de aprendizaje creativo vivo que conecta a estudiantes, profesionales y referentes internacionales del dise\u00f1o.&nbsp;<\/p>\n\n\n\n<p>\u201cQu\u00e9 alegr\u00eda y orgullo provoca ver tantos rostros j\u00f3venes, creativos y apasionados por el dise\u00f1o\u201d, expres\u00f3 con entusiasmo Iyorbanka Cuiza, directora de la carrera de Dise\u00f1o Gr\u00e1fico y Producci\u00f3n Cross Media de la Universidad Franz Tamayo, Unifranz, en La Paz.<\/p>\n\n\n\n<p>La BICeB\u00e9, que se celebrar\u00e1 del 20 al 24 de octubre en La Paz y Cochabamba, se proyecta como un festival que celebra el dise\u00f1o en todas sus dimensiones: innovaci\u00f3n, sostenibilidad, interculturalidad y responsabilidad social. El programa incluye un congreso internacional de dise\u00f1o, actividades de networking, talleres, conferencias, charlas creativas y exhibiciones que buscan inspirar a las nuevas generaciones y conectar a Bolivia con el futuro del dise\u00f1o.<\/p>\n\n\n\n<blockquote class=\"wp-block-quote is-layout-flow wp-block-quote-is-layout-flow\">\n<p>\u201cLa Bienal no solamente es una exposici\u00f3n, es un laboratorio donde la teor\u00eda se conecta con la pr\u00e1ctica, donde la academia se vincula directamente con la realidad profesional\u201d, a\u00f1adi\u00f3 Cuiza, quien resalt\u00f3 que el todo del encuentro es una conjunci\u00f3n arm\u00f3nica de esperanza, talento y compromiso.&nbsp;&nbsp;<\/p>\n<\/blockquote>\n\n\n\n<p>&nbsp;Desde su creaci\u00f3n en 2009, la BICeB\u00e9 se ha consolidado como el evento de dise\u00f1o m\u00e1s importante de Bolivia y uno de los referentes m\u00e1s influyentes de la regi\u00f3n. Cada versi\u00f3n re\u00fane a maestros y profesionales de talla internacional que comparten su visi\u00f3n, experiencia y talento con las nuevas generaciones.&nbsp;<\/p>\n\n\n\n<p>En la edici\u00f3n 2025 participan figuras como Alex Hug (Espa\u00f1a), reconocida por su trabajo en reciclaje textil y sostenibilidad; Ronald Kapaz (Brasil); Cyla Costa (Brasil); Tomoko Miyagawa (Jap\u00f3n); G\u00f6tz Gramlich (Alemania), director de la Bienal de Dise\u00f1o de Heidelberg; Ver\u00f3nica Majluf (Per\u00fa); Esteban Ibarra (Argentina); Jorge Gamboa (M\u00e9xico); Edwin Moreira (Nicaragua); el d\u00fao Lex &amp; Mono (M\u00e9xico); adem\u00e1s de los bolivianos Franz Freudenthal, Alfredo Rom\u00e1n, Noel Barr\u00f3n, Camila Rojas, Alejandra Salvatierra, Rebeca y Elo\u00edsa Paz, entre otros.&nbsp;<\/p>\n\n\n\n<p>A ellos se suman el colectivo Pimienta Estudio Creativo y el artista Adri\u00e1n Gonz\u00e1lez \u201cRoco\u201d, quienes aportar\u00e1n miradas frescas y experimentales a este encuentro que celebra la creatividad en todas sus formas.<\/p>\n\n\n\n<blockquote class=\"wp-block-quote is-layout-flow wp-block-quote-is-layout-flow\">\n<p>\u201cHace quince a\u00f1os comenzamos esta aventura y siempre fue Unifranz la que apoy\u00f3 cada una de las actividades que desarrollamos\u201d, record\u00f3 V\u00edctor Hugo Ord\u00f3\u00f1ez, coordinador del BICeB\u00e9, a tiempo de destacar que el valor de esta edici\u00f3n radica en la experiencia directa que ofrece a los j\u00f3venes, como estudiantes y futuros dise\u00f1adores.&nbsp;<\/p>\n\n\n\n<figure class=\"wp-block-embed is-type-video is-provider-youtube wp-block-embed-youtube wp-embed-aspect-16-9 wp-has-aspect-ratio\"><div class=\"wp-block-embed__wrapper\">\n<iframe loading=\"lazy\" title=\"Unifranz y el BICeB\u00e9 2025: formaci\u00f3n, cultura y dise\u00f1o con prop\u00f3sito\" width=\"500\" height=\"281\" src=\"https:\/\/www.youtube.com\/embed\/Kc_59g9D6Ys?feature=oembed\" frameborder=\"0\" allow=\"accelerometer; autoplay; clipboard-write; encrypted-media; gyroscope; picture-in-picture; web-share\" referrerpolicy=\"strict-origin-when-cross-origin\" allowfullscreen><\/iframe>\n<\/div><\/figure>\n<\/blockquote>\n\n\n\n<p><\/p>\n\n\n\n<p><strong>Una fiesta del dise\u00f1o que une ciudades y generaciones<\/strong><\/p>\n\n\n\n<p>La directora del BICeB\u00e9, Susana Machicao, describi\u00f3 esta edici\u00f3n como una de las m\u00e1s especiales y desafiantes porque cada vez se hace m\u00e1s dif\u00edcil organizarla, \u201cpero seguimos creyendo que el dise\u00f1o tiene el poder de inspirar y transformar\u201d, expres\u00f3.<\/p>\n\n\n\n<p>Machicao anunci\u00f3 que la agenda 2025 incluye una programaci\u00f3n m\u00faltiple: talleres, congresos, ferias, exposiciones y una nueva propuesta que promete revolucionar la din\u00e1mica del evento: la primera marat\u00f3n de dise\u00f1o estudiantil del pa\u00eds, denominada Design Jam, que reunir\u00e1 a 80 estudiantes de distintas universidades en Cochabamba.<\/p>\n\n\n\n<p>\u201cEsta iniciativa nos ha sorprendido por la enorme respuesta de los j\u00f3venes. Nos hemos puesto en aprietos por la log\u00edstica, pero felices de ver tanto entusiasmo (\u2026). La Bienal es una fiesta, un festival que ha crecido casi de manera involuntaria. Es una celebraci\u00f3n de ideas, de mensajes visuales y de sue\u00f1os compartidos\u201d, dijo.<\/p>\n\n\n\n<p>El programa incluye exhibiciones en espacios culturales como la Fundaci\u00f3n Pati\u00f1o el Museo Nacional de Arte, el Centro Cultural de Espa\u00f1a y el Espacio K\u00fau INTI en La Paz. En tanto, en la ciudad de Cochabamba, que se suma por primera vez como sede del evento, las actividades se desarrollar\u00e1n del 23 al 24 de octubre en el Palacio Portales, el auditorio de la UPB y varios espacios de Unifranz.<\/p>\n\n\n\n<p><strong>El dise\u00f1o como fuerza que conecta talento, formaci\u00f3n y cultura<\/strong><\/p>\n\n\n\n<p>Para Pedro S\u00e1enz, vicerrector de Unifranz La Paz, el BICeB\u00e9 es la expresi\u00f3n de \u201cuna alianza que conecta talento, formaci\u00f3n y cultura para colocar a Bolivia en el mapa internacional del dise\u00f1o\u201d.<\/p>\n\n\n\n<p>En su intervenci\u00f3n, subray\u00f3 la importancia de apostar por la econom\u00eda creativa y la innovaci\u00f3n como motores del desarrollo ya que el dise\u00f1o tiene el poder para transformar realidades, para comunicar mejor, para innovar en productos y servicios y para contar historias con prop\u00f3sito.<\/p>\n\n\n\n<p>S\u00e1enz record\u00f3 que, este a\u00f1o, la Bienal contar\u00e1 con dos sedes principales \u2014La Paz y Cochabamba\u2014 y convocar\u00e1 a estudiantes, dise\u00f1adores, emprendedores y familias a sumarse a una experiencia que combina formaci\u00f3n, inspiraci\u00f3n y comunidad.<\/p>\n\n\n\n<blockquote class=\"wp-block-quote is-layout-flow wp-block-quote-is-layout-flow\">\n<p>\u201cSi alguna vez un cartel los hizo pensar diferente o una imagen los movi\u00f3 a la acci\u00f3n, este es el lugar donde tienen que estar\u201d, invit\u00f3 con una sonrisa.<\/p>\n<\/blockquote>\n\n\n\n<p><strong>Creatividad que transforma y une<\/strong><\/p>\n\n\n\n<p>El inicio del BICeB\u00e9 2025 marca no solo el arranque de una nueva edici\u00f3n, sino tambi\u00e9n la reafirmaci\u00f3n de un movimiento creativo que trasciende generaciones.<\/p>\n\n\n\n<p>En cada exposici\u00f3n, en cada taller y en cada conversaci\u00f3n, el dise\u00f1o se revela como un lenguaje universal capaz de conectar realidades, construir identidad y proyectar el talento boliviano al mundo.<\/p>\n\n\n\n<p>Como se\u00f1al\u00f3 Cuiza, \u201cla BICeB\u00e9 fomenta la disciplina, la creatividad, la cr\u00edtica constructiva y, sobre todo, el sentido de pertenencia a una comunidad de dise\u00f1adores que transforman el mundo con ideas y mensajes visuales\u201d.<\/p>\n\n\n\n<p>Finalmente, la Bienal se ha convertido en un espacio donde aprender, crear y compartir se confunden con la emoci\u00f3n de construir un pa\u00eds m\u00e1s creativo, m\u00e1s humano y m\u00e1s consciente del poder del dise\u00f1o.<\/p>","protected":false},"excerpt":{"rendered":"<p>El BICeB\u00e9 2025 celebra la creatividad boliviana: un laboratorio vivo donde el dise\u00f1o, la juventud y la innovaci\u00f3n se encuentran.<\/p>","protected":false},"author":50,"featured_media":709026,"comment_status":"open","ping_status":"open","sticky":false,"template":"","format":"standard","meta":{"_acf_changed":false,"footnotes":""},"categories":[60],"tags":[11414,412,6356,53,1422,104],"class_list":["post-709025","post","type-post","status-publish","format-standard","has-post-thumbnail","hentry","category-blog","tag-bicebe2025","tag-creatividad","tag-diseno-grafico-y-produccion-cross-media","tag-educacion","tag-innovacion-en-educacion","tag-publicidad-y-marketing"],"acf":[],"_links":{"self":[{"href":"https:\/\/unifranz.edu.bo\/pt\/wp-json\/wp\/v2\/posts\/709025","targetHints":{"allow":["GET"]}}],"collection":[{"href":"https:\/\/unifranz.edu.bo\/pt\/wp-json\/wp\/v2\/posts"}],"about":[{"href":"https:\/\/unifranz.edu.bo\/pt\/wp-json\/wp\/v2\/types\/post"}],"author":[{"embeddable":true,"href":"https:\/\/unifranz.edu.bo\/pt\/wp-json\/wp\/v2\/users\/50"}],"replies":[{"embeddable":true,"href":"https:\/\/unifranz.edu.bo\/pt\/wp-json\/wp\/v2\/comments?post=709025"}],"version-history":[{"count":2,"href":"https:\/\/unifranz.edu.bo\/pt\/wp-json\/wp\/v2\/posts\/709025\/revisions"}],"predecessor-version":[{"id":709046,"href":"https:\/\/unifranz.edu.bo\/pt\/wp-json\/wp\/v2\/posts\/709025\/revisions\/709046"}],"wp:featuredmedia":[{"embeddable":true,"href":"https:\/\/unifranz.edu.bo\/pt\/wp-json\/wp\/v2\/media\/709026"}],"wp:attachment":[{"href":"https:\/\/unifranz.edu.bo\/pt\/wp-json\/wp\/v2\/media?parent=709025"}],"wp:term":[{"taxonomy":"category","embeddable":true,"href":"https:\/\/unifranz.edu.bo\/pt\/wp-json\/wp\/v2\/categories?post=709025"},{"taxonomy":"post_tag","embeddable":true,"href":"https:\/\/unifranz.edu.bo\/pt\/wp-json\/wp\/v2\/tags?post=709025"}],"curies":[{"name":"wp","href":"https:\/\/api.w.org\/{rel}","templated":true}]}}