{"id":709007,"date":"2025-10-15T19:11:29","date_gmt":"2025-10-15T23:11:29","guid":{"rendered":"https:\/\/unifranz.edu.bo\/?p=709007"},"modified":"2025-10-15T19:11:33","modified_gmt":"2025-10-15T23:11:33","slug":"analizar-y-cuestionar-para-transformar-el-conocimiento-universitario-en-la-era-digital","status":"publish","type":"post","link":"https:\/\/unifranz.edu.bo\/pt\/blog\/analizar-y-cuestionar-para-transformar-el-conocimiento-universitario-en-la-era-digital\/","title":{"rendered":"Analizar y cuestionar para transformar el conocimiento universitario en la era digital"},"content":{"rendered":"<p>Hoy la educaci\u00f3n universitaria enfrenta uno de sus mayores desaf\u00edos: formar profesionales capaces no solo de acceder al conocimiento, sino tambi\u00e9n de comprenderlo, cuestionarlo y transformarlo. En la era digital, el an\u00e1lisis cr\u00edtico es una competencia esencial para la ense\u00f1anza universitaria, una herramienta que permite discernir entre la avalancha de datos y construir pensamiento propio.<\/p>\n\n\n\n<blockquote class=\"wp-block-quote is-layout-flow wp-block-quote-is-layout-flow\">\n<p>Mario Ariel Quispe, Jefe de Ense\u00f1anza y Aprendizaje (JEA) de la Universidad Franz Tamayo, Unifranz, sostiene que: \u201cEl an\u00e1lisis cr\u00edtico es relevante en la educaci\u00f3n actual debido a que, aunque la introducci\u00f3n de las Tecnolog\u00edas de Informaci\u00f3n y Comunicaci\u00f3n en las aulas es una realidad necesaria e imparable, su sola presencia no garantiza una mejora en los procesos de ense\u00f1anza y aprendizaje. Lo fundamental es desarrollar en los estudiantes la capacidad de reflexionar sobre el uso de estas herramientas, evaluar la informaci\u00f3n que reciben y tomar decisiones fundamentadas\u201d.<\/p>\n<\/blockquote>\n\n\n\n<p>El acceso a la tecnolog\u00eda ha transformado la educaci\u00f3n. Hoy los estudiantes universitarios cuentan con una infinidad de recursos digitales para aprender, crear y comunicar. Sin embargo, la abundancia informativa no garantiza una comprensi\u00f3n profunda. La facilidad para encontrar respuestas inmediatas ha desplazado, en muchos casos, la reflexi\u00f3n y el razonamiento. Frente a ello, el desarrollo del pensamiento cr\u00edtico se vuelve indispensable para asegurar un aprendizaje significativo y \u00e9tico.<\/p>\n\n\n\n<blockquote class=\"wp-block-quote is-layout-flow wp-block-quote-is-layout-flow\">\n<p>Quispe sostiene que la incorporaci\u00f3n de las Tecnolog\u00edas de la Informaci\u00f3n y la Comunicaci\u00f3n (TIC) en el \u00e1mbito acad\u00e9mico debe ir acompa\u00f1ada de una reflexi\u00f3n pedag\u00f3gica s\u00f3lida V.\u201cLos resultados educativos no siempre cumplen las expectativas generadas por la introducci\u00f3n de las TICel verdadero valor no est\u00e1 en la herramienta, sino en c\u00f3mo se utiliza\u201d, enfatiza.<\/p>\n<\/blockquote>\n\n\n\n<p>Desde esta perspectiva, la ense\u00f1anza universitaria necesita trascender el uso instrumental de la tecnolog\u00eda. No basta con manejar plataformas digitales o generar contenidos atractivos; se requiere orientar a los estudiantes hacia un uso cr\u00edtico, responsable y consciente de los recursos digitales. El rol del docente universitario, por tanto, es guiar, provocar el cuestionamiento y fomentar la autonom\u00eda intelectual.<\/p>\n\n\n\n<p>La UNESCO advierte que la alfabetizaci\u00f3n medi\u00e1tica y el pensamiento cr\u00edtico son competencias fundamentales para combatir la desinformaci\u00f3n y fortalecer la ciudadan\u00eda democr\u00e1tica. En el entorno universitario, estas habilidades son a\u00fan m\u00e1s relevantes: permiten a los futuros profesionales analizar la veracidad de las fuentes, reconocer sesgos, construir argumentos s\u00f3lidos y tomar decisiones informadas en contextos complejos.<\/p>\n\n\n\n<p>El an\u00e1lisis cr\u00edtico no solo implica evaluar la informaci\u00f3n, sino tambi\u00e9n adoptar una actitud reflexiva frente al conocimiento. Significa aprender a dudar, contrastar, dialogar y construir puntos de vista fundamentados. En un contexto donde la inteligencia artificial y los algoritmos filtran gran parte de lo que consumimos, ense\u00f1ar a pensar cr\u00edticamente es ense\u00f1ar a ser libres.<\/p>\n\n\n\n<p>En las universidades, como espacios de generaci\u00f3n de pensamiento, tienen la responsabilidad de promover metodolog\u00edas que estimulen la reflexi\u00f3n, el debate acad\u00e9mico, la investigaci\u00f3n aplicada, el aprendizaje basado en problemas y el trabajo colaborativo, como estrategias que fortalezcan la capacidad anal\u00edtica de los estudiantes. A trav\u00e9s de ellas, el conocimiento deja de ser mera informaci\u00f3n para convertirse en comprensi\u00f3n y acci\u00f3n transformadora.<\/p>\n\n\n\n<blockquote class=\"wp-block-quote is-layout-flow wp-block-quote-is-layout-flow\">\n<p>Para Quispe, \u201cLa pr\u00e1ctica educativa debe basarse en la evidencia y considerar los posibles efectos del uso de las TIC\u201d.<\/p>\n<\/blockquote>\n\n\n\n<p>Esto implica no idealizar la tecnolog\u00eda, sino utilizarla con criterio pedag\u00f3gico. Una universidad comprometida con el pensamiento cr\u00edtico no se mide por la cantidad de dispositivos en sus aulas, sino por la calidad del di\u00e1logo, la profundidad del an\u00e1lisis y la pertinencia del aprendizaje.<\/p>\n\n\n\n<blockquote class=\"wp-block-quote is-layout-flow wp-block-quote-is-layout-flow\">\n<p>\u201cLa tecnolog\u00eda siempre ser\u00e1 una aliada en los diversos campos del conocimiento, pero no puede reemplazar el raciocinio ni el sentido humano\u201d, concluye el acad\u00e9mico.<\/p>\n<\/blockquote>\n\n\n\n<p>Formar estudiantes cr\u00edticos es formar ciudadanos responsables, capaces de comprender el mundo y transformarlo. En la era digital, donde la inmediatez muchas veces sustituye a la reflexi\u00f3n, el an\u00e1lisis cr\u00edtico se erige como la verdadera competencia del futuro: una que no depende de algoritmos, sino del poder del pensamiento humano.<\/p>","protected":false},"excerpt":{"rendered":"<p>La universidad del futuro no se mide por sus recursos tecnol\u00f3gicos, sino por su capacidad de formar mentes cr\u00edticas. En la era digital, el an\u00e1lisis y la reflexi\u00f3n son esenciales para convertir la informaci\u00f3n en conocimiento transformador.<\/p>","protected":false},"author":51,"featured_media":709008,"comment_status":"open","ping_status":"open","sticky":false,"template":"","format":"standard","meta":{"_acf_changed":false,"footnotes":""},"categories":[60],"tags":[11491,266,53,1422,11109,11278,218,242],"class_list":["post-709007","post","type-post","status-publish","format-standard","has-post-thumbnail","hentry","category-blog","tag-analisis-critico","tag-bolivia","tag-educacion","tag-innovacion-en-educacion","tag-jovenes-2","tag-pensamiento-critico-2","tag-tecnologia","tag-unifranz"],"acf":[],"_links":{"self":[{"href":"https:\/\/unifranz.edu.bo\/pt\/wp-json\/wp\/v2\/posts\/709007","targetHints":{"allow":["GET"]}}],"collection":[{"href":"https:\/\/unifranz.edu.bo\/pt\/wp-json\/wp\/v2\/posts"}],"about":[{"href":"https:\/\/unifranz.edu.bo\/pt\/wp-json\/wp\/v2\/types\/post"}],"author":[{"embeddable":true,"href":"https:\/\/unifranz.edu.bo\/pt\/wp-json\/wp\/v2\/users\/51"}],"replies":[{"embeddable":true,"href":"https:\/\/unifranz.edu.bo\/pt\/wp-json\/wp\/v2\/comments?post=709007"}],"version-history":[{"count":1,"href":"https:\/\/unifranz.edu.bo\/pt\/wp-json\/wp\/v2\/posts\/709007\/revisions"}],"predecessor-version":[{"id":709009,"href":"https:\/\/unifranz.edu.bo\/pt\/wp-json\/wp\/v2\/posts\/709007\/revisions\/709009"}],"wp:featuredmedia":[{"embeddable":true,"href":"https:\/\/unifranz.edu.bo\/pt\/wp-json\/wp\/v2\/media\/709008"}],"wp:attachment":[{"href":"https:\/\/unifranz.edu.bo\/pt\/wp-json\/wp\/v2\/media?parent=709007"}],"wp:term":[{"taxonomy":"category","embeddable":true,"href":"https:\/\/unifranz.edu.bo\/pt\/wp-json\/wp\/v2\/categories?post=709007"},{"taxonomy":"post_tag","embeddable":true,"href":"https:\/\/unifranz.edu.bo\/pt\/wp-json\/wp\/v2\/tags?post=709007"}],"curies":[{"name":"wp","href":"https:\/\/api.w.org\/{rel}","templated":true}]}}