{"id":708988,"date":"2025-10-15T10:09:25","date_gmt":"2025-10-15T14:09:25","guid":{"rendered":"https:\/\/unifranz.edu.bo\/?p=708988"},"modified":"2025-10-17T11:37:52","modified_gmt":"2025-10-17T15:37:52","slug":"unifranz-impulsa-ciudades-verdes-una-iniciativa-que-florece-con-el-liderazgo-juvenil","status":"publish","type":"post","link":"https:\/\/unifranz.edu.bo\/pt\/blog\/unifranz-impulsa-ciudades-verdes-una-iniciativa-que-florece-con-el-liderazgo-juvenil\/","title":{"rendered":"Unifranz impulsa Ciudades Verdes, una iniciativa que florece con el liderazgo juvenil"},"content":{"rendered":"<p>Cuando era ni\u00f1o, Luciano Antelo sol\u00eda visitar la reserva municipal de vida silvestre Tucabaca, en Robor\u00e9, Santa Cruz. Entre senderos, monta\u00f1as y \u00e1rboles, descubri\u00f3 su amor por la naturaleza. A\u00f1os despu\u00e9s, ver c\u00f3mo el fuego arrasaba con esos mismos paisajes lo marc\u00f3 profundamente. La devastaci\u00f3n causada por los incendios forestales se convirti\u00f3 en una llamada a la acci\u00f3n.<\/p>\n\n\n\n<p>Con tan solo 16 a\u00f1os, Luciano decidi\u00f3 liderar un cambio. A trav\u00e9s de su programa Eco H\u00e1bitos, impuls\u00f3 una campa\u00f1a de reforestaci\u00f3n en la zona, que reuni\u00f3 a su colegio, la Gobernaci\u00f3n de Santa Cruz y a la Universidad Franz Tamayo, Unifranz, en torno a un prop\u00f3sito com\u00fan: devolverle el verde a Tucabaca. En el marco del proyecto Ciudades Verdes, lograron plantar 1.250 plantines de Ocho\u00f3, Tajibos y Jacarand\u00e1, especies nativas que simbolizan la esperanza y la resiliencia de la regi\u00f3n.<\/p>\n\n\n\n<figure class=\"wp-block-embed is-type-video is-provider-youtube wp-block-embed-youtube wp-embed-aspect-16-9 wp-has-aspect-ratio\"><div class=\"wp-block-embed__wrapper\">\n<iframe loading=\"lazy\" title=\"Ciudades Verdes Santa Cruz\" width=\"500\" height=\"281\" src=\"https:\/\/www.youtube.com\/embed\/dvS2S3_6BEU?feature=oembed\" frameborder=\"0\" allow=\"accelerometer; autoplay; clipboard-write; encrypted-media; gyroscope; picture-in-picture; web-share\" referrerpolicy=\"strict-origin-when-cross-origin\" allowfullscreen><\/iframe>\n<\/div><\/figure>\n\n\n\n<blockquote class=\"wp-block-quote is-layout-flow wp-block-quote-is-layout-flow\">\n<p>\u201cCuando era ni\u00f1o me enamor\u00e9 de los paisajes de Tucabaca. Ver c\u00f3mo los incendios arrasaban con todo lo que un d\u00eda me maravill\u00f3 fue muy duro. Por eso decid\u00ed actuar\u201d, cuenta Luciano con emoci\u00f3n, mientras comparte su deseo de inspirar a m\u00e1s j\u00f3venes a cuidar el planeta. Su historia se ha convertido en un emblema de lo que Ciudades Verdes representa: j\u00f3venes comprometidos que, desde la acci\u00f3n, construyen un futuro m\u00e1s sostenible.<\/p>\n<\/blockquote>\n\n\n\n<p>La directora de Marketing de Unifranz Santa Cruz, Carola Miranda, destac\u00f3 que este proyecto refleja la esencia del compromiso institucional con el medio ambiente. \u201cDesde la academia creemos que cada \u00e1rbol plantado representa una semilla de cambio. Ciudades Verdes es un compromiso con el planeta, pero tambi\u00e9n con la educaci\u00f3n y el liderazgo de j\u00f3venes que entienden que el futuro depende de lo que hagamos hoy\u201d.<\/p>\n\n\n\n<p>El proyecto Ciudades Verdes es una iniciativa de reforestaci\u00f3n impulsada por Unifranz con alcance local y nacional, que aspira a plantar m\u00e1s de 5 000 \u00e1rboles en La Paz, El Alto, Cochabamba y Santa Cruz. Su meta es recuperar zonas severamente afectadas por incendios forestales, fortalecer la biodiversidad regional e impulsar una cultura ambiental donde comunidades, j\u00f3venes y entidades p\u00fablicas colaboren activamente por un futuro m\u00e1s sano.<\/p>\n\n\n\n<figure class=\"wp-block-image size-large\"><img loading=\"lazy\" decoding=\"async\" width=\"1024\" height=\"576\" src=\"https:\/\/unifranz.edu.bo\/wp-content\/uploads\/2025\/10\/Picsart_25-10-15_09-59-49-163-1024x576.jpg\" alt=\"\" class=\"wp-image-708990\" srcset=\"https:\/\/unifranz.edu.bo\/wp-content\/uploads\/2025\/10\/Picsart_25-10-15_09-59-49-163-1024x576.jpg 1024w, https:\/\/unifranz.edu.bo\/wp-content\/uploads\/2025\/10\/Picsart_25-10-15_09-59-49-163-300x169.jpg 300w, https:\/\/unifranz.edu.bo\/wp-content\/uploads\/2025\/10\/Picsart_25-10-15_09-59-49-163-768x432.jpg 768w, https:\/\/unifranz.edu.bo\/wp-content\/uploads\/2025\/10\/Picsart_25-10-15_09-59-49-163-1536x864.jpg 1536w, https:\/\/unifranz.edu.bo\/wp-content\/uploads\/2025\/10\/Picsart_25-10-15_09-59-49-163-18x10.jpg 18w, https:\/\/unifranz.edu.bo\/wp-content\/uploads\/2025\/10\/Picsart_25-10-15_09-59-49-163.jpg 1920w\" sizes=\"auto, (max-width: 1024px) 100vw, 1024px\" \/><figcaption class=\"wp-element-caption\">Estudiantes voluntarias del Colegio Marista<\/figcaption><\/figure>\n\n\n\n<blockquote class=\"wp-block-quote is-layout-flow wp-block-quote-is-layout-flow\">\n<p>Por su parte, Mary Luz Rivero, secretaria departamental de Desarrollo Sostenible y Medio Ambiente, resalt\u00f3 la labor conjunta de las instituciones y el valor del liderazgo juvenil. \u201cComo Gobernaci\u00f3n, apoyamos y celebramos el compromiso de j\u00f3venes como Luciano Antelo, que con su ejemplo inspiran a toda una generaci\u00f3n a proteger nuestros bosques. Iniciativas como Ciudades Verdes, impulsada por Unifranz, nos recuerdan que restaurar la naturaleza es tambi\u00e9n restaurar la esperanza\u201d.<\/p>\n<\/blockquote>\n\n\n\n<p>Bolivia ha enfrentado incendios devastadores: solo en 2024 se quemaron m\u00e1s de 10 millones de hect\u00e1reas, principalmente en los departamentos de Santa Cruz y Beni. La Chiquitania, perteneciente al departamento cruce\u00f1o, concentra m\u00e1s del 76 % de la p\u00e9rdida de bosques en per\u00edodos recientes, lo que pone en riesgo cientos de especies y ecosistemas nativos.<\/p>\n\n\n\n<p>El sue\u00f1o de Luciano y de cientos de j\u00f3venes como \u00e9l demuestra que la sostenibilidad comienza con peque\u00f1as acciones que pueden transformar realidades. Tucabaca vuelve a florecer, y con ella, florece tambi\u00e9n la convicci\u00f3n de que un futuro m\u00e1s verde es posible si lo construimos juntos.<\/p>","protected":false},"excerpt":{"rendered":"<p>Cuando era ni\u00f1o, Luciano Antelo sol\u00eda visitar la reserva municipal de vida silvestre Tucabaca, en Robor\u00e9, Santa Cruz. Entre senderos, monta\u00f1as y \u00e1rboles, descubri\u00f3 su amor por la naturaleza. A\u00f1os despu\u00e9s, ver c\u00f3mo el fuego arrasaba con esos mismos paisajes lo marc\u00f3 profundamente. La devastaci\u00f3n causada por los incendios forestales se convirti\u00f3 en una llamada &hellip; <a href=\"https:\/\/unifranz.edu.bo\/pt\/blog\/unifranz-impulsa-ciudades-verdes-una-iniciativa-que-florece-con-el-liderazgo-juvenil\/\">Continued<\/a><\/p>","protected":false},"author":33,"featured_media":708989,"comment_status":"open","ping_status":"open","sticky":false,"template":"","format":"standard","meta":{"_acf_changed":false,"footnotes":""},"categories":[2576,60,11489],"tags":[11397,43,4838,242,3624],"class_list":["post-708988","post","type-post","status-publish","format-standard","has-post-thumbnail","hentry","category-unifranz-santa-cruz","category-blog","category-ciudades-verdes","tag-ciudades-verdes","tag-santa-cruz","tag-sostenibilidad","tag-unifranz","tag-unifranz-santa-cruz"],"acf":[],"_links":{"self":[{"href":"https:\/\/unifranz.edu.bo\/pt\/wp-json\/wp\/v2\/posts\/708988","targetHints":{"allow":["GET"]}}],"collection":[{"href":"https:\/\/unifranz.edu.bo\/pt\/wp-json\/wp\/v2\/posts"}],"about":[{"href":"https:\/\/unifranz.edu.bo\/pt\/wp-json\/wp\/v2\/types\/post"}],"author":[{"embeddable":true,"href":"https:\/\/unifranz.edu.bo\/pt\/wp-json\/wp\/v2\/users\/33"}],"replies":[{"embeddable":true,"href":"https:\/\/unifranz.edu.bo\/pt\/wp-json\/wp\/v2\/comments?post=708988"}],"version-history":[{"count":2,"href":"https:\/\/unifranz.edu.bo\/pt\/wp-json\/wp\/v2\/posts\/708988\/revisions"}],"predecessor-version":[{"id":709053,"href":"https:\/\/unifranz.edu.bo\/pt\/wp-json\/wp\/v2\/posts\/708988\/revisions\/709053"}],"wp:featuredmedia":[{"embeddable":true,"href":"https:\/\/unifranz.edu.bo\/pt\/wp-json\/wp\/v2\/media\/708989"}],"wp:attachment":[{"href":"https:\/\/unifranz.edu.bo\/pt\/wp-json\/wp\/v2\/media?parent=708988"}],"wp:term":[{"taxonomy":"category","embeddable":true,"href":"https:\/\/unifranz.edu.bo\/pt\/wp-json\/wp\/v2\/categories?post=708988"},{"taxonomy":"post_tag","embeddable":true,"href":"https:\/\/unifranz.edu.bo\/pt\/wp-json\/wp\/v2\/tags?post=708988"}],"curies":[{"name":"wp","href":"https:\/\/api.w.org\/{rel}","templated":true}]}}