{"id":708980,"date":"2025-10-14T22:57:25","date_gmt":"2025-10-15T02:57:25","guid":{"rendered":"https:\/\/unifranz.edu.bo\/?p=708980"},"modified":"2025-10-14T22:57:29","modified_gmt":"2025-10-15T02:57:29","slug":"bicebe-2025-reunira-a-referentes-internacionales-y-talentos-bolivianos-en-la-mayor-cita-del-diseno-grafico","status":"publish","type":"post","link":"https:\/\/unifranz.edu.bo\/pt\/blog\/bicebe-2025-reunira-a-referentes-internacionales-y-talentos-bolivianos-en-la-mayor-cita-del-diseno-grafico\/","title":{"rendered":"BICeB\u00e9 2025 reunir\u00e1 a referentes internacionales y talentos bolivianos en la mayor cita del dise\u00f1o gr\u00e1fico"},"content":{"rendered":"<p>La <strong>Bienal del Cartel Bolivia \u2013 BICeB\u00e9 2025<\/strong> convertir\u00e1 a La Paz y Cochabamba en epicentros de la creatividad y la comunicaci\u00f3n visual en Latinoam\u00e9rica. Talleres, conferencias, charlas y exposiciones pondr\u00e1n en di\u00e1logo a dise\u00f1adores internacionales con destacados creativos bolivianos, en un espacio donde convergen diversidad cultural, nuevas tecnolog\u00edas y reflexi\u00f3n cr\u00edtica sobre el papel del dise\u00f1o en la sociedad.<\/p>\n\n\n\n<p>Comenzando el 20 de octubre en La Paz y el 23 de octubre en Cochabamba, la BICeB\u00e9 recibir\u00e1 a la artista espa\u00f1ola <strong>Alex Hug<\/strong>, reconocida por su trabajo en reciclaje textil y sostenibilidad, quien liderar\u00e1 el taller <em>\u201cEmociones entrelazadas\u201d<\/em>, en el que explorar\u00e1 el valor simb\u00f3lico de los tejidos reutilizados como materia expresiva. Adem\u00e1s, presentar\u00e1 la conferencia <em>\u201cLiving Sculptures\u201d<\/em>, donde compartir\u00e1 c\u00f3mo transforma objetos olvidados en esculturas vivas cargadas de historias y emociones.<\/p>\n\n\n\n<p>Desde Brasil, el estratega de marcas <strong>Ronald Kapaz<\/strong> presentar\u00e1 el taller <em>\u201cEl Branding y el Transition Design\u00ae\u201d<\/em>, que invita a pensar m\u00e1s all\u00e1 del resultado financiero y a trabajar con prop\u00f3sito cultural y social. Su conferencia <em>\u201cEl tema de nuestro tiempo\u201d<\/em> reflexionar\u00e1 sobre los grandes desaf\u00edos que enfrentan los dise\u00f1adores en el siglo XXI.<\/p>\n\n\n\n<p>Tambi\u00e9n brasile\u00f1a, <strong>Cyla Costa<\/strong> ofrecer\u00e1 el taller <em>\u201cLetras intr\u00e9pidas\u201d<\/em> y dos conferencias que ponen en valor su mirada como mujer latina en el mundo del <em>lettering<\/em>: <em>\u201cLetras y ra\u00edces: dise\u00f1o con acento latino\u201d<\/em> y <em>\u201cDe letra a letra: tipograf\u00eda con expresi\u00f3n y cultura\u201d<\/em>. Sus proyectos, profundamente autorales, han convertido a Costa en una de las voces m\u00e1s representativas del dise\u00f1o tipogr\u00e1fico contempor\u00e1neo.<\/p>\n\n\n\n<p>La japonesa <strong>Tomoko Miyagawa<\/strong> invitar\u00e1 a los participantes a experimentar con materiales poco&nbsp;<\/p>\n\n\n\n<p>convencionales en el taller <em>\u201cEl poder de la tinta\u201d<\/em>. En paralelo, contar\u00e1 en su conferencia la experiencia de organizar la exposici\u00f3n <em>\u201cWorld Female Poster Designer\u201d<\/em> en Jap\u00f3n, un evento que abri\u00f3 debates sobre g\u00e9nero, censura y representaci\u00f3n.<\/p>\n\n\n\n<p>El alem\u00e1n <strong>G\u00f6tz Gramlich<\/strong>, director de la Bienal de Dise\u00f1o de Heidelberg, guiar\u00e1 el taller <em>\u201cAlegor\u00edas que arrasan\u201d<\/em>, donde los participantes explorar\u00e1n el cartel desde la experimentaci\u00f3n l\u00fadica. En su conferencia <em>\u201cLa b\u00fasqueda interminable de los enfoques hol\u00edsticos en el dise\u00f1o\u201d<\/em>, reflexionar\u00e1 sobre c\u00f3mo equilibrar est\u00e9tica, funcionalidad y relevancia social.<\/p>\n\n\n\n<p>La peruana <strong>Ver\u00f3nica Majluf<\/strong>, referente indiscutible del dise\u00f1o gr\u00e1fico en su pa\u00eds, impartir\u00e1 el taller <em>\u201cFound Letter\u201d<\/em> y ofrecer\u00e1 conferencias como <em>\u201cDise\u00f1amos ideas\u201d<\/em> e <em>\u201cInicio, proceso y hoy\u201d<\/em>, donde abordar\u00e1 su proceso creativo y el impacto del dise\u00f1o como herramienta transformadora.<\/p>\n\n\n\n<p>Desde Argentina, <strong>Esteban Ibarra<\/strong> dirigir\u00e1 el taller <em>\u201cDel signo al s\u00edmbolo\u201d<\/em>, sobre la construcci\u00f3n de logotipos con impronta personal. En sus charlas, como <em>\u201cDetener la forma\u201d<\/em>, reflexionar\u00e1 sobre el momento preciso en que un proyecto debe considerarse terminado.<\/p>\n\n\n\n<p>Otros invitados destacados son el mexicano <strong>Jorge Gamboa<\/strong>, experto en carteles de alto contenido conceptual; el nicarag\u00fcense <strong>Edwin Moreira<\/strong>, que rescatar\u00e1 la riqueza de la tipograf\u00eda vernacular centroamericana; y los mexicanos <strong>Lex &amp; Mono<\/strong>, quienes introducir\u00e1n a los asistentes al mundo de los NFTs y la econom\u00eda digital en el dise\u00f1o.<\/p>\n\n\n\n<p>Pero la BICeB\u00e9 tambi\u00e9n celebra el talento nacional. Entre los bolivianos presentes figura <strong>Franz Freudenthal<\/strong>, reconocido cardi\u00f3logo e inventor que ha salvado miles de vidas con dispositivos m\u00e9dicos elaborados artesanalmente por mujeres aymaras. Su conferencia <em>\u201cTejiendo vidas\u201d<\/em> ser\u00e1 una invitaci\u00f3n a pensar en el dise\u00f1o como puente entre ciencia, tecnolog\u00eda y saberes ancestrales.<\/p>\n\n\n\n<p>En el campo del dise\u00f1o gr\u00e1fico y la ilustraci\u00f3n, destacan <strong>Alfredo Rom\u00e1n, Camila Rojas y Alejandra Salvatierra<\/strong>, quienes dictar\u00e1n el taller <em>\u201cDel dise\u00f1o al arte\u201d<\/em>, un espacio para explorar los l\u00edmites entre ambas disciplinas. Salvatierra tambi\u00e9n liderar\u00e1 el taller <em>\u201cGimnasia creativa\u201d<\/em>, orientado a vencer bloqueos y entrenar la imaginaci\u00f3n.<\/p>\n\n\n\n<p>El dise\u00f1ador boliviano <strong>Noel Barr\u00f3n<\/strong> presentar\u00e1 el taller <em>\u201cStreet Beer Label\u201d<\/em>, que busca transformar materiales encontrados en la calle en etiquetas creativas de cerveza artesanal, y dar\u00e1 la charla <em>\u201cPensadores visuales\u201d<\/em>, sobre el futuro del dise\u00f1o gr\u00e1fico en un contexto marcado por la inteligencia artificial.<\/p>\n\n\n\n<p>Tambi\u00e9n estar\u00e1n <strong>Rebeca y Elo\u00edsa Paz<\/strong>, quienes compartir\u00e1n <em>\u201cLa gran rizima\u201d<\/em>, una reflexi\u00f3n sobre el proceso creativo en dise\u00f1o editorial; el colectivo <strong>Pimienta Estudio Creativo<\/strong>, con su charla <em>\u201cCreatividad neurodiversa\u201d<\/em>; y el artista <strong>Adri\u00e1n Gonzales \u201cRoco\u201d<\/strong>, que ofrecer\u00e1 tanto un taller inclusivo para ni\u00f1os no videntes como la charla \u00edntima <em>\u201cSalto al vac\u00edo\u201d<\/em>.<\/p>\n\n\n\n<p>La BICeB\u00e9 se completa con charlas de <strong>Camila Rojas<\/strong>, enfocadas en la espontaneidad del proceso creativo; exposiciones internacionales de cartel; y el <strong>DesignJam<\/strong>, una marat\u00f3n de dise\u00f1o gr\u00e1fico para j\u00f3venes estudiantes que desafiar\u00e1 la rapidez y el pensamiento colectivo.<\/p>\n\n\n\n<p><strong>Alianza estrat\u00e9gica<\/strong><\/p>\n\n\n\n<p>En este escenario de intercambio cultural y profesional, la <strong>Universidad Franz Tamayo, Unifranz<\/strong>, juega un rol central como una de las principales sedes y organizadora. Sus espacios en La Paz y Cochabamba albergar\u00e1n varios de los talleres y conferencias m\u00e1s esperados, reforzando su compromiso con la innovaci\u00f3n educativa y la conexi\u00f3n de sus estudiantes con referentes globales.<\/p>\n\n\n\n<p>Esta colaboraci\u00f3n refuerza su compromiso con una formaci\u00f3n transformadora, donde los estudiantes acceden a experiencias globales.<\/p>\n\n\n\n<p>\u201cUna misi\u00f3n de la universidad es internacionalizar a nuestros estudiantes, y este evento es la plataforma perfecta para lograrlo\u201d, afirma Alejandra Basta, directora de Dise\u00f1o Gr\u00e1fico y Producci\u00f3n Crossmedia.&nbsp;<\/p>\n\n\n\n<p>La BICeB\u00e9 se proyecta como un detonador de ideas y creatividad. Basta subraya que \u201csi me relaciono con gente diferente, voy a lugares distintos y me enfrento a nuevos paisajes, eso ya genera un terreno f\u00e9rtil para nuevas ideas\u201d. La edici\u00f3n 2025 incluir\u00e1 un Congreso Internacional de Dise\u00f1o, actividades de networking y exhibiciones que celebran la sostenibilidad, la interculturalidad y la responsabilidad social. Para Unifranz, esta alianza reafirma su misi\u00f3n de formar profesionales globales y visibilizar la creatividad boliviana en escenarios internacionales.<\/p>","protected":false},"excerpt":{"rendered":"<p>BICeB\u00e9 2025 reunir\u00e1 en Bolivia a referentes del dise\u00f1o gr\u00e1fico mundial y talentos nacionales en un encuentro de creatividad, innovaci\u00f3n y cultura.<\/p>","protected":false},"author":50,"featured_media":708981,"comment_status":"open","ping_status":"open","sticky":false,"template":"","format":"standard","meta":{"_acf_changed":false,"footnotes":""},"categories":[60],"tags":[11455,11456,6356,53,1422,242,11413],"class_list":["post-708980","post","type-post","status-publish","format-standard","has-post-thumbnail","hentry","category-blog","tag-bicebe-2025","tag-bienal-del-diseno-y-cartel-bolivia-2025","tag-diseno-grafico-y-produccion-cross-media","tag-educacion","tag-innovacion-en-educacion","tag-unifranz","tag-unifranzesbicebe"],"acf":[],"_links":{"self":[{"href":"https:\/\/unifranz.edu.bo\/pt\/wp-json\/wp\/v2\/posts\/708980","targetHints":{"allow":["GET"]}}],"collection":[{"href":"https:\/\/unifranz.edu.bo\/pt\/wp-json\/wp\/v2\/posts"}],"about":[{"href":"https:\/\/unifranz.edu.bo\/pt\/wp-json\/wp\/v2\/types\/post"}],"author":[{"embeddable":true,"href":"https:\/\/unifranz.edu.bo\/pt\/wp-json\/wp\/v2\/users\/50"}],"replies":[{"embeddable":true,"href":"https:\/\/unifranz.edu.bo\/pt\/wp-json\/wp\/v2\/comments?post=708980"}],"version-history":[{"count":1,"href":"https:\/\/unifranz.edu.bo\/pt\/wp-json\/wp\/v2\/posts\/708980\/revisions"}],"predecessor-version":[{"id":708982,"href":"https:\/\/unifranz.edu.bo\/pt\/wp-json\/wp\/v2\/posts\/708980\/revisions\/708982"}],"wp:featuredmedia":[{"embeddable":true,"href":"https:\/\/unifranz.edu.bo\/pt\/wp-json\/wp\/v2\/media\/708981"}],"wp:attachment":[{"href":"https:\/\/unifranz.edu.bo\/pt\/wp-json\/wp\/v2\/media?parent=708980"}],"wp:term":[{"taxonomy":"category","embeddable":true,"href":"https:\/\/unifranz.edu.bo\/pt\/wp-json\/wp\/v2\/categories?post=708980"},{"taxonomy":"post_tag","embeddable":true,"href":"https:\/\/unifranz.edu.bo\/pt\/wp-json\/wp\/v2\/tags?post=708980"}],"curies":[{"name":"wp","href":"https:\/\/api.w.org\/{rel}","templated":true}]}}