{"id":708969,"date":"2025-10-14T18:18:58","date_gmt":"2025-10-14T22:18:58","guid":{"rendered":"https:\/\/unifranz.edu.bo\/?p=708969"},"modified":"2025-10-14T18:19:02","modified_gmt":"2025-10-14T22:19:02","slug":"unifranz-crea-un-comite-de-etica-como-compromiso-con-la-investigacion-responsable","status":"publish","type":"post","link":"https:\/\/unifranz.edu.bo\/pt\/blog\/unifranz-crea-un-comite-de-etica-como-compromiso-con-la-investigacion-responsable\/","title":{"rendered":"Unifranz crea un Comit\u00e9 de \u00c9tica como compromiso con la investigaci\u00f3n responsable"},"content":{"rendered":"<p>En un paso decisivo hacia la consolidaci\u00f3n de una cultura de investigaci\u00f3n responsable y con principios, la Universidad Franz Tamayo (Unifranz) present\u00f3 oficialmente su Comit\u00e9 de \u00c9tica en Investigaci\u00f3n. Esta instancia tiene como objetivo garantizar que todos los proyectos desarrollados en la instituci\u00f3n cumplan con los m\u00e1s altos est\u00e1ndares \u00e9ticos y cient\u00edficos.<\/p>\n\n\n\n<p><\/p>\n\n\n\n<blockquote class=\"wp-block-quote is-layout-flow wp-block-quote-is-layout-flow\">\n<p>\u201cFormar un Comit\u00e9 de \u00c9tica en Unifranz es importante. Primero, porque ya tenemos un espacio donde se analizan en profundidad todos aquellos valores que forman parte de la \u00e9tica. Segundo, porque representa un buen ejemplo de c\u00f3mo estamos construyendo la \u00e9tica dentro de la universidad\u201d, se\u00f1al\u00f3 Carlos Dabdoub Arrien, vicerrector de Unifranz Santa Cruz.<\/p>\n<\/blockquote>\n\n\n\n<p><\/p>\n\n\n\n<p>El doctor Carlos G\u00f3mez Restrepo, decano de la Facultad de Medicina de la Pontificia Universidad Javeriana e investigador principal del Centro NIHR LATAM, destac\u00f3 que la creaci\u00f3n del comit\u00e9 refleja el avance de Unifranz en materia de investigaci\u00f3n. Afirm\u00f3 que se abre la puerta a una mayor colaboraci\u00f3n regional.&nbsp;<\/p>\n\n\n\n<p><\/p>\n\n\n\n<blockquote class=\"wp-block-quote is-layout-flow wp-block-quote-is-layout-flow\">\n<p>\u201cLa existencia de un Comit\u00e9 de \u00c9tica demuestra el desarrollo de una universidad y su madurez investigativa. Es clave para fomentar estrategias que impulsen la reflexi\u00f3n sobre la legislaci\u00f3n nacional y las buenas pr\u00e1cticas con los participantes de investigaci\u00f3n\u201d, destac\u00f3.<\/p>\n<\/blockquote>\n\n\n\n<p><\/p>\n\n\n\n<p>Este importante avance es fruto de un programa financiado por el Instituto Nacional para la Investigaci\u00f3n y Atenci\u00f3n en Salud (NIHR), liderado por la Queen Mary University de Londres, en alianza con Unifranz (Bolivia), la Pontificia Universidad Javeriana (Colombia) y la Universidad Rafael Land\u00edvar (Guatemala). El proyecto NIHR LATAM busca promover una investigaci\u00f3n \u00e9tica, rigurosa y de vanguardia para la regi\u00f3n.<\/p>\n\n\n\n<p><\/p>\n\n\n\n<p>El acto de presentaci\u00f3n se realiz\u00f3 en el campus de Unifranz Santa Cruz y cont\u00f3 con la participaci\u00f3n de autoridades acad\u00e9micas, investigadores y representantes de universidades aliadas de distintos pa\u00edses.<\/p>\n\n\n\n<p><\/p>\n\n\n\n<h2 class=\"wp-block-heading\"><strong>La importancia del Comit\u00e9<\/strong><\/h2>\n\n\n\n<p><\/p>\n\n\n\n<p>Con la creaci\u00f3n de este comit\u00e9 se abre un espacio de reflexi\u00f3n y acompa\u00f1amiento para todos aquellos que hacen investigaci\u00f3n. M\u00e1s que un ente regulador, ser\u00e1 un punto de encuentro entre la ciencia y la \u00e9tica.<\/p>\n\n\n\n<p><\/p>\n\n\n\n<blockquote class=\"wp-block-quote is-layout-flow wp-block-quote-is-layout-flow\">\n<p>\u201cEl Comit\u00e9 de \u00c9tica es importante porque atraer\u00e1 varias investigaciones que ser\u00e1n revisadas por este ente regulador. Los protocolos de investigaci\u00f3n tienen muchos pasos a seguir, varios filtros que nos ayudan al seguimiento y as\u00ed tener un mejor control, una mayor regulaci\u00f3n y verificar que las investigaciones cumplan con los principios \u00e9ticos necesarios para realizar estudios en seres humanos\u201d, explic\u00f3 Dailyn Llanos, licenciada en Bioqu\u00edmica y Farmacia y representante del comit\u00e9.<\/p>\n<\/blockquote>\n\n\n\n<p><\/p>\n\n\n\n<figure class=\"wp-block-embed is-type-video is-provider-youtube wp-block-embed-youtube wp-embed-aspect-16-9 wp-has-aspect-ratio\"><div class=\"wp-block-embed__wrapper\">\n<iframe loading=\"lazy\" title=\"Bolivia da un paso hacia la ciencia \u00e9tica: Unifranz crea un Comit\u00e9 de \u00c9tica\" width=\"500\" height=\"281\" src=\"https:\/\/www.youtube.com\/embed\/op1MfAp4v8w?feature=oembed\" frameborder=\"0\" allow=\"accelerometer; autoplay; clipboard-write; encrypted-media; gyroscope; picture-in-picture; web-share\" referrerpolicy=\"strict-origin-when-cross-origin\" allowfullscreen><\/iframe>\n<\/div><\/figure>\n\n\n\n<p><\/p>\n\n\n\n<p>Sin embargo, la labor del Comit\u00e9 no se limita a la regulaci\u00f3n. Seg\u00fan Llanos, aunque su funci\u00f3n principal es dar seguimiento a los protocolos, tambi\u00e9n tiene el objetivo de convertirse en un espacio formativo y de di\u00e1logo interdisciplinario. Bajo esta visi\u00f3n, el comit\u00e9 busca contribuir a la formaci\u00f3n \u00e9tica de la comunidad universitaria, promoviendo charlas, talleres y propuestas acad\u00e9micas sobre \u00e9tica en la investigaci\u00f3n, tanto en programas de pregrado como de posgrado.<\/p>\n\n\n\n<p><\/p>\n\n\n\n<h2 class=\"wp-block-heading\"><strong>La \u00e9tica como sello institucional<\/strong><\/h2>\n\n\n\n<p><\/p>\n\n\n\n<p>\u201cLa \u00e9tica y la investigaci\u00f3n son fundamentales; forman parte del ADN de Unifranz. Nuestro prop\u00f3sito no es solo formar profesionales competentes, sino tambi\u00e9n ciudadanos con principios y valores\u201d, afirm\u00f3 Carlos Dabdoub. Subray\u00f3 que la conformaci\u00f3n del Comit\u00e9 de \u00c9tica representa \u201cuna expresi\u00f3n concreta de c\u00f3mo la universidad institucionaliza la \u00e9tica como parte de su marca acad\u00e9mica\u201d.<\/p>\n\n\n\n<p><\/p>\n\n\n\n<p>Por su parte, Luc\u00eda Alvarado, coordinadora nacional de Investigaci\u00f3n de Unifranz y gerente regional del Centro NIHR en Bolivia, explic\u00f3 que el comit\u00e9 no s\u00f3lo evaluar\u00e1 los proyectos, sino que tambi\u00e9n supervisar\u00e1 su desarrollo \u00e9tico a lo largo de todo el proceso de investigaci\u00f3n. El acompa\u00f1amiento garantizar\u00e1 el respeto a los derechos de las personas participantes.&nbsp;<\/p>\n\n\n\n<p><\/p>\n\n\n\n<blockquote class=\"wp-block-quote is-layout-flow wp-block-quote-is-layout-flow\">\n<p>\u201cCualquier investigaci\u00f3n que involucre a seres humanos debe pasar por la evaluaci\u00f3n del comit\u00e9 desde su etapa de dise\u00f1o. Se revisan aspectos como la confidencialidad de los datos, el trato a poblaciones vulnerables y el cumplimiento de principios \u00e9ticos internacionales\u201d, puntualiz\u00f3.<\/p>\n<\/blockquote>\n\n\n\n<p><\/p>\n\n\n\n<h2 class=\"wp-block-heading\"><strong>Un equipo interdisciplinario<\/strong><\/h2>\n\n\n\n<p><\/p>\n\n\n\n<p>El Comit\u00e9 de \u00c9tica est\u00e1 conformado por un equipo de expertos provenientes de diversas \u00e1reas del conocimiento, comprometidos con la integridad, la rigurosidad y la responsabilidad cient\u00edfica. Este grupo multidisciplinario refleja la diversidad de perspectivas necesarias para abordar los desaf\u00edos \u00e9ticos de la investigaci\u00f3n contempor\u00e1nea.<\/p>\n\n\n\n<p><\/p>\n\n\n\n<p>Entre sus integrantes se encuentran Dailyn Llanos, bioqu\u00edmica farmac\u00e9utica con formaci\u00f3n en bio\u00e9tica; el Dr. Edwin Mauricio Rossel del Castillo, abogado especializado en \u00e9tica institucional y gesti\u00f3n universitaria; la Dra. Marianela D\u00edaz Carrasco, investigadora en ciencias sociales y estudios de g\u00e9nero; la Dra. Irenice Coronado Arr\u00e1zola, cient\u00edfica en biolog\u00eda molecular y microbiolog\u00eda; el Dr. Willy Bustillos T., investigador en ciencias biom\u00e9dicas; el Dr. Juan Pablo Escalera Antezana, experto en salud p\u00fablica y biolog\u00eda molecular; y el Dr. Mauricio Vicente \u00c1guila G\u00f3mez, m\u00e9dico cirujano y docente comprometido con la \u00e9tica m\u00e9dica.<\/p>\n\n\n\n<p><\/p>\n\n\n\n<p>Como destac\u00f3 Llanos, \u201cla bio\u00e9tica nos permite pensar la ciencia no solo como conocimiento, sino como un acto responsable y humano que impacta en la vida de las personas\u201d. Esta visi\u00f3n resume el esp\u00edritu del comit\u00e9, que busca integrar la \u00e9tica, la ciencia y el compromiso humano en cada investigaci\u00f3n desarrollada dentro de la comunidad universitaria.<\/p>\n\n\n\n<p><\/p>\n\n\n\n<h2 class=\"wp-block-heading\"><strong>Un paso hacia la internacionalizaci\u00f3n de la investigaci\u00f3n<\/strong><\/h2>\n\n\n\n<p><\/p>\n\n\n\n<p>El Dr. Carlos G\u00f3mez Restrepo destac\u00f3 la dimensi\u00f3n internacional del proyecto, que promueve la cooperaci\u00f3n entre instituciones de Guatemala, Inglaterra, Colombia y Bolivia.&nbsp;<\/p>\n\n\n\n<p><\/p>\n\n\n\n<blockquote class=\"wp-block-quote is-layout-flow wp-block-quote-is-layout-flow\">\n<p>\u201cBuscamos fortalecer las capacidades t\u00e9cnicas en bio\u00e9tica, epidemiolog\u00eda cl\u00ednica, bioestad\u00edstica, econom\u00eda de la salud y ciencia de datos, con el fin de realizar investigaciones que mejoren las condiciones de salud en la regi\u00f3n\u201d, explic\u00f3.<\/p>\n<\/blockquote>\n\n\n\n<p><\/p>\n\n\n\n<p>A su vez, Eduardo D\u00edaz Amado, director del Instituto de Bio\u00e9tica de la Javeriana, se\u00f1al\u00f3 que desde Colombia se apuesta no solo por el campo biom\u00e9dico, sino tambi\u00e9n por las ciencias sociales. Esto representa uno de los primeros retos asumidos por el comit\u00e9 creado en Unifranz.<\/p>\n\n\n\n<p><\/p>\n\n\n\n<blockquote class=\"wp-block-quote is-layout-flow wp-block-quote-is-layout-flow\">\n<p>\u201cUn comit\u00e9 de \u00e9tica en el \u00e1mbito cl\u00ednico o en investigaci\u00f3n, como el que presentamos hoy, es un espacio pol\u00edticamente importante. Genera una redistribuci\u00f3n de relaciones de poder, y eso hay que entenderlo: no se trata solo de cumplir un protocolo, sino de generar influencia real en las instituciones\u201d, sostuvo.<\/p>\n<\/blockquote>\n\n\n\n<p><\/p>\n\n\n\n<p>Con esta iniciativa, Unifranz refuerza su liderazgo en la formaci\u00f3n de profesionales y cient\u00edficos comprometidos con la sociedad y con la integridad del conocimiento. El nuevo Comit\u00e9 de \u00c9tica en Investigaci\u00f3n no solo marcar\u00e1 un precedente dentro de la universidad, sino que tambi\u00e9n aspira a convertirse en un modelo de referencia para otras instituciones del pa\u00eds y de la regi\u00f3n.<\/p>\n\n\n\n<p><\/p>","protected":false},"excerpt":{"rendered":"<p>Bolivia fortalece la investigaci\u00f3n \u00e9tica: Unifranz lanza Comit\u00e9 de \u00c9tica para proyectos responsables y con respeto a los participantes.<\/p>","protected":false},"author":53,"featured_media":708970,"comment_status":"open","ping_status":"open","sticky":false,"template":"","format":"standard","meta":{"_acf_changed":false,"footnotes":""},"categories":[60],"tags":[756,310,11479,53,386,1422,7764,11332,9318,124,218,242],"class_list":["post-708969","post","type-post","status-publish","format-standard","has-post-thumbnail","hentry","category-blog","tag-centro-de-idiomas","tag-colombia","tag-comite-de-etica","tag-educacion","tag-estudiantes","tag-innovacion-en-educacion","tag-investigacion-cientifica","tag-nihr-latam","tag-pontificia-universidad-javeriana-de-colombia","tag-salud","tag-tecnologia","tag-unifranz"],"acf":[],"_links":{"self":[{"href":"https:\/\/unifranz.edu.bo\/pt\/wp-json\/wp\/v2\/posts\/708969","targetHints":{"allow":["GET"]}}],"collection":[{"href":"https:\/\/unifranz.edu.bo\/pt\/wp-json\/wp\/v2\/posts"}],"about":[{"href":"https:\/\/unifranz.edu.bo\/pt\/wp-json\/wp\/v2\/types\/post"}],"author":[{"embeddable":true,"href":"https:\/\/unifranz.edu.bo\/pt\/wp-json\/wp\/v2\/users\/53"}],"replies":[{"embeddable":true,"href":"https:\/\/unifranz.edu.bo\/pt\/wp-json\/wp\/v2\/comments?post=708969"}],"version-history":[{"count":1,"href":"https:\/\/unifranz.edu.bo\/pt\/wp-json\/wp\/v2\/posts\/708969\/revisions"}],"predecessor-version":[{"id":708972,"href":"https:\/\/unifranz.edu.bo\/pt\/wp-json\/wp\/v2\/posts\/708969\/revisions\/708972"}],"wp:featuredmedia":[{"embeddable":true,"href":"https:\/\/unifranz.edu.bo\/pt\/wp-json\/wp\/v2\/media\/708970"}],"wp:attachment":[{"href":"https:\/\/unifranz.edu.bo\/pt\/wp-json\/wp\/v2\/media?parent=708969"}],"wp:term":[{"taxonomy":"category","embeddable":true,"href":"https:\/\/unifranz.edu.bo\/pt\/wp-json\/wp\/v2\/categories?post=708969"},{"taxonomy":"post_tag","embeddable":true,"href":"https:\/\/unifranz.edu.bo\/pt\/wp-json\/wp\/v2\/tags?post=708969"}],"curies":[{"name":"wp","href":"https:\/\/api.w.org\/{rel}","templated":true}]}}