{"id":708930,"date":"2025-10-12T10:23:23","date_gmt":"2025-10-12T14:23:23","guid":{"rendered":"https:\/\/unifranz.edu.bo\/?p=708930"},"modified":"2025-10-14T18:48:08","modified_gmt":"2025-10-14T22:48:08","slug":"creatividad-imaginacion-y-tecnologia-potencian-el-diseno-grafico-en-la-era-digital","status":"publish","type":"post","link":"https:\/\/unifranz.edu.bo\/pt\/blog\/creatividad-imaginacion-y-tecnologia-potencian-el-diseno-grafico-en-la-era-digital\/","title":{"rendered":"Creatividad, imaginaci\u00f3n y tecnolog\u00eda potencian el dise\u00f1o gr\u00e1fico en la era digital"},"content":{"rendered":"<p>La creatividad, en la actualidad, ha dejado de ser un proceso exclusivamente humano para convertirse en una sinergia entre la imaginaci\u00f3n y la tecnolog\u00eda. Hoy, la inteligencia artificial (IA) se posiciona como una herramienta fundamental dentro del \u00e1mbito del dise\u00f1o gr\u00e1fico, la producci\u00f3n audiovisual y las artes visuales. Este fen\u00f3meno, conocido como creatividad asistida por tecnolog\u00eda, fortalece la forma en que los dise\u00f1adores conciben, desarrollan y materializan sus ideas.<\/p>\n\n\n\n<p>Reynaldo Mallea, docente de la carrera de Dise\u00f1o Gr\u00e1fico y Producci\u00f3n Cross Media de la Universidad Franz Tamayo, Unifranz, sostiene que el dise\u00f1o potenciado por inteligencia artificial representa una nueva etapa en la evoluci\u00f3n del pensamiento creativo, en la que las herramientas tecnol\u00f3gicas se convierten en aliadas estrat\u00e9gicas para optimizar los procesos de ideaci\u00f3n, desarrollo y ejecuci\u00f3n de proyectos visuales.<\/p>\n\n\n\n<blockquote class=\"wp-block-quote is-layout-flow wp-block-quote-is-layout-flow\">\n<p>\u201cLa IA puede ayudar en diferentes procesos creativos, desde la parte de ideaci\u00f3n \u2014que son el bocetaje de ideas en base a un brief y los objetivos del cliente\u2014 hasta la generaci\u00f3n de piezas escritas o visuales. La IA puede dar diferentes opciones para que el dise\u00f1ador tome una decisi\u00f3n y, con base en sus conocimientos conceptuales, elija la mejor soluci\u00f3n para cumplir con los objetivos planteados\u201d, explica Mallea.<\/p>\n<\/blockquote>\n\n\n\n<p>El informe Involucramiento de IA en el proceso creativo humano, de Arts Management and Technology Lab (2024), analiz\u00f3 el papel creciente de la inteligencia artificial en \u00e1mbitos como la escritura creativa y la curaci\u00f3n de temas de investigaci\u00f3n. Los resultados sostienen que estas tecnolog\u00edas han incrementado la productividad individual hasta en un 50 % dentro del campo art\u00edstico, actuando como herramientas de apoyo y expansi\u00f3n del pensamiento creativo, m\u00e1s que como sustitutos del ser humano.<\/p>\n\n\n\n<p>Sin embargo, el mismo estudio advierte que esta eficiencia puede venir acompa\u00f1ada de una disminuci\u00f3n en la diversidad colectiva de las ideas, al homogeneizar estilos o enfoques. Aun as\u00ed, se identifican grandes oportunidades en la co-creaci\u00f3n entre humanos y m\u00e1quinas, donde la IA amplifica las capacidades expresivas sin despojar al creador de su esencia. <\/p>\n\n\n\n<p><\/p>\n\n\n\n<figure class=\"wp-block-embed is-type-video is-provider-youtube wp-block-embed-youtube wp-embed-aspect-16-9 wp-has-aspect-ratio\"><div class=\"wp-block-embed__wrapper\">\n<iframe loading=\"lazy\" title=\"Creatividad, imaginaci\u00f3n y tecnolog\u00eda potencian el dise\u00f1o gr\u00e1fico en la era digital\" width=\"500\" height=\"281\" src=\"https:\/\/www.youtube.com\/embed\/AeSVtZSO3F8?feature=oembed\" frameborder=\"0\" allow=\"accelerometer; autoplay; clipboard-write; encrypted-media; gyroscope; picture-in-picture; web-share\" referrerpolicy=\"strict-origin-when-cross-origin\" allowfullscreen><\/iframe>\n<\/div><\/figure>\n\n\n\n<blockquote class=\"wp-block-quote is-layout-flow wp-block-quote-is-layout-flow\">\n<p><\/p>\n\n\n\n<p>Tal como expresa Mallea: \u201cEl coraz\u00f3n de la expresi\u00f3n creativa sigue siendo humano\u201d.<\/p>\n<\/blockquote>\n\n\n\n<p>Este enfoque no pretende sustituir la creatividad humana, sino complementarla. Las herramientas inteligentes permiten optimizar los tiempos de desarrollo, automatizar tareas repetitivas y liberar espacio mental para la exploraci\u00f3n conceptual. En un entorno laboral donde la rapidez y la innovaci\u00f3n son claves, esta colaboraci\u00f3n entre dise\u00f1ador y tecnolog\u00eda se vuelve indispensable.<\/p>\n\n\n\n<blockquote class=\"wp-block-quote is-layout-flow wp-block-quote-is-layout-flow\">\n<p>\u201cLos tiempos de creaci\u00f3n y planteamiento de prototipos se est\u00e1n reduciendo, lo cual es favorable en un mercado laboral tan apresurado como es el digital, incluso el impreso. Lo negativo es la cantidad abismal de informaci\u00f3n y opciones que tenemos en internet, tanto gratuitas como de paga. Es necesario un an\u00e1lisis y estudio previo antes del uso o la suscripci\u00f3n\u201d, explica el acad\u00e9mico.<\/p>\n<\/blockquote>\n\n\n\n<p>La IA no s\u00f3lo acelera la producci\u00f3n, tambi\u00e9n ampl\u00eda las posibilidades de experimentaci\u00f3n. Los dise\u00f1adores pueden generar decenas de versiones de una misma pieza en segundos, probar estilos visuales, modificar estructuras o incluso crear conceptos completamente nuevos a partir de indicaciones textuales. Sin embargo, la abundancia de recursos puede ser un arma de doble filo. La sobreexposici\u00f3n a contenidos y herramientas puede dispersar la atenci\u00f3n, fragmentar el proceso creativo y, en algunos casos, homogeneizar los resultados.<\/p>\n\n\n\n<p>El reto actual consiste, entonces, en mantener la esencia humana dentro del proceso automatizado. La IA puede sugerir, analizar o generar, pero el acto creativo \u2014la decisi\u00f3n final, la mirada cr\u00edtica, la intenci\u00f3n comunicativa\u2014 sigue siendo patrimonio del dise\u00f1ador.<\/p>\n\n\n\n<blockquote class=\"wp-block-quote is-layout-flow wp-block-quote-is-layout-flow\">\n<p>\u201cHoy en d\u00eda, la creatividad ser\u00e1 una habilidad atesorada en los siguientes a\u00f1os, ya que se tienen m\u00e1s producciones independientes donde la calidad, la innovaci\u00f3n y el contar una historia que impacte y trascienda los medios digitales ser\u00e1n requeridas. Ah\u00ed es donde entran los creativos que se est\u00e1n formando hoy en d\u00eda: tienen el reto de asimilar los fundamentos de los grandes maestros y transformarlos en piezas visuales que dialoguen con este mundo digital\u201d, explica Mallea.<\/p>\n<\/blockquote>\n\n\n\n<p>La empresa CVL Economics, dedicada al an\u00e1lisis de industrias creativas, public\u00f3 el estudio The Impact of Generative Artificial Intelligence on Entertainment Industry, en el que revela que las compa\u00f1\u00edas del sector entretenimiento \u201chan adoptado tecnolog\u00edas generativas basadas en IA entre un 28 % y un 47 %, cifras que muestran una tendencia creciente para los pr\u00f3ximos tres a\u00f1os\u201d, sostiene el acad\u00e9mico.<\/p>\n\n\n\n<p>Este dato confirma que la revoluci\u00f3n tecnol\u00f3gica en el campo creativo es irreversible y que el desaf\u00edo para los profesionales ser\u00e1 adaptarse a un entorno donde la inteligencia artificial es tanto herramienta como colaboradora.<\/p>\n\n\n\n<p>El futuro de la creatividad asistida por tecnolog\u00eda no radica \u00fanicamente en la capacidad de las m\u00e1quinas para generar contenido, sino en c\u00f3mo los humanos aprenden a convivir con ellas. Las habilidades m\u00e1s valiosas ser\u00e1n la sensibilidad est\u00e9tica, la interpretaci\u00f3n emocional y la capacidad de conectar con el p\u00fablico en un ecosistema saturado de automatizaci\u00f3n.<\/p>\n\n\n\n<blockquote class=\"wp-block-quote is-layout-flow wp-block-quote-is-layout-flow\">\n<p>\u201cSi bien hoy el lenguaje digital es m\u00e1s fr\u00edo y netamente comercial, la propuesta c\u00e1lida y humana de un creativo puede transformar lo mon\u00f3tono, perdurar y no ser s\u00f3lo una tendencia de moda\u201d, concluye Mallea. Esta reflexi\u00f3n sintetiza el nuevo paradigma donde la tecnolog\u00eda potencia la creatividad, pero es el ser humano quien le da sentido, emoci\u00f3n y prop\u00f3sito.<\/p>\n<\/blockquote>\n\n\n\n<p><strong>Creatividad con prop\u00f3sito<\/strong><\/p>\n\n\n\n<p>En octubre, la Bienal del Cartel Bolivia (BICeB\u00e9) llega con una propuesta renovada y ambiciosa que cruza fronteras: por primera vez, el evento se realizar\u00e1 simult\u00e1neamente en dos ciudades, La Paz y Cochabamba. Del 20 al 22 de octubre, La Paz se llenar\u00e1 de creatividad con talleres, conferencias internacionales y charlas inspiradoras en espacios emblem\u00e1ticos como la Universidad Privada Franz Tamayo, el Centro Cultural de Espa\u00f1a, el Espacio K\u00fau INTI y el teatro Do\u00f1a Albina. Este ser\u00e1 el punto de partida donde artistas y dise\u00f1adores compartir\u00e1n ideas y explorar\u00e1n nuevas formas de expresi\u00f3n visual.<\/p>\n\n\n\n<p>Luego, del 23 al 24 de octubre, la energ\u00eda creativa se trasladar\u00e1 a Cochabamba, donde la Bienal continuar\u00e1 su recorrido en escenarios como el Palacio Portales de la Fundaci\u00f3n Pati\u00f1o, el Auditorio BISA de la Universidad Privada de Bolivia y la sede cochabambina de la Universidad Franz Tamayo. As\u00ed, BICeB\u00e9 conecta dos ciudades y a toda una comunidad en torno a la pasi\u00f3n por el cartel, celebrando el poder del dise\u00f1o para transformar espacios y provocar emociones.<\/p>","protected":false},"excerpt":{"rendered":"<p>La creatividad asistida por IA no sustituye al dise\u00f1ador: lo potencia. Adaptarse, experimentar y decidir con prop\u00f3sito ser\u00e1 clave en un mercado donde la tecnolog\u00eda transforma los procesos, pero la sensibilidad humana sigue marcando la diferencia.<\/p>","protected":false},"author":51,"featured_media":708931,"comment_status":"open","ping_status":"open","sticky":false,"template":"","format":"standard","meta":{"_acf_changed":false,"footnotes":""},"categories":[60],"tags":[11455,412,414,6356,2410,1422,3446,218,242],"class_list":["post-708930","post","type-post","status-publish","format-standard","has-post-thumbnail","hentry","category-blog","tag-bicebe-2025","tag-creatividad","tag-diseno-grafico","tag-diseno-grafico-y-produccion-cross-media","tag-herramientas-digitales","tag-innovacion-en-educacion","tag-inteligencia-artificial","tag-tecnologia","tag-unifranz"],"acf":[],"_links":{"self":[{"href":"https:\/\/unifranz.edu.bo\/pt\/wp-json\/wp\/v2\/posts\/708930","targetHints":{"allow":["GET"]}}],"collection":[{"href":"https:\/\/unifranz.edu.bo\/pt\/wp-json\/wp\/v2\/posts"}],"about":[{"href":"https:\/\/unifranz.edu.bo\/pt\/wp-json\/wp\/v2\/types\/post"}],"author":[{"embeddable":true,"href":"https:\/\/unifranz.edu.bo\/pt\/wp-json\/wp\/v2\/users\/51"}],"replies":[{"embeddable":true,"href":"https:\/\/unifranz.edu.bo\/pt\/wp-json\/wp\/v2\/comments?post=708930"}],"version-history":[{"count":3,"href":"https:\/\/unifranz.edu.bo\/pt\/wp-json\/wp\/v2\/posts\/708930\/revisions"}],"predecessor-version":[{"id":708979,"href":"https:\/\/unifranz.edu.bo\/pt\/wp-json\/wp\/v2\/posts\/708930\/revisions\/708979"}],"wp:featuredmedia":[{"embeddable":true,"href":"https:\/\/unifranz.edu.bo\/pt\/wp-json\/wp\/v2\/media\/708931"}],"wp:attachment":[{"href":"https:\/\/unifranz.edu.bo\/pt\/wp-json\/wp\/v2\/media?parent=708930"}],"wp:term":[{"taxonomy":"category","embeddable":true,"href":"https:\/\/unifranz.edu.bo\/pt\/wp-json\/wp\/v2\/categories?post=708930"},{"taxonomy":"post_tag","embeddable":true,"href":"https:\/\/unifranz.edu.bo\/pt\/wp-json\/wp\/v2\/tags?post=708930"}],"curies":[{"name":"wp","href":"https:\/\/api.w.org\/{rel}","templated":true}]}}