{"id":708923,"date":"2025-10-11T10:41:47","date_gmt":"2025-10-11T14:41:47","guid":{"rendered":"https:\/\/unifranz.edu.bo\/?p=708923"},"modified":"2025-12-30T09:07:49","modified_gmt":"2025-12-30T13:07:49","slug":"de-tabu-a-prioridad-la-transformacion-de-la-salud-mental","status":"publish","type":"post","link":"https:\/\/unifranz.edu.bo\/pt\/blog\/de-tabu-a-prioridad-la-transformacion-de-la-salud-mental\/","title":{"rendered":"De tab\u00fa a prioridad: la transformaci\u00f3n de la salud mental"},"content":{"rendered":"<p>Cuando Claudia ten\u00eda 20 a\u00f1os, empez\u00f3 a experimentar ansiedad. Le costaba dormir, se sent\u00eda cansada sin raz\u00f3n aparente y perdi\u00f3 inter\u00e9s por actividades que antes disfrutaba. En su entorno nadie comprend\u00eda lo que le pasaba: \u201cDec\u00edan que solo estaba estresada o que deb\u00eda ponerle m\u00e1s ganas\u201d, recuerda. En ese entonces, hablar de salud mental era casi un tab\u00fa, asociado a debilidad o falta de car\u00e1cter.<\/p>\n\n\n\n<p><\/p>\n\n\n\n<p>Durante a\u00f1os, la salud mental fue un tema relegado e invisible. Las dolencias f\u00edsicas ten\u00edan respuesta m\u00e9dica; las emocionales, en cambio, se callaban. Hoy, sin embargo, el panorama empieza a cambiar. La salud mental se ha convertido en una prioridad global, y octubre, Mes de la Salud Mental, nos recuerda que el bienestar emocional es tan importante como la salud f\u00edsica.<\/p>\n\n\n\n<p><\/p>\n\n\n\n<h2 class=\"wp-block-heading\"><strong>De lo invisible a lo urgente<\/strong><\/h2>\n\n\n\n<p>La pandemia de COVID-19 marc\u00f3 un antes y un despu\u00e9s. Seg\u00fan la <a href=\"https:\/\/www.who.int\/es\" target=\"_blank\" rel=\"noopener\">Organizaci\u00f3n Mundial de la Salud (OMS)<\/a>, los casos de depresi\u00f3n y ansiedad aumentaron un 25% a nivel mundial en los primeros meses de la crisis sanitaria. En Bolivia, la <a href=\"https:\/\/www.paho.org\/es\" target=\"_blank\" rel=\"noopener\">Organizaci\u00f3n Panamericana de Salud (OPS) <\/a>se\u00f1ala que el 85% de quienes presentan s\u00edntomas de trastornos mentales no accede a tratamiento adecuado, por factores econ\u00f3micos, falta de especialistas, desinformaci\u00f3n y estigma social.<\/p>\n\n\n\n<p><\/p>\n\n\n\n<p>La psic\u00f3loga Liliana Serrano, responsable del Gabinete Psicol\u00f3gico de la <a href=\"https:\/\/unifranz.edu.bo\/\">Universidad Franz Tamayo<\/a>, Unifranz El Alto, destaca que, \u201ca diferencia de hace una d\u00e9cada, los estudiantes hablan con m\u00e1s apertura sobre sus emociones y no temen pedir ayuda. Expresiones como \u2018me siento abrumado\u2019 o \u2018estoy yendo a terapia\u2019 son cada vez m\u00e1s comunes. Esto refleja una generaci\u00f3n que entiende la importancia del bienestar emocional como parte de su desarrollo integral\u201d.<\/p>\n\n\n\n<p><\/p>\n\n\n\n<p>Serrano agrega que las redes sociales y los medios digitales han visibilizado la salud mental, aunque a\u00fan persisten desaf\u00edos: el acceso desigual a servicios y la falta de acompa\u00f1amiento en algunos contextos familiares y educativos.<\/p>\n\n\n\n<p><\/p>\n\n\n\n<h2 class=\"wp-block-heading\"><strong>Una nueva generaci\u00f3n m\u00e1s consciente<\/strong><\/h2>\n\n\n\n<p>Las generaciones j\u00f3venes, especialmente estudiantes universitarios, est\u00e1n normalizando la conversaci\u00f3n sobre emociones. Hablar de ansiedad, estr\u00e9s o buscar terapia dej\u00f3 de ser signo de debilidad y hoy es visto como responsabilidad personal y madurez emocional.<\/p>\n\n\n\n<p><\/p>\n\n\n\n<p>\u201cLa etapa universitaria puede ser muy exigente emocionalmente\u201d, explica Serrano. Brindar acompa\u00f1amiento psicol\u00f3gico constante, promover estrategias de autocuidado y espacios de di\u00e1logo donde los j\u00f3venes aprenden a reconocer sus l\u00edmites, manejar el estr\u00e9s y cuidar su salud emocional, resulta esencial para garantizar un entorno saludable.<\/p>\n\n\n\n<p><\/p>\n\n\n\n<p>\u201cEstas acciones no solo benefician al individuo, sino que construyen comunidades universitarias m\u00e1s emp\u00e1ticas, solidarias y resilientes. Invertir en salud mental universitaria es invertir en el futuro del pa\u00eds\u201d, afirma.<\/p>\n\n\n\n<p><\/p>\n\n\n\n<h2 class=\"wp-block-heading\"><strong>Los retos que persisten<\/strong><\/h2>\n\n\n\n<p>Pese a los avances, los desaf\u00edos siguen siendo grandes. La OMS estima que una de cada ocho personas vive con alg\u00fan trastorno mental, siendo la depresi\u00f3n y la ansiedad los m\u00e1s comunes. Sin embargo, el presupuesto global destinado a salud mental representa menos del 2% del gasto total en salud.<\/p>\n\n\n\n<p><\/p>\n\n\n\n<p>En Am\u00e9rica Latina, la falta de profesionales y la limitada inversi\u00f3n p\u00fablica dificultan el acceso a servicios psicol\u00f3gicos, especialmente en zonas rurales o de bajos recursos. Adem\u00e1s, persisten prejuicios culturales: frases como \u201csolo los locos van al psic\u00f3logo\u201d a\u00fan se escuchan, mostrando que cambiar la mentalidad requiere educaci\u00f3n, sensibilizaci\u00f3n y trabajo constante.<\/p>\n\n\n\n<p><\/p>\n\n\n\n<h2 class=\"wp-block-heading\"><strong>Cuidar la mente, un compromiso colectivo<\/strong><\/h2>\n\n\n\n<p>El bienestar mental no depende solo de factores individuales. Tambi\u00e9n se relaciona con condiciones de vida, seguridad, entorno laboral y redes de apoyo. Crear espacios donde las personas se sientan escuchadas y comprendidas es clave para prevenir crisis emocionales y fortalecer la salud colectiva.<\/p>\n\n\n\n<p><\/p>\n\n\n\n<p>En este sentido, Unifranz integra la salud mental en su modelo educativo, con acompa\u00f1amiento psicol\u00f3gico, talleres de manejo del estr\u00e9s y espacios de di\u00e1logo que priorizan el bienestar emocional. Serrano concluye:<\/p>\n\n\n\n<p>\u201cCuidar la mente no debe ser un lujo, sino una necesidad. Mantener la conversaci\u00f3n sobre salud mental todo el a\u00f1o permite construir una comunidad m\u00e1s humana y consciente\u201d, afirma la psic\u00f3loga.<\/p>\n\n\n\n<p><\/p>\n\n\n\n<p>La salud mental antes se ocultaba; hoy se abraza. Pero el camino sigue siendo largo. Cada paso que damos \u2014como personas, familias e instituciones\u2014 nos acerca a un futuro m\u00e1s emp\u00e1tico, humano y saludable.<\/p>\n\n\n\n<figure class=\"wp-block-embed is-type-video is-provider-youtube wp-block-embed-youtube wp-embed-aspect-16-9 wp-has-aspect-ratio\"><div class=\"wp-block-embed__wrapper\">\n<iframe loading=\"lazy\" title=\"Escuchar y buscar ayuda profesional, v\u00edas para evitar problemas de salud mental en adolescentes\" width=\"500\" height=\"281\" src=\"https:\/\/www.youtube.com\/embed\/s5xlUgCB6PM?feature=oembed\" frameborder=\"0\" allow=\"accelerometer; autoplay; clipboard-write; encrypted-media; gyroscope; picture-in-picture; web-share\" referrerpolicy=\"strict-origin-when-cross-origin\" allowfullscreen><\/iframe>\n<\/div><\/figure>","protected":false},"excerpt":{"rendered":"<p>Tras la pandemia, la salud mental se volvi\u00f3 prioridad mundial. Romper estigmas y cuidar la mente es clave para una sociedad m\u00e1s humana.<\/p>","protected":false},"author":25,"featured_media":708924,"comment_status":"open","ping_status":"open","sticky":false,"template":"","format":"standard","meta":{"_acf_changed":false,"footnotes":""},"categories":[60],"tags":[],"class_list":["post-708923","post","type-post","status-publish","format-standard","has-post-thumbnail","hentry","category-blog"],"acf":[],"_links":{"self":[{"href":"https:\/\/unifranz.edu.bo\/pt\/wp-json\/wp\/v2\/posts\/708923","targetHints":{"allow":["GET"]}}],"collection":[{"href":"https:\/\/unifranz.edu.bo\/pt\/wp-json\/wp\/v2\/posts"}],"about":[{"href":"https:\/\/unifranz.edu.bo\/pt\/wp-json\/wp\/v2\/types\/post"}],"author":[{"embeddable":true,"href":"https:\/\/unifranz.edu.bo\/pt\/wp-json\/wp\/v2\/users\/25"}],"replies":[{"embeddable":true,"href":"https:\/\/unifranz.edu.bo\/pt\/wp-json\/wp\/v2\/comments?post=708923"}],"version-history":[{"count":3,"href":"https:\/\/unifranz.edu.bo\/pt\/wp-json\/wp\/v2\/posts\/708923\/revisions"}],"predecessor-version":[{"id":712720,"href":"https:\/\/unifranz.edu.bo\/pt\/wp-json\/wp\/v2\/posts\/708923\/revisions\/712720"}],"wp:featuredmedia":[{"embeddable":true,"href":"https:\/\/unifranz.edu.bo\/pt\/wp-json\/wp\/v2\/media\/708924"}],"wp:attachment":[{"href":"https:\/\/unifranz.edu.bo\/pt\/wp-json\/wp\/v2\/media?parent=708923"}],"wp:term":[{"taxonomy":"category","embeddable":true,"href":"https:\/\/unifranz.edu.bo\/pt\/wp-json\/wp\/v2\/categories?post=708923"},{"taxonomy":"post_tag","embeddable":true,"href":"https:\/\/unifranz.edu.bo\/pt\/wp-json\/wp\/v2\/tags?post=708923"}],"curies":[{"name":"wp","href":"https:\/\/api.w.org\/{rel}","templated":true}]}}