{"id":708815,"date":"2025-10-08T17:52:22","date_gmt":"2025-10-08T21:52:22","guid":{"rendered":"https:\/\/unifranz.edu.bo\/?p=708815"},"modified":"2025-10-08T22:30:51","modified_gmt":"2025-10-09T02:30:51","slug":"violencia-virtual-una-amenaza-silenciosa-para-la-salud-mental-infantil","status":"publish","type":"post","link":"https:\/\/unifranz.edu.bo\/pt\/blog\/violencia-virtual-una-amenaza-silenciosa-para-la-salud-mental-infantil\/","title":{"rendered":"Violencia virtual: una amenaza silenciosa para la salud mental infantil"},"content":{"rendered":"<p>La violencia virtual o digital se manifiesta en m\u00faltiples formas: ciberacoso, grooming, difusi\u00f3n no consentida de im\u00e1genes \u00edntimas o linchamientos digitales. Todas ellas afectan profundamente la salud mental de ni\u00f1os y adolescentes, generando ansiedad, aislamiento, p\u00e9rdida de confianza e incluso desenlaces fatales. Sin embargo, todav\u00eda faltan normativas espec\u00edficas que regulen y sancionen estos delitos en entornos digitales, lo que deja a los menores en una situaci\u00f3n de vulnerabilidad.<\/p>\n\n\n\n<blockquote class=\"wp-block-quote is-layout-flow wp-block-quote-is-layout-flow\">\n<p>\u201cNo tenemos regulaci\u00f3n espec\u00edfica. \u00bfQu\u00e9 pasa si alguien te difama en redes sociales? \u00bfQui\u00e9n protege ese derecho? Necesitamos proponer nuevas normas y leyes que regulen estos aspectos que son delicados y que son nuevas formas de generar violencia\u201d, se\u00f1ala Ruth Torres Ar\u00e9valo, docente de Derecho en la Universidad Franz Tamayo, Unifranz.<\/p>\n<\/blockquote>\n\n\n\n<p>La falta de una legislaci\u00f3n clara abre grietas por donde proliferan nuevas amenazas: desde el acoso directo en redes hasta la manipulaci\u00f3n de im\u00e1genes con inteligencia artificial, que luego circulan en foros de explotaci\u00f3n infantil. Estos fen\u00f3menos, advierten especialistas, dejan secuelas emocionales graves como depresi\u00f3n, insomnio, retraimiento social y verg\u00fcenza, que en los casos m\u00e1s extremos pueden llevar al suicidio.<\/p>\n\n\n\n<p>Seg\u00fan la Organizaci\u00f3n Mundial de la Salud (OMS), uno de cada siete adolescentes en el mundo sufre problemas de salud mental, y el acoso digital se ha convertido en un factor de riesgo creciente. La UNICEF estima que m\u00e1s del 70% de los j\u00f3venes entre 15 y 24 a\u00f1os han experimentado alguna forma de violencia en l\u00ednea, y que el ciberacoso duplica la probabilidad de que un adolescente presente s\u00edntomas depresivos graves.<\/p>\n\n\n\n<p>En Bolivia, la situaci\u00f3n se complejiza por los vac\u00edos jur\u00eddicos. Seg\u00fan Alberto Salamanca, director de la carrera de Derecho en Unifranz, \u201cen la legislaci\u00f3n penal no existen normas espec\u00edficas para los delitos inform\u00e1ticos, violencia digital y cibercrimen\u201d. Esto genera un debate entre dos posiciones: la necesidad de tipificar nuevas conductas delictivas ligadas al uso de sistemas digitales o aplicar las figuras ya previstas en el C\u00f3digo Penal, pero adaptadas al entorno virtual.<\/p>\n\n\n\n<p>M\u00e1s all\u00e1 del marco legal, la prevenci\u00f3n juega un rol esencial. Para Ruth Schaaf, docente de Comunicaci\u00f3n en Unifranz, la educaci\u00f3n digital debe comenzar desde la primaria, con herramientas como la netiqueta y la ciberpragm\u00e1tica, que fomenten un comportamiento respetuoso en l\u00ednea. \u201cNo es usar redes sociales porque s\u00ed, es utilizarlas con conciencia y educaci\u00f3n\u201d, afirma.<\/p>\n\n\n\n<p>Los datos respaldan esta urgencia: un estudio nacional de Plan International revel\u00f3 que el 46% de las ni\u00f1as han sufrido acoso en l\u00ednea, siendo la edad promedio de la primera experiencia a los 13 a\u00f1os. A nivel global, la UNESCO reporta que el ciberacoso afecta a uno de cada tres adolescentes, y que las v\u00edctimas tienen el doble de probabilidades de faltar a la escuela debido a las secuelas emocionales.<\/p>\n\n\n\n<blockquote class=\"wp-block-quote is-layout-flow wp-block-quote-is-layout-flow\">\n<p>En este escenario, los j\u00f3venes no solo son v\u00edctimas sino tambi\u00e9n actores pasivos cuando, como espectadores, no denuncian los hechos. \u201cMuchas veces nos encontramos con publicaciones que cometen el delito y la gente observa y no denuncia. Ocurre tambi\u00e9n cuando ve un hecho como este en su contexto del d\u00eda a d\u00eda. Necesitamos acudir a la capacidad de ser solidarios y salir en defensa de la v\u00edctima, en lo digital y en nuestro diario vivir\u201d, apunta Torres.<\/p>\n<\/blockquote>\n\n\n\n<p><strong>Nueva ley para proteger a menores en entornos digitales<\/strong><\/p>\n\n\n\n<p>Frente a este panorama, recientemente la Asamblea Legislativa Plurinacional aprob\u00f3 un proyecto de ley propuesto por la Fiscal\u00eda General del Estado, que busca proteger a ni\u00f1os y adolescentes de la explotaci\u00f3n sexual digital. La norma tipifica delitos como el grooming, la difusi\u00f3n de material de abuso sexual infantil y la captaci\u00f3n de menores con fines sexuales en redes.<\/p>\n\n\n\n<p>El fiscal general Roger Mariaca destac\u00f3 que la ley dotar\u00e1 al pa\u00eds de \u201cherramientas jur\u00eddicas actualizadas para prevenir, investigar y sancionar con mayor eficacia los delitos sexuales en el entorno digital\u201d, y subray\u00f3 que puede convertirse en un referente regional en la materia.<\/p>\n\n\n\n<p>El desaf\u00edo, coinciden expertos, es m\u00faltiple: construir una legislaci\u00f3n s\u00f3lida, fomentar una cultura digital basada en el respeto y generar conciencia colectiva. A esto se suma la necesidad de integrar programas de salud mental en las escuelas. Seg\u00fan la OMS, casi la mitad de los trastornos mentales comienzan antes de los 14 a\u00f1os, y la violencia digital act\u00faa como un detonante silencioso.<\/p>\n\n\n\n<p>Mientras la tecnolog\u00eda avanza, los riesgos tambi\u00e9n lo hacen. Solo con educaci\u00f3n, prevenci\u00f3n y leyes efectivas ser\u00e1 posible enfrentar la violencia virtual y resguardar la salud mental y la dignidad de ni\u00f1os y adolescentes en el mundo digital.<\/p>","protected":false},"excerpt":{"rendered":"<p>La violencia virtual amenaza la salud mental infantil. Urge educar, prevenir y crear leyes que protejan a ni\u00f1os del ciberacoso.<\/p>","protected":false},"author":50,"featured_media":708817,"comment_status":"open","ping_status":"open","sticky":false,"template":"","format":"standard","meta":{"_acf_changed":false,"footnotes":""},"categories":[60],"tags":[6332,1696,53,1422,240,124,2944,242,3958],"class_list":["post-708815","post","type-post","status-publish","format-standard","has-post-thumbnail","hentry","category-blog","tag-ciberacoso","tag-derecho-informatico","tag-educacion","tag-innovacion-en-educacion","tag-psicologia","tag-salud","tag-salud-mental","tag-unifranz","tag-violencia-contra-ninas-y-ninos"],"acf":[],"_links":{"self":[{"href":"https:\/\/unifranz.edu.bo\/pt\/wp-json\/wp\/v2\/posts\/708815","targetHints":{"allow":["GET"]}}],"collection":[{"href":"https:\/\/unifranz.edu.bo\/pt\/wp-json\/wp\/v2\/posts"}],"about":[{"href":"https:\/\/unifranz.edu.bo\/pt\/wp-json\/wp\/v2\/types\/post"}],"author":[{"embeddable":true,"href":"https:\/\/unifranz.edu.bo\/pt\/wp-json\/wp\/v2\/users\/50"}],"replies":[{"embeddable":true,"href":"https:\/\/unifranz.edu.bo\/pt\/wp-json\/wp\/v2\/comments?post=708815"}],"version-history":[{"count":1,"href":"https:\/\/unifranz.edu.bo\/pt\/wp-json\/wp\/v2\/posts\/708815\/revisions"}],"predecessor-version":[{"id":708818,"href":"https:\/\/unifranz.edu.bo\/pt\/wp-json\/wp\/v2\/posts\/708815\/revisions\/708818"}],"wp:featuredmedia":[{"embeddable":true,"href":"https:\/\/unifranz.edu.bo\/pt\/wp-json\/wp\/v2\/media\/708817"}],"wp:attachment":[{"href":"https:\/\/unifranz.edu.bo\/pt\/wp-json\/wp\/v2\/media?parent=708815"}],"wp:term":[{"taxonomy":"category","embeddable":true,"href":"https:\/\/unifranz.edu.bo\/pt\/wp-json\/wp\/v2\/categories?post=708815"},{"taxonomy":"post_tag","embeddable":true,"href":"https:\/\/unifranz.edu.bo\/pt\/wp-json\/wp\/v2\/tags?post=708815"}],"curies":[{"name":"wp","href":"https:\/\/api.w.org\/{rel}","templated":true}]}}