{"id":708810,"date":"2025-10-08T17:38:16","date_gmt":"2025-10-08T21:38:16","guid":{"rendered":"https:\/\/unifranz.edu.bo\/?p=708810"},"modified":"2025-10-14T11:30:12","modified_gmt":"2025-10-14T15:30:12","slug":"el-alto-se-suma-a-ciudades-verdes","status":"publish","type":"post","link":"https:\/\/unifranz.edu.bo\/pt\/blog\/el-alto-se-suma-a-ciudades-verdes\/","title":{"rendered":"El Alto se suma a Ciudades Verdes, la iniciativa sostenible impulsada por Unifranz"},"content":{"rendered":"<p><a href=\"https:\/\/unifranz.edu.bo\/ciudades-verdes\/\">Ciudades Verdes<\/a>, la cruzada nacional de arborizaci\u00f3n liderada por Unifranz, lleg\u00f3 oficialmente a El Alto con un lanzamiento que reuni\u00f3 a autoridades acad\u00e9micas, municipales, educativas, policiales y de la sociedad civil. El proyecto busca transformar el entorno urbano mediante la plantaci\u00f3n de 1.200 \u00e1rboles y la promoci\u00f3n de una cultura ambiental compartida entre instituciones, vecinos y estudiantes.<\/p>\n\n\n\n<p><\/p>\n\n\n\n<p>Esta iniciativa, que tambi\u00e9n se desarrolla en La Paz, Cochabamba y Santa Cruz, forma parte de la primera fase nacional que proyecta la siembra de 5.000 \u00e1rboles entre las cuatro ciudades.<\/p>\n\n\n\n<p><\/p>\n\n\n\n<p>En la ciudad de El Alto, Ciudades Verdes se implementar\u00e1 en el Distrito 3, zona Cosmos 77 y 78, a lo largo de la avenida Julio C\u00e9sar Valdez. En esos sectores se realizar\u00e1 la plantaci\u00f3n en coordinaci\u00f3n con la Direcci\u00f3n Municipal de Forestaci\u00f3n y \u00c1reas Verdes del <a href=\"https:\/\/www.elalto.gob.bo\/\" target=\"_blank\" rel=\"noopener\">Gobierno Municipal de El Alto<\/a>, la Subalcald\u00eda del Distrito 3, la ONG <a href=\"https:\/\/red-habitat.org\/\" target=\"_blank\" rel=\"noopener\">Red H\u00e1bitat<\/a>, <a href=\"https:\/\/www.policia.bo\/\" target=\"_blank\" rel=\"noopener\">Polic\u00eda Boliviana<\/a>, <a href=\"https:\/\/www.waterforpeople.org\/\" target=\"_blank\" rel=\"noopener\">Water For People<\/a> y alrededor de 800 voluntarios, entre estudiantes de Unifranz, j\u00f3venes de la <a href=\"https:\/\/fundacionunifranz.org\/\" target=\"_blank\" rel=\"noopener\">Funda\u00e7\u00e3o Unifranz<\/a>, unidades educativas y vecinos.<\/p>\n\n\n\n<p><\/p>\n\n\n\n<h2 class=\"wp-block-heading\"><strong>Una acci\u00f3n local con impacto nacional<\/strong><\/h2>\n\n\n\n<p>Durante la conferencia, la vicerrectora de Unifranz El Alto, Eve G\u00f3mez, destac\u00f3 que la iniciativa no se limita a plantar \u00e1rboles, sino a formar conciencia colectiva sobre el cuidado del medio ambiente.<\/p>\n\n\n\n<p><\/p>\n\n\n\n<p>\u201cCiudades Verdes busca transformar los espacios urbanos en entornos m\u00e1s sostenibles, saludables y humanos, mediante la plantaci\u00f3n de \u00e1rboles y la promoci\u00f3n de conciencia ambiental. Hoy lanzamos esta iniciativa desde El Alto, una ciudad con una energ\u00eda colectiva \u00fanica y una comunidad comprometida con el futuro\u201d, afirm\u00f3.<\/p>\n\n\n\n<p><\/p>\n\n\n\n<p>Bolivia cuenta con apenas 3m\u00b2 a 4m\u00b2 de \u00e1reas verdes por persona, una cifra muy por debajo de los 10m\u00b2 recomendados por la OMS. Ante este panorama, Ciudades Verdes propone acciones concretas de forestaci\u00f3n urbana que no solo mejoran el paisaje, sino que tambi\u00e9n reducen la temperatura, purifican el aire y fortalecen el bienestar ciudadano.<\/p>\n\n\n\n<p><\/p>\n\n\n\n<p>\u201cCada \u00e1rbol representa una acci\u00f3n por el planeta y una oportunidad para educar con el ejemplo. La educaci\u00f3n ambiental es una herramienta poderosa para inspirar compromiso, liderazgo y transformaci\u00f3n social\u201d, a\u00f1adi\u00f3 G\u00f3mez.<\/p>\n\n\n\n<p><\/p>\n\n\n\n<h2 class=\"wp-block-heading\"><strong>Alianzas que suman al cambio clim\u00e1tico<\/strong><\/h2>\n\n\n\n<p>El proyecto en El Alto se ejecuta con el acompa\u00f1amiento t\u00e9cnico y log\u00edstico de instituciones aliadas. Noem\u00ed Cuper, representante de Red H\u00e1bitat, resalt\u00f3 la importancia de este trabajo conjunto.<\/p>\n\n\n\n<p><\/p>\n\n\n\n<p>\u201cEl desaf\u00edo no termina en sembrar, sino en mantener y cuidar los \u00e1rboles. Desde Red H\u00e1bitat realizaremos talleres de fortalecimiento ambiental para los voluntarios y las juntas vecinales, porque sembrar es una responsabilidad compartida\u201d.<\/p>\n\n\n\n<p><\/p>\n\n\n\n<p>Por su parte, Freddy Huanca Condori, director de Forestaci\u00f3n y \u00c1reas Verdes del Gobierno Aut\u00f3nomo Municipal de El Alto, ratific\u00f3 el compromiso municipal con el proyecto. \u00abUn \u00e1rbol es el coraz\u00f3n del medio ambiente. Nuestra direcci\u00f3n apoyar\u00e1 con la dotaci\u00f3n de plantines, arbustos y especies forestales, adem\u00e1s del mantenimiento posterior. Esta alianza estrat\u00e9gica permitir\u00e1 embellecer nuestra ciudad y mejorar la calidad del aire\u201d.<\/p>\n\n\n\n<h2 class=\"wp-block-heading\"><\/h2>\n\n\n\n<p><strong>El compromiso del Distrito 3 y la Polic\u00eda Boliviana<\/strong><\/p>\n\n\n\n<p>Desde la Subalcald\u00eda del Distrito 3, Carlos \u00c1valos Mendoza destac\u00f3 el valor ciudadano y legal de este tipo de alianzas. \u201cHablar del medio ambiente es hablar de conciencia y de cambio. Tener una ciudad verde es tener vida, y esta alianza con Unifranz marca una nueva etapa para El Alto, donde no solo plantamos, sino que aprendemos a cuidar\u201d.<\/p>\n\n\n\n<p><\/p>\n\n\n\n<p>Finalmente, el coronel Adri\u00e1n \u00c1lvarez Arizmendi, comandante Regional de la Polic\u00eda de El Alto, realiz\u00f3 el lanzamiento oficial del programa en la ciudad y asegur\u00f3 la participaci\u00f3n activa de la instituci\u00f3n verde olivo.<\/p>\n\n\n\n<p><\/p>\n\n\n\n<p>\u201cComo Polic\u00eda Boliviana participaremos con nuestro Grupo de Acci\u00f3n Civil de Apoyo a la Polic\u00eda (GACIP). No dudamos un segundo en sumarnos, porque sembrar y cuidar \u00e1rboles tambi\u00e9n es una forma de proteger la vida y fortalecer nuestra relaci\u00f3n con la comunidad\u201d, expres\u00f3.<\/p>\n\n\n\n<p><\/p>\n\n\n\n<h2 class=\"wp-block-heading\"><strong>Un movimiento alineado con los ODS<\/strong><\/h2>\n\n\n\n<p>Este proyecto se alinea con los <a href=\"https:\/\/www.un.org\/sustainabledevelopment\/es\/objetivos-de-desarrollo-sostenible\/\" target=\"_blank\" rel=\"noopener\">Objetivos de Desarrollo Sostenible<\/a>: contribuye al ODS 3, promoviendo salud y bienestar; al ODS 11, impulsando ciudades sostenibles; al ODS 13, actuando frente al cambio clim\u00e1tico; y al ODS 15, protegiendo los ecosistemas terrestres. ODS 15 \u2013 Vida de Ecosistemas Terrestres: al fortalecer la biodiversidad y restaurar suelos urbanos.<\/p>\n\n\n\n<p><\/p>\n\n\n\n<h2 class=\"wp-block-heading\"><strong>Jornadas de plantaci\u00f3n y sostenibilidad<\/strong><\/h2>\n\n\n\n<p>Las jornadas de plantaci\u00f3n se realizar\u00e1n los d\u00edas 6 y 7 de noviembre, con la participaci\u00f3n de estudiantes, voluntarios, juntas vecinales y miembros de la Polic\u00eda Boliviana, quienes adoptar\u00e1n \u00e1rboles para garantizar su cuidado.<\/p>\n\n\n\n<p><\/p>\n\n\n\n<p>El 7 de noviembre se llevar\u00e1 a cabo la entrega simb\u00f3lica del \u00e1rea forestada a las organizaciones vecinales, consolidando el compromiso comunitario con el mantenimiento de los nuevos espacios verdes.<\/p>\n\n\n\n<p><\/p>\n\n\n\n<p>\u201cCuando una universidad y su ciudad trabajan juntas, el cambio es posible. Y desde hoy, ese cambio empieza a crecer en El Alto\u201d, concluy\u00f3 la vicerrectora Eve G\u00f3mez.<\/p>\n\n\n\n<p><\/p>\n\n\n\n<p>ser \u201cGuardi\u00e1n Verde\u201d o voluntario de esta cruzada, \u00fanicamente se requiere el registro en el portal web de la iniciativa:&nbsp;<a href=\"https:\/\/unifranz.edu.bo\/ciudades-verdes\/\">https:\/\/unifranz.edu.bo\/ciudades-verdes\/<\/a>&nbsp;<\/p>\n\n\n\n<figure class=\"wp-block-embed is-type-video is-provider-youtube wp-block-embed-youtube wp-embed-aspect-16-9 wp-has-aspect-ratio\"><div class=\"wp-block-embed__wrapper\">\n<iframe loading=\"lazy\" title=\"LANZAMIENTO CIUDADES VERDES\" width=\"500\" height=\"281\" src=\"https:\/\/www.youtube.com\/embed\/8J6Ywmc-cOE?feature=oembed\" frameborder=\"0\" allow=\"accelerometer; autoplay; clipboard-write; encrypted-media; gyroscope; picture-in-picture; web-share\" referrerpolicy=\"strict-origin-when-cross-origin\" allowfullscreen><\/iframe>\n<\/div><\/figure>\n\n\n\n<p><\/p>","protected":false},"excerpt":{"rendered":"<p>El Alto se suma a Ciudades Verdes, el movimiento nacional de Unifranz que impulsa la plantaci\u00f3n de \u00e1rboles y la conciencia ambiental en Bolivia.<\/p>","protected":false},"author":25,"featured_media":708811,"comment_status":"open","ping_status":"open","sticky":false,"template":"","format":"standard","meta":{"_acf_changed":false,"footnotes":""},"categories":[60],"tags":[],"class_list":["post-708810","post","type-post","status-publish","format-standard","has-post-thumbnail","hentry","category-blog"],"acf":[],"_links":{"self":[{"href":"https:\/\/unifranz.edu.bo\/pt\/wp-json\/wp\/v2\/posts\/708810","targetHints":{"allow":["GET"]}}],"collection":[{"href":"https:\/\/unifranz.edu.bo\/pt\/wp-json\/wp\/v2\/posts"}],"about":[{"href":"https:\/\/unifranz.edu.bo\/pt\/wp-json\/wp\/v2\/types\/post"}],"author":[{"embeddable":true,"href":"https:\/\/unifranz.edu.bo\/pt\/wp-json\/wp\/v2\/users\/25"}],"replies":[{"embeddable":true,"href":"https:\/\/unifranz.edu.bo\/pt\/wp-json\/wp\/v2\/comments?post=708810"}],"version-history":[{"count":4,"href":"https:\/\/unifranz.edu.bo\/pt\/wp-json\/wp\/v2\/posts\/708810\/revisions"}],"predecessor-version":[{"id":708959,"href":"https:\/\/unifranz.edu.bo\/pt\/wp-json\/wp\/v2\/posts\/708810\/revisions\/708959"}],"wp:featuredmedia":[{"embeddable":true,"href":"https:\/\/unifranz.edu.bo\/pt\/wp-json\/wp\/v2\/media\/708811"}],"wp:attachment":[{"href":"https:\/\/unifranz.edu.bo\/pt\/wp-json\/wp\/v2\/media?parent=708810"}],"wp:term":[{"taxonomy":"category","embeddable":true,"href":"https:\/\/unifranz.edu.bo\/pt\/wp-json\/wp\/v2\/categories?post=708810"},{"taxonomy":"post_tag","embeddable":true,"href":"https:\/\/unifranz.edu.bo\/pt\/wp-json\/wp\/v2\/tags?post=708810"}],"curies":[{"name":"wp","href":"https:\/\/api.w.org\/{rel}","templated":true}]}}