{"id":708790,"date":"2025-10-07T18:07:10","date_gmt":"2025-10-07T22:07:10","guid":{"rendered":"https:\/\/unifranz.edu.bo\/?p=708790"},"modified":"2025-10-07T18:07:16","modified_gmt":"2025-10-07T22:07:16","slug":"pensamiento-extendido-como-la-ia-potencia-y-amplia-la-mente-humana","status":"publish","type":"post","link":"https:\/\/unifranz.edu.bo\/pt\/blog\/pensamiento-extendido-como-la-ia-potencia-y-amplia-la-mente-humana\/","title":{"rendered":"Pensamiento extendido: c\u00f3mo la IA potencia y ampl\u00eda la mente humana"},"content":{"rendered":"<p>El uso correcto de la inteligencia artificial (IA) no consiste en reemplazar nuestras capacidades, sino en potenciarlas. Hoy, la IA se presenta como una de las herramientas m\u00e1s poderosas para pensar mejor y m\u00e1s r\u00e1pido, al actuar como una extensi\u00f3n de la mente humana. Este enfoque, conocido como pensamiento extendido, plantea que la cognici\u00f3n no se limita al cerebro, sino que se expande a trav\u00e9s de tecnolog\u00edas que amplifican nuestras habilidades.<\/p>\n\n\n\n<blockquote class=\"wp-block-quote is-layout-flow wp-block-quote-is-layout-flow\">\n<p>\u201cCuando pensemos en la IA generativa, debemos pensar que es una tecnolog\u00eda para pensar, para ser productivo, para ser eficiente, pero por sobre todo y especialmente para la educaci\u00f3n, es una tecnolog\u00eda para pensar c\u00f3mo pensamos\u201d, afirma Rodrigo F\u00e1brega, investigador experto en educaci\u00f3n y tecnolog\u00eda, adem\u00e1s de director de la Fundaci\u00f3n Cruzando<\/p>\n<\/blockquote>\n\n\n\n<p>El pensamiento extendido sostiene que las herramientas que utilizamos forman parte de nuestra mente. As\u00ed como la escritura permiti\u00f3 almacenar ideas y expandir la memoria colectiva, la IA representa hoy una extensi\u00f3n din\u00e1mica de nuestras capacidades cognitivas. No se trata de una sustituci\u00f3n de la inteligencia humana, sino de una colaboraci\u00f3n que ampl\u00eda nuestras posibilidades de an\u00e1lisis, creatividad y resoluci\u00f3n de problemas.<\/p>\n\n\n\n<p>En este marco, la IA cumple funciones clave: act\u00faa como memoria expandida, al almacenar y recuperar grandes vol\u00famenes de informaci\u00f3n en segundos; como s\u00edntesis y contextualizaci\u00f3n, al resumir y adaptar contenidos complejos a distintos p\u00fablicos; como asistencia creativa, generando ideas y variaciones en escritura, m\u00fasica o dise\u00f1o; y como apoyo en la toma de decisiones, al analizar datos y simular escenarios para recomendar rutas estrat\u00e9gicas.<\/p>\n\n\n\n<p>F\u00e1brega advierte que para aprovechar la IA como extensi\u00f3n cognitiva no basta con consumir sus resultados: \u201cPara utilizar la inteligencia artificial de manera cognitiva no pasa porque el docente decida usar la IA simplemente. Es muy importante que se comprenda la tecnolog\u00eda, que se desarrolle sobre ella y que se cree nuevo conocimiento de manera cr\u00edtica\u201d. De este modo, la clave est\u00e1 en la interacci\u00f3n activa entre humanos y m\u00e1quinas, donde el aprendizaje no se limita a obtener respuestas, sino a pensar con mayor profundidad gracias a nuevas herramientas.<\/p>\n\n\n\n<p>En el \u00e1mbito educativo, la IA abre la puerta a un aprendizaje personalizado y democr\u00e1tico. Andrea Henao, docente de la Universidad Franz Tamayo, Unifranz, se\u00f1ala que \u201clos sistemas de IA pueden analizar datos de rendimiento de los estudiantes y ajustar los contenidos educativos para abordar las \u00e1reas donde se requiere mayor apoyo, ofreciendo ejercicios y recursos adicionales que mejoran la comprensi\u00f3n\u201d. Este enfoque rompe con el modelo de ense\u00f1anza homog\u00e9nea, al adaptarse a los distintos ritmos y estilos de aprendizaje.<\/p>\n\n\n\n<p>La IA tambi\u00e9n libera tiempo de los docentes al automatizar tareas como la correcci\u00f3n de ex\u00e1menes, lo que permite concentrarse en los aspectos creativos y personalizados de la ense\u00f1anza. Henao resalta que estas herramientas pueden identificar patrones de error en los estudiantes, lo que ayuda a los educadores a ajustar sus estrategias de manera m\u00e1s efectiva. As\u00ed, el pensamiento extendido con IA no solo mejora el rendimiento acad\u00e9mico, sino que tambi\u00e9n transforma el rol del profesor en un gu\u00eda que acompa\u00f1a procesos de descubrimiento y an\u00e1lisis cr\u00edtico.<\/p>\n\n\n\n<p>M\u00e1s all\u00e1 del aula, el pensamiento extendido tiene implicaciones sociales y profesionales. La IA permite visualizar problemas sist\u00e9micos, anticipar riesgos y dise\u00f1ar soluciones colaborativas. En investigaci\u00f3n cient\u00edfica, acelera el an\u00e1lisis de datos; en comunicaci\u00f3n, facilita la s\u00edntesis de informaci\u00f3n; y en entornos creativos, abre caminos in\u00e9ditos en literatura, m\u00fasica o arte.&nbsp;<\/p>\n\n\n\n<p>Como apunta F\u00e1brega, uno de los grandes desaf\u00edos es \u201cvolver a pensar c\u00f3mo ofrecemos a los y las estudiantes un ambiente dise\u00f1ado para querer aprender\u201d.<\/p>\n\n\n\n<p>Sin embargo, el potencial de la IA tambi\u00e9n exige responsabilidad. La dependencia excesiva, los sesgos en los algoritmos y la privacidad de los datos son retos que acompa\u00f1an a esta revoluci\u00f3n cognitiva. El pensamiento extendido con IA demanda, por tanto, una alfabetizaci\u00f3n digital cr\u00edtica, donde no solo aprendamos a usar la tecnolog\u00eda, sino tambi\u00e9n a cuestionarla y moldearla para el bien com\u00fan.<\/p>\n\n\n\n<p>La inteligencia artificial no reemplaza a la mente humana, la amplifica. Su verdadero impacto no reside en la eficiencia t\u00e9cnica, sino en la posibilidad de transformar la manera en que pensamos, aprendemos y creamos. El pensamiento extendido nos invita a comprender la inteligencia no como un acto individual, sino como una red en la que personas y m\u00e1quinas co-construyen conocimiento. En este sentido, la IA no solo ayuda a pensar m\u00e1s r\u00e1pido, sino a pensar mejor y a imaginar futuros posibles en un mundo cada vez m\u00e1s complejo.<\/p>","protected":false},"excerpt":{"rendered":"<p>La inteligencia artificial no reemplaza la mente humana: la amplifica. Descubre c\u00f3mo el pensamiento extendido potencia nuestra forma de aprender.<\/p>","protected":false},"author":50,"featured_media":708792,"comment_status":"open","ping_status":"open","sticky":false,"template":"","format":"standard","meta":{"_acf_changed":false,"footnotes":""},"categories":[60],"tags":[53,1422,3446,242],"class_list":["post-708790","post","type-post","status-publish","format-standard","has-post-thumbnail","hentry","category-blog","tag-educacion","tag-innovacion-en-educacion","tag-inteligencia-artificial","tag-unifranz"],"acf":[],"_links":{"self":[{"href":"https:\/\/unifranz.edu.bo\/pt\/wp-json\/wp\/v2\/posts\/708790","targetHints":{"allow":["GET"]}}],"collection":[{"href":"https:\/\/unifranz.edu.bo\/pt\/wp-json\/wp\/v2\/posts"}],"about":[{"href":"https:\/\/unifranz.edu.bo\/pt\/wp-json\/wp\/v2\/types\/post"}],"author":[{"embeddable":true,"href":"https:\/\/unifranz.edu.bo\/pt\/wp-json\/wp\/v2\/users\/50"}],"replies":[{"embeddable":true,"href":"https:\/\/unifranz.edu.bo\/pt\/wp-json\/wp\/v2\/comments?post=708790"}],"version-history":[{"count":1,"href":"https:\/\/unifranz.edu.bo\/pt\/wp-json\/wp\/v2\/posts\/708790\/revisions"}],"predecessor-version":[{"id":708793,"href":"https:\/\/unifranz.edu.bo\/pt\/wp-json\/wp\/v2\/posts\/708790\/revisions\/708793"}],"wp:featuredmedia":[{"embeddable":true,"href":"https:\/\/unifranz.edu.bo\/pt\/wp-json\/wp\/v2\/media\/708792"}],"wp:attachment":[{"href":"https:\/\/unifranz.edu.bo\/pt\/wp-json\/wp\/v2\/media?parent=708790"}],"wp:term":[{"taxonomy":"category","embeddable":true,"href":"https:\/\/unifranz.edu.bo\/pt\/wp-json\/wp\/v2\/categories?post=708790"},{"taxonomy":"post_tag","embeddable":true,"href":"https:\/\/unifranz.edu.bo\/pt\/wp-json\/wp\/v2\/tags?post=708790"}],"curies":[{"name":"wp","href":"https:\/\/api.w.org\/{rel}","templated":true}]}}