{"id":708786,"date":"2025-10-07T17:21:30","date_gmt":"2025-10-07T21:21:30","guid":{"rendered":"https:\/\/unifranz.edu.bo\/?p=708786"},"modified":"2025-10-07T17:21:36","modified_gmt":"2025-10-07T21:21:36","slug":"inclusion-y-autoestima-claves-para-motivar-a-estudiantes-con-autismo-en-el-aula","status":"publish","type":"post","link":"https:\/\/unifranz.edu.bo\/pt\/blog\/inclusion-y-autoestima-claves-para-motivar-a-estudiantes-con-autismo-en-el-aula\/","title":{"rendered":"Inclusi\u00f3n y autoestima: claves para motivar a estudiantes con autismo en el aula"},"content":{"rendered":"<p>La motivaci\u00f3n en el aprendizaje es un reto para cualquier docente, pero se vuelve a\u00fan m\u00e1s complejo cuando hablamos de estudiantes con Trastorno del Espectro Autista (TEA). En Bolivia, cada vez m\u00e1s instituciones educativas se enfrentan al desaf\u00edo de garantizar una educaci\u00f3n inclusiva, flexible y respetuosa con las particularidades de este alumnado.<\/p>\n\n\n\n<blockquote class=\"wp-block-quote is-layout-flow wp-block-quote-is-layout-flow\">\n<p>\u201cEs necesario que la inclusi\u00f3n no sea forzada, sino que respete las caracter\u00edsticas y la sintomatolog\u00eda propia del TEA\u201d, explica Carmen Aguilera, docente de la carrera de Psicolog\u00eda de la Universidad Franz Tamayo, Unifranz. Esta premisa, asegura, es el punto de partida para pensar en una ense\u00f1anza que promueva tanto el aprendizaje como la autoestima de los estudiantes con autismo.<\/p>\n<\/blockquote>\n\n\n\n<p>La educaci\u00f3n inclusiva en el caso del TEA no debe entenderse como un simple proceso de integraci\u00f3n a las din\u00e1micas de los estudiantes neurot\u00edpicos. Aguilera aclara que lo esencial es la readecuaci\u00f3n curricular, es decir, adaptar contenidos y m\u00e9todos de ense\u00f1anza para que las personas con autismo alcancen los mismos hitos de aprendizaje.<\/p>\n\n\n\n<blockquote class=\"wp-block-quote is-layout-flow wp-block-quote-is-layout-flow\">\n<p>\u201cNo se trata de obligar al estudiante a encajar, sino de adecuar el contenido y la forma de ense\u00f1anza para que pueda llegar al mismo nivel de aprendizaje que un ni\u00f1o neurot\u00edpico\u201d, afirma la especialista. Este enfoque no solo favorece el desarrollo acad\u00e9mico, sino tambi\u00e9n fortalece la confianza de los estudiantes en sus propias capacidades.<\/p>\n<\/blockquote>\n\n\n\n<p>Entre las principales dificultades que enfrentan los alumnos con TEA se encuentran las relacionadas con el lenguaje y la comunicaci\u00f3n. Pueden tener problemas para comprender frases largas, captar dobles sentidos, bromas o met\u00e1foras, adem\u00e1s de dificultades para iniciar o mantener conversaciones. Estas barreras comunicativas suelen repercutir en su autoestima y en la forma en que se perciben dentro del grupo.<\/p>\n\n\n\n<p>En este sentido, Aguilera insiste en que el papel del docente va m\u00e1s all\u00e1 de transmitir conocimientos: tambi\u00e9n implica un trabajo consciente para reconocer c\u00f3mo el estudiante con TEA entiende el mundo. \u201cEs importante tomar en cuenta c\u00f3mo la persona percibe el mundo y c\u00f3mo siente que el mundo lo percibe a \u00e9l mismo\u201d, se\u00f1ala.<\/p>\n\n\n\n<figure class=\"wp-block-embed is-type-video is-provider-youtube wp-block-embed-youtube wp-embed-aspect-16-9 wp-has-aspect-ratio\"><div class=\"wp-block-embed__wrapper\">\n<iframe loading=\"lazy\" title=\"Inclusi\u00f3n y autoestima: c\u00f3mo motivar a estudiantes con autismo en el aula\" width=\"500\" height=\"281\" src=\"https:\/\/www.youtube.com\/embed\/TKbjAZzsPqk?feature=oembed\" frameborder=\"0\" allow=\"accelerometer; autoplay; clipboard-write; encrypted-media; gyroscope; picture-in-picture; web-share\" referrerpolicy=\"strict-origin-when-cross-origin\" allowfullscreen><\/iframe>\n<\/div><\/figure>\n\n\n\n<p><\/p>\n\n\n\n<p><strong>Estrategias para motivar en el aula<\/strong><\/p>\n\n\n\n<p>El acompa\u00f1amiento adecuado parte de la observaci\u00f3n y de la flexibilidad del educador. Cada alumno con autismo es diferente, por lo que no existe un manual \u00fanico de intervenci\u00f3n. Aun as\u00ed, existen estrategias que pueden marcar una diferencia en su motivaci\u00f3n y autoestima:<\/p>\n\n\n\n<ul class=\"wp-block-list\">\n<li><strong>Claridad en los objetivos:<\/strong> explicar de forma directa qu\u00e9 se espera en cada actividad y cu\u00e1les son los beneficios de completarla.<\/li>\n\n\n\n<li><strong>Refuerzo positivo<\/strong>: reconocer los logros y esfuerzos fortalece su seguridad personal y alimenta la motivaci\u00f3n intr\u00ednseca.<\/li>\n\n\n\n<li><strong>Recompensas graduales:<\/strong> utilizar est\u00edmulos externos como un apoyo, pero sin que se conviertan en la \u00fanica raz\u00f3n para cumplir las tareas.<\/li>\n\n\n\n<li><strong>Libertad en la ejecuci\u00f3n:<\/strong> dar espacio para que los estudiantes decidan c\u00f3mo realizar sus actividades, fomentando la autonom\u00eda y la creatividad.<\/li>\n<\/ul>\n\n\n\n<p>Estas pr\u00e1cticas, adem\u00e1s de estimular el aprendizaje, ayudan a que el estudiante se sienta valorado y comprendido.<\/p>\n\n\n\n<p><strong>Potencial antes que limitaciones<\/strong><\/p>\n\n\n\n<p>Para Aguilera, la mirada hacia el alumnado con TEA debe centrarse en sus capacidades. \u201cLas personas con TEA son potenciales andando, potenciales que realmente, si se toman en cuenta sus cualidades, pueden alcanzar los hitos del aprendizaje incluso antes que otros estudiantes\u201d, asegura.<\/p>\n\n\n\n<p>Ese cambio de perspectiva \u2014ver posibilidades en lugar de limitaciones\u2014 es lo que permite dise\u00f1ar experiencias educativas m\u00e1s humanas y efectivas.<\/p>\n\n\n\n<p>La motivaci\u00f3n de los estudiantes con TEA no se logra \u00fanicamente con t\u00e9cnicas pedag\u00f3gicas, sino con un compromiso integral por parte de la comunidad educativa. Ello implica sensibilizaci\u00f3n, prevenci\u00f3n y formaci\u00f3n continua para que los docentes cuenten con las herramientas necesarias.<\/p>\n\n\n\n<p>Motivar a un alumno con autismo no es solo un reto, sino tambi\u00e9n una oportunidad para repensar la ense\u00f1anza en clave de diversidad. En palabras de Aguilera, \u201cla did\u00e1ctica debe ser adaptada porque la forma de alcanzar los hitos del aprendizaje es diferente, pero el objetivo siempre ser\u00e1 el mismo: que cada estudiante logre desarrollar su m\u00e1ximo potencial\u201d.<\/p>","protected":false},"excerpt":{"rendered":"<p>Descubre c\u00f3mo una educaci\u00f3n inclusiva y flexible puede motivar a estudiantes con autismo y potenciar su autoestima y aprendizaje.<\/p>","protected":false},"author":50,"featured_media":708787,"comment_status":"open","ping_status":"open","sticky":false,"template":"","format":"standard","meta":{"_acf_changed":false,"footnotes":""},"categories":[60],"tags":[53,1422,41,240,11376,11377,242],"class_list":["post-708786","post","type-post","status-publish","format-standard","has-post-thumbnail","hentry","category-blog","tag-educacion","tag-innovacion-en-educacion","tag-la-paz","tag-psicologia","tag-tea","tag-trastorno-del-espectro-autista","tag-unifranz"],"acf":[],"_links":{"self":[{"href":"https:\/\/unifranz.edu.bo\/pt\/wp-json\/wp\/v2\/posts\/708786","targetHints":{"allow":["GET"]}}],"collection":[{"href":"https:\/\/unifranz.edu.bo\/pt\/wp-json\/wp\/v2\/posts"}],"about":[{"href":"https:\/\/unifranz.edu.bo\/pt\/wp-json\/wp\/v2\/types\/post"}],"author":[{"embeddable":true,"href":"https:\/\/unifranz.edu.bo\/pt\/wp-json\/wp\/v2\/users\/50"}],"replies":[{"embeddable":true,"href":"https:\/\/unifranz.edu.bo\/pt\/wp-json\/wp\/v2\/comments?post=708786"}],"version-history":[{"count":1,"href":"https:\/\/unifranz.edu.bo\/pt\/wp-json\/wp\/v2\/posts\/708786\/revisions"}],"predecessor-version":[{"id":708788,"href":"https:\/\/unifranz.edu.bo\/pt\/wp-json\/wp\/v2\/posts\/708786\/revisions\/708788"}],"wp:featuredmedia":[{"embeddable":true,"href":"https:\/\/unifranz.edu.bo\/pt\/wp-json\/wp\/v2\/media\/708787"}],"wp:attachment":[{"href":"https:\/\/unifranz.edu.bo\/pt\/wp-json\/wp\/v2\/media?parent=708786"}],"wp:term":[{"taxonomy":"category","embeddable":true,"href":"https:\/\/unifranz.edu.bo\/pt\/wp-json\/wp\/v2\/categories?post=708786"},{"taxonomy":"post_tag","embeddable":true,"href":"https:\/\/unifranz.edu.bo\/pt\/wp-json\/wp\/v2\/tags?post=708786"}],"curies":[{"name":"wp","href":"https:\/\/api.w.org\/{rel}","templated":true}]}}