{"id":708782,"date":"2025-10-07T10:45:02","date_gmt":"2025-10-07T14:45:02","guid":{"rendered":"https:\/\/unifranz.edu.bo\/?p=708782"},"modified":"2025-10-07T10:45:09","modified_gmt":"2025-10-07T14:45:09","slug":"reconoce-el-burnout-antes-de-que-impacte-tu-productividad","status":"publish","type":"post","link":"https:\/\/unifranz.edu.bo\/pt\/blog\/reconoce-el-burnout-antes-de-que-impacte-tu-productividad\/","title":{"rendered":"Reconoce el burnout antes de que impacte tu productividad"},"content":{"rendered":"<p>El s\u00edndrome de burnout, tambi\u00e9n conocido como \u201cs\u00edndrome del trabajador quemado\u201d, se ha convertido en una de las principales amenazas silenciosas para la salud mental en la actualidad. Reconocer sus se\u00f1ales a tiempo y aprender a combatirlo puede marcar la diferencia entre el desgaste cr\u00f3nico y una vida laboral saludable.<\/p>\n\n\n\n<p>Karina S\u00e1nchez Apaza, docente de la carrera de Psicolog\u00eda en la Universidad Franz Tamayo, Unifranz, sostiene que el s\u00edndrome de burnout puede contribuir al deterioro de la salud mental y f\u00edsica del individuo.&nbsp;<\/p>\n\n\n\n<blockquote class=\"wp-block-quote is-layout-flow wp-block-quote-is-layout-flow\">\n<p>\u201cLas personas m\u00e1s vulnerables al burnout suelen ser aquellas que se involucran profundamente con su trabajo\u201d, sostiene S\u00e1nchez, De la misma manera, asegura que esta afecci\u00f3n se atraviesa por tres fases cl\u00e1sicas:&nbsp;la fase de agotamiento emocional, la fase de despersonalizaci\u00f3n o cinismo, y la fase de falta de realizaci\u00f3n personal.&nbsp;<\/p>\n<\/blockquote>\n\n\n\n<p>La acad\u00e9mica destaca que estas fases reflejan el deterioro progresivo del bienestar emocional y la satisfacci\u00f3n laboral.<\/p>\n\n\n\n<p>Un estudio de la Organizaci\u00f3n Mundial de la Salud (OMS) se\u00f1ala que el burnout, tambi\u00e9n conocido como agotamiento laboral, afecta a una parte importante de los trabajadores. Este problema es especialmente com\u00fan en profesiones que requieren una gran carga emocional, como la salud, la educaci\u00f3n y la tecnolog\u00eda.<\/p>\n\n\n\n<p>La OMS, en 2019, incluy\u00f3 oficialmente el burnout en la Clasificaci\u00f3n Internacional de Enfermedades, reconociendo como un fen\u00f3meno relacionado con el entorno laboral. Esto significa que, aunque no se considera una enfermedad por s\u00ed sola, s\u00ed es una condici\u00f3n que surge a causa del trabajo.<\/p>\n\n\n\n<p>Entre los factores que aumentan el riesgo de sufrir esta afecci\u00f3n se encuentran: una carga de trabajo excesiva, la falta de apoyo social, el desequilibrio entre la vida laboral y personal, y la percepci\u00f3n de injusticia en el lugar de trabajo. Estos elementos, combinados o por separado, pueden afectar seriamente el bienestar f\u00edsico y emocional de las personas.<\/p>\n\n\n\n<p><strong>C\u00f3mo reconocer el burnout<\/strong><\/p>\n\n\n\n<p>Entre los primeros signos de alerta se encuentran los dolores de cabeza frecuentes, el insomnio, la irritabilidad, la dificultad para concentrarse y la p\u00e9rdida de inter\u00e9s por las actividades que antes resultaban gratificantes. A menudo, el burnout se confunde con simple cansancio o con depresi\u00f3n, pero se diferencia en que est\u00e1 directamente relacionado con el entorno laboral o acad\u00e9mico.<\/p>\n\n\n\n<p>Tambi\u00e9n pueden presentarse s\u00edntomas f\u00edsicos como cansancio constante, incluso despu\u00e9s de dormir bien, insomnio, dolores de cabeza, musculares o problemas digestivos. En el comportamiento, se puede notar aislamiento social, baja productividad, procrastinaci\u00f3n o aumento en el consumo de sustancias como cafe\u00edna o alcohol.<\/p>\n\n\n\n<p>Sentirse cansado no es lo mismo que estar exhausto emocionalmente. El burnout es una condici\u00f3n psicol\u00f3gica y f\u00edsica que surge del estr\u00e9s laboral prolongado, especialmente cuando las demandas del entorno superan los recursos personales para enfrentarlas. Este fen\u00f3meno afecta a millones de personas, desde profesionales de la salud hasta docentes, ejecutivos y estudiantes universitarios.<\/p>\n\n\n\n<p><strong>C\u00f3mo combatir el burnout de forma sencilla<\/strong><\/p>\n\n\n\n<p>Para combatirla, se requiere un enfoque integral. No basta con descansar un fin de semana o tomarse vacaciones: es necesario replantear h\u00e1bitos, l\u00edmites y prioridades. La prevenci\u00f3n comienza por reconocer las se\u00f1ales y actuar antes de que el agotamiento se cronifique. Algunas de las estrategias m\u00e1s efectivas destacan:<\/p>\n\n\n\n<p>1. Aprender a desconectarse. Establecer l\u00edmites claros entre la vida laboral y personal, evitando llevar trabajo a casa o revisar correos fuera del horario.<\/p>\n\n\n\n<p>2. Gestionar el tiempo. Priorizar tareas y delegar cuando sea posible reduce la sobrecarga mental.<\/p>\n\n\n\n<p>3. Cuidar el cuerpo. Dormir bien, alimentarse adecuadamente y practicar actividad f\u00edsica ayudan a reducir los niveles de estr\u00e9s.<\/p>\n\n\n\n<p>4. Expresar emociones. Hablar de lo que se siente con colegas, amigos o profesionales de la salud mental evita el aislamiento.<\/p>\n\n\n\n<p>5. Buscar prop\u00f3sito. Recordar el sentido del trabajo o reconectarse con metas personales da energ\u00eda y direcci\u00f3n.<\/p>\n\n\n\n<p>Un an\u00e1lisis de varios estudios realizado en 2020 encontr\u00f3 que el burnout, o agotamiento laboral, est\u00e1 relacionado con problemas de salud mental como la depresi\u00f3n y la ansiedad, as\u00ed como con problemas f\u00edsicos como enfermedades del coraz\u00f3n e insomnio. Tambi\u00e9n se asocia con una menor productividad en el trabajo y un aumento en la rotaci\u00f3n de personal, ya que las personas afectadas tienden a cambiar de empleo con m\u00e1s frecuencia.&nbsp;<\/p>\n\n\n\n<blockquote class=\"wp-block-quote is-layout-flow wp-block-quote-is-layout-flow\">\n<p>\u201cEs crucial buscar el apoyo de profesionales de la salud mental para abordar tanto los aspectos emocionales como las fuentes de estr\u00e9s laboral\u201d, enfatiza la acad\u00e9mica.<\/p>\n<\/blockquote>\n\n\n\n<p>Tambi\u00e9n es \u00fatil organizar el tiempo con t\u00e9cnicas como el m\u00e9todo Pomodoro y aprender a poner l\u00edmites, por ejemplo, no responder correos fuera del horario laboral. En el trabajo, hablar con los jefes sobre la carga de tareas, fomentar buenas relaciones con compa\u00f1eros y promover pol\u00edticas de bienestar ayudan a reducir el desgaste.<\/p>\n\n\n\n<p>Si el entorno laboral es t\u00f3xico o muy exigente, puede ser necesario impulsar cambios o incluso considerar un nuevo empleo. Combatir el burnout requiere acciones concretas, tanto individuales como colectivas. Es importante promover un ambiente de apoyo, comunicaci\u00f3n abierta y reconocimiento, esto puede reducir dr\u00e1sticamente los casos de burnout.&nbsp; En algunos casos, buscar ayuda profesional, como la terapia cognitivo-conductual, puede ser muy eficaz.<\/p>\n\n\n\n<blockquote class=\"wp-block-quote is-layout-flow wp-block-quote-is-layout-flow\">\n<p>\u201cLas empresas deben promover una cultura que valore el bienestar de los empleados, ofrecer programas de apoyo psicol\u00f3gico, fomentar un equilibrio entre trabajo y vida personal, y estar atentas a signos de agotamiento en sus empleados\u201d. enfatiza la especialista.<\/p>\n<\/blockquote>\n\n\n\n<p>Esta afecci\u00f3n no aparece de un d\u00eda para otro. Se gesta lentamente, en silencio, hasta que el cuerpo y la mente dicen \u201cbasta\u201d. Reconocerlo a tiempo es el primer paso hacia la recuperaci\u00f3n. Combatirlo implica un cambio cultural: entender que el \u00e9xito no se mide solo por la productividad, sino por la capacidad de mantener la mente y el coraz\u00f3n en equilibrio.<\/p>\n\n\n\n<p>El descanso parece un lujo, pero aprender a detenerse se convierte en un acto de salud y de inteligencia emocional.<\/p>","protected":false},"excerpt":{"rendered":"<p>\u00bfSufres de burnout? Aprende c\u00f3mo reducir el estr\u00e9s laboral con t\u00e9cnicas de autocuidado, organizaci\u00f3n del tiempo, apoyo social y ayuda profesional. Claves pr\u00e1cticas para mejorar tu salud mental y calidad de vida.<\/p>","protected":false},"author":51,"featured_media":708783,"comment_status":"open","ping_status":"open","sticky":false,"template":"","format":"standard","meta":{"_acf_changed":false,"footnotes":""},"categories":[60],"tags":[266,53,5906,1422,49,240,7626,2944,9044,242],"class_list":["post-708782","post","type-post","status-publish","format-standard","has-post-thumbnail","hentry","category-blog","tag-bolivia","tag-educacion","tag-estres-laboral","tag-innovacion-en-educacion","tag-medicina","tag-psicologia","tag-salud-fisica","tag-salud-mental","tag-sindrome-del-burnout","tag-unifranz"],"acf":[],"_links":{"self":[{"href":"https:\/\/unifranz.edu.bo\/pt\/wp-json\/wp\/v2\/posts\/708782","targetHints":{"allow":["GET"]}}],"collection":[{"href":"https:\/\/unifranz.edu.bo\/pt\/wp-json\/wp\/v2\/posts"}],"about":[{"href":"https:\/\/unifranz.edu.bo\/pt\/wp-json\/wp\/v2\/types\/post"}],"author":[{"embeddable":true,"href":"https:\/\/unifranz.edu.bo\/pt\/wp-json\/wp\/v2\/users\/51"}],"replies":[{"embeddable":true,"href":"https:\/\/unifranz.edu.bo\/pt\/wp-json\/wp\/v2\/comments?post=708782"}],"version-history":[{"count":1,"href":"https:\/\/unifranz.edu.bo\/pt\/wp-json\/wp\/v2\/posts\/708782\/revisions"}],"predecessor-version":[{"id":708784,"href":"https:\/\/unifranz.edu.bo\/pt\/wp-json\/wp\/v2\/posts\/708782\/revisions\/708784"}],"wp:featuredmedia":[{"embeddable":true,"href":"https:\/\/unifranz.edu.bo\/pt\/wp-json\/wp\/v2\/media\/708783"}],"wp:attachment":[{"href":"https:\/\/unifranz.edu.bo\/pt\/wp-json\/wp\/v2\/media?parent=708782"}],"wp:term":[{"taxonomy":"category","embeddable":true,"href":"https:\/\/unifranz.edu.bo\/pt\/wp-json\/wp\/v2\/categories?post=708782"},{"taxonomy":"post_tag","embeddable":true,"href":"https:\/\/unifranz.edu.bo\/pt\/wp-json\/wp\/v2\/tags?post=708782"}],"curies":[{"name":"wp","href":"https:\/\/api.w.org\/{rel}","templated":true}]}}