{"id":708751,"date":"2025-10-05T22:46:15","date_gmt":"2025-10-06T02:46:15","guid":{"rendered":"https:\/\/unifranz.edu.bo\/?p=708751"},"modified":"2025-10-05T22:46:21","modified_gmt":"2025-10-06T02:46:21","slug":"el-covid-19-continua-afectando-la-salud-de-los-bolivianos","status":"publish","type":"post","link":"https:\/\/unifranz.edu.bo\/pt\/blog\/el-covid-19-continua-afectando-la-salud-de-los-bolivianos\/","title":{"rendered":"El Covid-19 contin\u00faa afectando la salud de los bolivianos"},"content":{"rendered":"<p>Aunque las mascarillas se han guardado y los hospitales han vuelto a su ritmo habitual, el Covid-19 sigue presente, no como un virus activo y sin control, sino como una serie de secuelas que persisten en el cuerpo y la vida de miles de bolivianos. La emergencia sanitaria global puede haber quedado atr\u00e1s, pero su impacto sigue marcando huellas profundas en la salud, la econom\u00eda y el tejido social del pa\u00eds.<\/p>\n\n\n\n<blockquote class=\"wp-block-quote is-layout-flow wp-block-quote-is-layout-flow\">\n<p>El virus dej\u00f3 atr\u00e1s m\u00e1s que recuerdos. Muchos de quienes superaron la enfermedad \u2014especialmente los que estuvieron en cuidados intensivos\u2014 hoy enfrentan complicaciones cr\u00f3nicas que afectan su calidad de vida. \u201cEspecialmente las personas que han pasado un Covid grave, las que fueron a terapia intensiva, son las que van a presentar secuelas a m\u00e1s largo plazo. Una de ellas es la fibrosis pulmonar, cuando los pulmones pierden elasticidad\u201d, explica el Dr. Gabriel Mendoza, docente de Medicina en la Universidad Franz Tamayo (Unifranz).<\/p>\n<\/blockquote>\n\n\n\n<p>Esta condici\u00f3n impide que los pacientes respiren con normalidad, lo que genera fatiga persistente y limita actividades cotidianas, incluso las m\u00e1s simples como subir escaleras o caminar a paso ligero. Pero los pulmones no son los \u00fanicos \u00f3rganos afectados.<\/p>\n\n\n\n<p><strong>Un virus con efectos m\u00faltiples y duraderos<\/strong><\/p>\n\n\n\n<blockquote class=\"wp-block-quote is-layout-flow wp-block-quote-is-layout-flow\">\n<p>La Organizaci\u00f3n Mundial de la Salud ha definido esta condici\u00f3n como Covid prolongado o Long Covid, un s\u00edndrome que puede afectar hasta al 10% de las personas contagiadas. Sus s\u00edntomas var\u00edan: desde tos y palpitaciones, hasta ansiedad, insomnio o dificultades cognitivas. \u201cSe puede presentar tos persistente, dificultad para respirar, palpitaciones, taquicardia, fatiga extrema, dolores musculares y articulares, adem\u00e1s de insomnio, ansiedad, depresi\u00f3n, diarrea, dolor abdominal o p\u00e9rdida de olfato y gusto\u201d, se\u00f1ala Mendoza.<\/p>\n<\/blockquote>\n\n\n\n<p>A menudo, estos s\u00edntomas aparecen meses despu\u00e9s de la infecci\u00f3n y pueden durar a\u00f1os. Lo m\u00e1s preocupante es que en algunos casos derivan en da\u00f1os permanentes. M\u00e9dicos en Bolivia y el mundo han documentado secuelas graves: fibrosis pulmonar, arritmias, insuficiencia card\u00edaca, problemas neurol\u00f3gicos e incluso un mayor riesgo de padecer diabetes tipo 2.<\/p>\n\n\n\n<blockquote class=\"wp-block-quote is-layout-flow wp-block-quote-is-layout-flow\">\n<p>El impacto no siempre es visible de inmediato. \u201cDependiendo de si hay enfermedades de base puede ser mortal\u201d, advierte el especialista. Las personas con diabetes, hipertensi\u00f3n u obesidad son m\u00e1s vulnerables, y en ellas las secuelas pueden evolucionar con el tiempo hasta convertirse en cuadros cr\u00edticos. \u201cEs dif\u00edcil calcular una tasa de mortalidad o el tiempo, ya que pueden ser de cinco a 10 o 15 a\u00f1os en los que pueden presentarse estas secuelas y avanzar\u201d, agrega el especialista.<\/p>\n<\/blockquote>\n\n\n\n<p><strong>M\u00e1s all\u00e1 de la biolog\u00eda, est\u00e1 el impacto humano<\/strong><\/p>\n\n\n\n<p>En los hogares bolivianos, las consecuencias del Covid-19 siguen presentes: adultos mayores que necesitan ox\u00edgeno para vivir, j\u00f3venes que ya no pueden rendir en sus trabajos, estudiantes que luchan por concentrarse en clase. Las familias se ven obligadas a reorganizar su d\u00eda a d\u00eda para cuidar a quienes, aunque \u00abrecuperados\u00bb, siguen dependiendo de medicamentos, terapias o asistencia constante.<\/p>\n\n\n\n<p>Es una pandemia invisible, sin conferencias de prensa ni gr\u00e1ficos actualizados, pero con efectos concretos y duraderos.<\/p>\n\n\n\n<p><strong>Cifras que duelen<\/strong><\/p>\n\n\n\n<p>El Censo Nacional 2024 confirm\u00f3 lo que muchos sospechaban: el Covid-19 dej\u00f3 un impacto demogr\u00e1fico sin precedentes. Bolivia esperaba superar los 12 millones de habitantes, pero los datos arrojaron una poblaci\u00f3n de 11.312.620. Parte de esa diferencia \u2014m\u00e1s de 55.000 muertes en exceso\u2014 se atribuye directamente a la pandemia.<\/p>\n\n\n\n<p>Adem\u00e1s, la crisis sanitaria aceler\u00f3 otros fen\u00f3menos: la tasa de fecundidad cay\u00f3 a 2,1 hijos por mujer, reduciendo en 350.000 los nacimientos esperados. La migraci\u00f3n tambi\u00e9n se intensific\u00f3, restando m\u00e1s de 100.000 personas al conteo poblacional.<\/p>\n\n\n\n<p>Lo m\u00e1s urgente ahora es reconocer que la pandemia no ha terminado del todo. Las secuelas m\u00e9dicas, emocionales y sociales del Covid-19 necesitan atenci\u00f3n espec\u00edfica. Bolivia enfrenta un desaf\u00edo doble: por un lado, atender a los pacientes que conviven con estas condiciones cr\u00f3nicas, y por otro, preparar a sus profesionales de salud, psicolog\u00eda, educaci\u00f3n y gesti\u00f3n p\u00fablica para lidiar con este escenario postpand\u00e9mico.<\/p>\n\n\n\n<blockquote class=\"wp-block-quote is-layout-flow wp-block-quote-is-layout-flow\">\n<p>\u201cLas nuevas generaciones de m\u00e9dicos, terapeutas y trabajadores sociales deben entender esta dimensi\u00f3n silenciosa del Covid-19. Ya no se trata solo de curar una infecci\u00f3n, sino de acompa\u00f1ar a quienes la seguir\u00e1n sintiendo durante a\u00f1os\u201d, concluye Mendoza.<\/p>\n<\/blockquote>\n\n\n\n<p>La emergencia sanitaria puede haber terminado, pero la historia humana de esta pandemia a\u00fan se est\u00e1 escribiendo.<\/p>\n\n\n\n<p><\/p>","protected":false},"excerpt":{"rendered":"<p>Aunque la emergencia del Covid-19 pas\u00f3, miles de bolivianos siguen enfrentando secuelas graves: desde fibrosis pulmonar hasta problemas neurol\u00f3gicos. Esta afecci\u00f3n deja huellas profundas en la salud y el tejido social del pa\u00eds.<\/p>","protected":false},"author":51,"featured_media":708752,"comment_status":"open","ping_status":"open","sticky":false,"template":"","format":"standard","meta":{"_acf_changed":false,"footnotes":""},"categories":[60],"tags":[2152,266,7920,1480,1422,49,3998,242],"class_list":["post-708751","post","type-post","status-publish","format-standard","has-post-thumbnail","hentry","category-blog","tag-secuelasdelcovid","tag-bolivia","tag-censo-2024","tag-covid-19","tag-innovacion-en-educacion","tag-medicina","tag-pulmones","tag-unifranz"],"acf":[],"_links":{"self":[{"href":"https:\/\/unifranz.edu.bo\/pt\/wp-json\/wp\/v2\/posts\/708751","targetHints":{"allow":["GET"]}}],"collection":[{"href":"https:\/\/unifranz.edu.bo\/pt\/wp-json\/wp\/v2\/posts"}],"about":[{"href":"https:\/\/unifranz.edu.bo\/pt\/wp-json\/wp\/v2\/types\/post"}],"author":[{"embeddable":true,"href":"https:\/\/unifranz.edu.bo\/pt\/wp-json\/wp\/v2\/users\/51"}],"replies":[{"embeddable":true,"href":"https:\/\/unifranz.edu.bo\/pt\/wp-json\/wp\/v2\/comments?post=708751"}],"version-history":[{"count":4,"href":"https:\/\/unifranz.edu.bo\/pt\/wp-json\/wp\/v2\/posts\/708751\/revisions"}],"predecessor-version":[{"id":708756,"href":"https:\/\/unifranz.edu.bo\/pt\/wp-json\/wp\/v2\/posts\/708751\/revisions\/708756"}],"wp:featuredmedia":[{"embeddable":true,"href":"https:\/\/unifranz.edu.bo\/pt\/wp-json\/wp\/v2\/media\/708752"}],"wp:attachment":[{"href":"https:\/\/unifranz.edu.bo\/pt\/wp-json\/wp\/v2\/media?parent=708751"}],"wp:term":[{"taxonomy":"category","embeddable":true,"href":"https:\/\/unifranz.edu.bo\/pt\/wp-json\/wp\/v2\/categories?post=708751"},{"taxonomy":"post_tag","embeddable":true,"href":"https:\/\/unifranz.edu.bo\/pt\/wp-json\/wp\/v2\/tags?post=708751"}],"curies":[{"name":"wp","href":"https:\/\/api.w.org\/{rel}","templated":true}]}}