{"id":708735,"date":"2025-10-03T19:32:24","date_gmt":"2025-10-03T23:32:24","guid":{"rendered":"https:\/\/unifranz.edu.bo\/?p=708735"},"modified":"2025-10-03T19:42:33","modified_gmt":"2025-10-03T23:42:33","slug":"dia-de-la-cueca-boliviana-cuando-el-patrimonio-se-baila","status":"publish","type":"post","link":"https:\/\/unifranz.edu.bo\/pt\/blog\/dia-de-la-cueca-boliviana-cuando-el-patrimonio-se-baila\/","title":{"rendered":"D\u00eda de la Cueca Boliviana: cuando el patrimonio se baila"},"content":{"rendered":"<p>Cada primer domingo de octubre, Bolivia se viste de m\u00fasica y pa\u00f1uelos. La cueca, declarada Patrimonio Cultural Inmaterial del Estado Plurinacional mediante la Ley 764 en 2015, se convierte en la protagonista de plazas, colegios, universidades y escenarios donde generaciones enteras se re\u00fanen para celebrar.<\/p>\n\n\n\n<p><\/p>\n\n\n\n<blockquote class=\"wp-block-quote is-layout-flow wp-block-quote-is-layout-flow\">\n<p>\u201cEste domingo, 5 de octubre, celebramos el D\u00eda Nacional de la Cueca Boliviana, por mandato de la Ley 764 de 2015. Unifranz no ha querido quedarse atr\u00e1s en este d\u00eda tan importante para Bolivia\u201d, expres\u00f3 David Vel\u00e1squez, asesor de culturas y deportes de Unifranz.<\/p>\n<\/blockquote>\n\n\n\n<p><\/p>\n\n\n\n<p>La danza no es solo un conjunto de pasos ensayados. Para muchos j\u00f3venes, es un lenguaje con el que expresan identidad y emoci\u00f3n. En la Universidad Franz Tamayo, Unifranz, los estudiantes mantienen viva esta tradici\u00f3n desde su ballet institucional.<\/p>\n\n\n\n<p><\/p>\n\n\n\n<h2 class=\"wp-block-heading\"><strong>Voces desde el escenario universitario<\/strong><\/h2>\n\n\n\n<p><\/p>\n\n\n\n<p>Bel\u00e9n Torres, estudiante de Dise\u00f1o Gr\u00e1fico y Producci\u00f3n Crossmedia, cuenta que la danza la acompa\u00f1a desde ni\u00f1a. \u201cBailo desde que tengo seis a\u00f1os\u201d, recuerda. Por eso, al llegar a la universidad, no dud\u00f3 en integrarse al ballet.<\/p>\n\n\n\n<p><\/p>\n\n\n\n<blockquote class=\"wp-block-quote is-layout-flow wp-block-quote-is-layout-flow\">\n<p>Para ella, la cueca va m\u00e1s all\u00e1 de lo t\u00e9cnico: \u201cNo se trata simplemente de una danza, es un patrimonio de Bolivia. Es lindo porque es el momento en el que una pareja se enamora, en el que una pareja se encuentra. Es ese momento de coqueteo, entonces es algo muy bonito\u201d.<\/p>\n<\/blockquote>\n\n\n\n<p><\/p>\n\n\n\n<figure class=\"wp-block-embed is-type-video is-provider-youtube wp-block-embed-youtube wp-embed-aspect-16-9 wp-has-aspect-ratio\"><div class=\"wp-block-embed__wrapper\">\n<iframe loading=\"lazy\" title=\"\ud83c\udfb5 Cueca Boliviana: patrimonio cultural que late en cada generaci\u00f3n\" width=\"500\" height=\"281\" src=\"https:\/\/www.youtube.com\/embed\/f8ptvAhhMa8?feature=oembed\" frameborder=\"0\" allow=\"accelerometer; autoplay; clipboard-write; encrypted-media; gyroscope; picture-in-picture; web-share\" referrerpolicy=\"strict-origin-when-cross-origin\" allowfullscreen><\/iframe>\n<\/div><\/figure>\n\n\n\n<p><\/p>\n\n\n\n<p>Su compa\u00f1ero de danza, Robert Juli\u00e1n Velasco Pinto, estudiante de Administraci\u00f3n de Empresas, tambi\u00e9n recuerda que comenz\u00f3 a bailar desde temprana edad. Al preguntarle por el secreto de bailar cueca, responde con claridad:<\/p>\n\n\n\n<p><\/p>\n\n\n\n<blockquote class=\"wp-block-quote is-layout-flow wp-block-quote-is-layout-flow\">\n<p>\u201cYo creo que no hay un secreto como tal, ya que es una expresi\u00f3n que el mismo cuerpo llega a generar. Es como una pasi\u00f3n que uno tiene dentro y que hay que transmitir como un arte\u201d, sostiene.<\/p>\n<\/blockquote>\n\n\n\n<p><\/p>\n\n\n\n<p>Para Robert, la cueca es tambi\u00e9n una experiencia de liberaci\u00f3n: \u201cCon las melod\u00edas que van tocando, tu cuerpo se va soltando. Es como paz y amor en la cueca. Es algo muy tradicional, como dijo mi compa\u00f1era, algo muy patrimonial. Es como desbrozar un poco y dar paz a tu cuerpo\u201d.<\/p>\n\n\n\n<p><\/p>\n\n\n\n<h2 class=\"wp-block-heading\"><strong>Una tradici\u00f3n que se renueva<\/strong><\/h2>\n\n\n\n<p>Y es que esta danza no es solo un baile, sino una expresi\u00f3n cultural ligada a la identidad de los bolivianos y que est\u00e1 presente en cada uno de sus actos de celebraci\u00f3n. En bodas, fiestas de quince a\u00f1os, fiestas patronales,&nbsp; graduaciones o cumplea\u00f1os, la cueca es la invitada de rigor.<\/p>\n\n\n\n<p><\/p>\n\n\n\n<p>Lo interesante, coinciden ambos j\u00f3venes, es c\u00f3mo la cueca ha ido ganando un lugar en las nuevas generaciones. Para Robert, esto, sumado al impulso que se le dio con la Ley 764, ha generado que la cueca se revalorice y se reconozca m\u00e1s all\u00e1 de las fronteras.<\/p>\n\n\n\n<p>Pero tambi\u00e9n es parte de la educaci\u00f3n de los universitarios. Vel\u00e1squez sostiene que las expresiones culturales y art\u00edsticas son fundamentales para formar profesionales integrales, capaces de tener una mirada global con identidad local.<\/p>\n\n\n\n<p><\/p>\n\n\n\n<blockquote class=\"wp-block-quote is-layout-flow wp-block-quote-is-layout-flow\">\n<p>\u201cPara nosotros, como \u00e1rea cultural, es muy importante, ya que demostramos \u2014mediante la danza y como universidad\u2014 todo el potencial que puede tener nuestra querida Bolivia. Tratamos de inculcar en nuestros estudiantes no solo valores acad\u00e9micos, sino tambi\u00e9n valores extracurriculares que puedan fortalecerlos y acercarlos a la cultura del pa\u00eds\u201d, se\u00f1ala.<\/p>\n<\/blockquote>\n\n\n\n<p><\/p>\n\n\n\n<p>Ese proceso de revitalizaci\u00f3n tambi\u00e9n se refleja en la diversidad de estilos: cueca pace\u00f1a, cochabambina, chuquisaque\u00f1a, tarije\u00f1a o chaque\u00f1a, todas con ritmos y matices distintos que muestran la riqueza cultural del pa\u00eds.<\/p>\n\n\n\n<p><\/p>\n\n\n\n<h2 class=\"wp-block-heading\"><strong>M\u00e1s que un baile, un patrimonio vivo<\/strong><\/h2>\n\n\n\n<p><\/p>\n\n\n\n<p>El D\u00eda de la Cueca Boliviana es mucho m\u00e1s que una fecha en el calendario. Es un recordatorio de que la danza es identidad, pero tambi\u00e9n un espacio de encuentro entre tradici\u00f3n y juventud. En cada pa\u00f1uelo que se agita hay una historia, en cada zapateo hay memoria y en cada pareja que se enfrenta en la pista hay un gui\u00f1o de continuidad cultural.<\/p>\n\n\n\n<p><\/p>\n\n\n\n<p>Los testimonios de Bel\u00e9n y Robert muestran que la cueca no se limita a actos protocolares ni festivales. Vive en quienes deciden apropiarse de ella, en quienes la sienten como una forma de expresi\u00f3n personal y colectiva.<\/p>\n\n\n\n<p><\/p>\n\n\n\n<p>Como dice Bel\u00e9n, es \u201cel momento en el que una pareja se enamora\u201d y como a\u00f1ade Robert, es \u201cpaz y amor en la cueca\u201d. Y en esa suma de gestos, emociones y s\u00edmbolos, Bolivia encuentra una de sus expresiones culturales m\u00e1s aut\u00e9nticas.<\/p>","protected":false},"excerpt":{"rendered":"<p>Cueca Boliviana: patrimonio cultural que combina historia, emoci\u00f3n y tradici\u00f3n, promovido en plazas, colegios y la universidad Unifranz.<\/p>","protected":false},"author":53,"featured_media":708736,"comment_status":"open","ping_status":"open","sticky":false,"template":"","format":"standard","meta":{"_acf_changed":false,"footnotes":""},"categories":[60],"tags":[11462,7163,7493,11461,386,1422,242],"class_list":["post-708735","post","type-post","status-publish","format-standard","has-post-thumbnail","hentry","category-blog","tag-ballet-unifranz","tag-cultura-boliviana","tag-danzas","tag-dia-de-la-cueca-boliviana","tag-estudiantes","tag-innovacion-en-educacion","tag-unifranz"],"acf":[],"_links":{"self":[{"href":"https:\/\/unifranz.edu.bo\/pt\/wp-json\/wp\/v2\/posts\/708735","targetHints":{"allow":["GET"]}}],"collection":[{"href":"https:\/\/unifranz.edu.bo\/pt\/wp-json\/wp\/v2\/posts"}],"about":[{"href":"https:\/\/unifranz.edu.bo\/pt\/wp-json\/wp\/v2\/types\/post"}],"author":[{"embeddable":true,"href":"https:\/\/unifranz.edu.bo\/pt\/wp-json\/wp\/v2\/users\/53"}],"replies":[{"embeddable":true,"href":"https:\/\/unifranz.edu.bo\/pt\/wp-json\/wp\/v2\/comments?post=708735"}],"version-history":[{"count":3,"href":"https:\/\/unifranz.edu.bo\/pt\/wp-json\/wp\/v2\/posts\/708735\/revisions"}],"predecessor-version":[{"id":708739,"href":"https:\/\/unifranz.edu.bo\/pt\/wp-json\/wp\/v2\/posts\/708735\/revisions\/708739"}],"wp:featuredmedia":[{"embeddable":true,"href":"https:\/\/unifranz.edu.bo\/pt\/wp-json\/wp\/v2\/media\/708736"}],"wp:attachment":[{"href":"https:\/\/unifranz.edu.bo\/pt\/wp-json\/wp\/v2\/media?parent=708735"}],"wp:term":[{"taxonomy":"category","embeddable":true,"href":"https:\/\/unifranz.edu.bo\/pt\/wp-json\/wp\/v2\/categories?post=708735"},{"taxonomy":"post_tag","embeddable":true,"href":"https:\/\/unifranz.edu.bo\/pt\/wp-json\/wp\/v2\/tags?post=708735"}],"curies":[{"name":"wp","href":"https:\/\/api.w.org\/{rel}","templated":true}]}}