{"id":708718,"date":"2025-10-04T10:27:55","date_gmt":"2025-10-04T14:27:55","guid":{"rendered":"https:\/\/unifranz.edu.bo\/?p=708718"},"modified":"2025-12-30T09:12:32","modified_gmt":"2025-12-30T13:12:32","slug":"operacion-sonrisa-regresa-a-el-alto","status":"publish","type":"post","link":"https:\/\/unifranz.edu.bo\/pt\/blog\/operacion-sonrisa-regresa-a-el-alto\/","title":{"rendered":"Operaci\u00f3n Sonrisa regresa a El Alto llevando esperanza a ni\u00f1os y j\u00f3venes junto a Unifranz"},"content":{"rendered":"<p>La historia de Mateo comenz\u00f3 con un enorme desaf\u00edo. Nacer con labio fisurado complicaba su alimentaci\u00f3n y llenaba de incertidumbre a sus padres sobre su futuro. Historias como la de Mateo se repiten en muchos hogares bolivianos. Desde hace m\u00e1s de dos d\u00e9cadas, <a href=\"https:\/\/operacionsonrisa.org.bo\/\" target=\"_blank\" rel=\"noopener\">Opera\u00e7\u00e3o Sorriso<\/a> ha acompa\u00f1ado a ni\u00f1os y j\u00f3venes en situaciones similares, transformando sus vidas a trav\u00e9s de cirug\u00edas reconstructivas gratuitas.<\/p>\n\n\n\n<p><\/p>\n\n\n\n<p>Este 11 de octubre, la esperanza tocar\u00e1 nuevamente las puertas de decenas de familias alte\u00f1as con la jornada de preselecci\u00f3n que se llevar\u00e1 a cabo en la Cl\u00ednica Odontol\u00f3gica de la <a href=\"https:\/\/unifranz.edu.bo\/\">Universidad Franz Tamayo<\/a>, Unifranz El Alto. All\u00ed, especialistas y voluntarios de Operaci\u00f3n Sonrisa Bolivia evaluar\u00e1n a los pacientes para ser parte del Programa Quir\u00fargico de octubre.<\/p>\n\n\n\n<p><\/p>\n\n\n\n<h2 class=\"wp-block-heading\"><strong>M\u00e1s que cirug\u00edas, una nueva vida<\/strong><\/h2>\n\n\n\n<p>La meta para esta gesti\u00f3n es beneficiar a 60 pacientes con cirug\u00edas reconstructivas y a otros 60 con procedimientos odontol\u00f3gicos especializados, enfocados en la salud bucal de ni\u00f1os y j\u00f3venes con labio fisurado y\/o paladar hendido.<\/p>\n\n\n\n<p>Los criterios m\u00e9dicos son estrictos, pero accesibles:<\/p>\n\n\n\n<ul class=\"wp-block-list\">\n<li>&#8211; Cirug\u00eda de labio fisurado desde los 6 meses.<\/li>\n<\/ul>\n\n\n\n<ul class=\"wp-block-list\">\n<li>&#8211; Cirug\u00eda de paladar hendido desde el primer a\u00f1o de vida.<\/li>\n<\/ul>\n\n\n\n<ul class=\"wp-block-list\">\n<li>&#8211; Sin l\u00edmite de edad.<\/li>\n<\/ul>\n\n\n\n<ul class=\"wp-block-list\">\n<li>&#8211; En el caso de la Misi\u00f3n Dental, los pacientes deben tener entre 2 y 13 a\u00f1os.<\/li>\n\n\n\n<li><\/li>\n<\/ul>\n\n\n\n<h2 class=\"wp-block-heading\"><strong>Una labor que deja huella<\/strong><\/h2>\n\n\n\n<p>Desde 1999, Operaci\u00f3n Sonrisa Bolivia ha transformado la vida de m\u00e1s de 5.227 pacientes con 6.141 procedimientos quir\u00fargicos. Adem\u00e1s, entre 2017 y 2025, 1.419 ni\u00f1os recibieron atenci\u00f3n odontol\u00f3gica que fortaleci\u00f3 su salud bucodental y mejor\u00f3 su autoestima.<\/p>\n\n\n\n<p><\/p>\n\n\n\n<p>La jornada de El Alto es fruto de la colaboraci\u00f3n entre Operaci\u00f3n Sonrisa Bolivia, la <a href=\"https:\/\/fundacionunifranz.org\/\" target=\"_blank\" rel=\"noopener\">Funda\u00e7\u00e3o Unifranz<\/a> y la carrera de <a href=\"https:\/\/unifranz.edu.bo\/\">Odontologia<\/a> de Unifranz El Alto, que ponen a disposici\u00f3n infraestructura, voluntarios y especialistas. Esta alianza refleja el compromiso de la academia y de la sociedad civil con quienes m\u00e1s lo necesitan.<\/p>\n\n\n\n<p><\/p>\n\n\n\n<p>Desde la perspectiva institucional, Pilar Hidalgo, directora de la Fundaci\u00f3n Unifranz, destaca que este tipo de iniciativas permiten trascender las aulas y llevar el conocimiento al servicio de la comunidad.<\/p>\n\n\n\n<p><\/p>\n\n\n\n<p>\u201cNuestro prop\u00f3sito es generar un impacto social real, promoviendo la equidad, el acceso a la salud y el desarrollo humano en poblaciones vulnerables. Aliarnos con Operaci\u00f3n Sonrisa significa no solo devolver sonrisas, sino tambi\u00e9n fortalecer la formaci\u00f3n de nuestros estudiantes en un entorno de compromiso social e interdisciplinario\u201d, sostiene.<\/p>\n\n\n\n<p><\/p>\n\n\n\n<p>Hidalgo remarca que estas acciones tienen un efecto multiplicador: \u201cLas familias reciben atenci\u00f3n especializada, los estudiantes adquieren experiencia transformadora y la universidad consolida su misi\u00f3n social a trav\u00e9s de proyectos sostenibles. Es un esfuerzo conjunto que genera beneficios compartidos y contribuye a cambiar vidas en nuestra comunidad\u201d.<\/p>\n\n\n\n<p><\/p>\n\n\n\n<h2 class=\"wp-block-heading\"><strong>Una invitaci\u00f3n a las familias<\/strong><\/h2>\n\n\n\n<p>\u201cA todos los pacientes con labio fisurado o paladar hendido y sus familias, quiero decirles que s\u00ed existen oportunidades reales para transformar sus vidas. No est\u00e1n solos. Desde Operaci\u00f3n Sonrisa Bolivia ponemos a disposici\u00f3n un equipo m\u00e9dico altamente preparado y comprometido que acompa\u00f1a a cada paciente en su camino hacia una mejor calidad de vida\u201d, asegura Cecilia Vaca, directora ejecutiva de la Fundaci\u00f3n en el pa\u00eds.<\/p>\n\n\n\n<p><\/p>\n\n\n\n<p>A\u00f1ade que una cirug\u00eda reconstructiva no solo cambia f\u00edsicamente, cambia tambi\u00e9n la autoestima, las posibilidades y el futuro. \u201cCada sonrisa que recuperamos es una historia que comienza de nuevo, llena de confianza y nuevas oportunidades\u201d, puntualiz\u00f3 la profesional.<\/p>\n\n\n\n<p><\/p>\n\n\n\n<h2 class=\"wp-block-heading\"><strong>Recomendaciones para participar<\/strong><\/h2>\n\n\n\n<p>Las familias interesadas deben acudir con el paciente el s\u00e1bado 11 de octubre desde las 8:00 am. en la Cl\u00ednica Odontol\u00f3gica de Unifranz El Alto. En el caso de los menores, es requisito asistir con padre, madre o tutor legal, y portar el documento de identidad de ambos.<\/p>\n\n\n\n<p><\/p>\n\n\n\n<p>Los m\u00e9dicos tambi\u00e9n recomiendan llegar en buen estado de salud, con una alimentaci\u00f3n adecuada y sin resfriados, para asegurar mejores posibilidades de selecci\u00f3n.<\/p>\n\n\n\n<figure class=\"wp-block-embed is-type-video is-provider-youtube wp-block-embed-youtube wp-embed-aspect-16-9 wp-has-aspect-ratio\"><div class=\"wp-block-embed__wrapper\">\n<iframe loading=\"lazy\" title=\"PODCAST UNIFRANZ - OPERACI\u00d3N SONRISA VUELVE A EL ALTO\" width=\"500\" height=\"281\" src=\"https:\/\/www.youtube.com\/embed\/EdDC56jIk1Y?feature=oembed\" frameborder=\"0\" allow=\"accelerometer; autoplay; clipboard-write; encrypted-media; gyroscope; picture-in-picture; web-share\" referrerpolicy=\"strict-origin-when-cross-origin\" allowfullscreen><\/iframe>\n<\/div><\/figure>","protected":false},"excerpt":{"rendered":"<p>Operaci\u00f3n Sonrisa vuelve a El Alto con cirug\u00edas gratuitas de labio fisurado y paladar hendido, devolviendo esperanza a ni\u00f1os y familias.<\/p>","protected":false},"author":25,"featured_media":708741,"comment_status":"open","ping_status":"open","sticky":false,"template":"","format":"standard","meta":{"_acf_changed":false,"footnotes":""},"categories":[60],"tags":[],"class_list":["post-708718","post","type-post","status-publish","format-standard","has-post-thumbnail","hentry","category-blog"],"acf":[],"_links":{"self":[{"href":"https:\/\/unifranz.edu.bo\/pt\/wp-json\/wp\/v2\/posts\/708718","targetHints":{"allow":["GET"]}}],"collection":[{"href":"https:\/\/unifranz.edu.bo\/pt\/wp-json\/wp\/v2\/posts"}],"about":[{"href":"https:\/\/unifranz.edu.bo\/pt\/wp-json\/wp\/v2\/types\/post"}],"author":[{"embeddable":true,"href":"https:\/\/unifranz.edu.bo\/pt\/wp-json\/wp\/v2\/users\/25"}],"replies":[{"embeddable":true,"href":"https:\/\/unifranz.edu.bo\/pt\/wp-json\/wp\/v2\/comments?post=708718"}],"version-history":[{"count":2,"href":"https:\/\/unifranz.edu.bo\/pt\/wp-json\/wp\/v2\/posts\/708718\/revisions"}],"predecessor-version":[{"id":710794,"href":"https:\/\/unifranz.edu.bo\/pt\/wp-json\/wp\/v2\/posts\/708718\/revisions\/710794"}],"wp:featuredmedia":[{"embeddable":true,"href":"https:\/\/unifranz.edu.bo\/pt\/wp-json\/wp\/v2\/media\/708741"}],"wp:attachment":[{"href":"https:\/\/unifranz.edu.bo\/pt\/wp-json\/wp\/v2\/media?parent=708718"}],"wp:term":[{"taxonomy":"category","embeddable":true,"href":"https:\/\/unifranz.edu.bo\/pt\/wp-json\/wp\/v2\/categories?post=708718"},{"taxonomy":"post_tag","embeddable":true,"href":"https:\/\/unifranz.edu.bo\/pt\/wp-json\/wp\/v2\/tags?post=708718"}],"curies":[{"name":"wp","href":"https:\/\/api.w.org\/{rel}","templated":true}]}}