{"id":708701,"date":"2025-10-03T11:01:27","date_gmt":"2025-10-03T15:01:27","guid":{"rendered":"https:\/\/unifranz.edu.bo\/?p=708701"},"modified":"2025-10-03T11:10:14","modified_gmt":"2025-10-03T15:10:14","slug":"unifranz-se-suma-a-la-carrera-solidaria-kilometros-de-esperanza-en-apoyo-a-ninos-con-cancer","status":"publish","type":"post","link":"https:\/\/unifranz.edu.bo\/pt\/blog\/unifranz-se-suma-a-la-carrera-solidaria-kilometros-de-esperanza-en-apoyo-a-ninos-con-cancer\/","title":{"rendered":"Unifranz se une a la Carrera \u201cKil\u00f3metros de Esperanza\u201d en apoyo a ni\u00f1os con c\u00e1ncer"},"content":{"rendered":"<p>El pr\u00f3ximo 5 de octubre, Santa Cruz ser\u00e1 escenario de la Carrera Solidaria \u201cKil\u00f3metros de Esperanza\u201d, una actividad que busca unir a la sociedad en torno a una causa de profundo impacto humano: apoyar a los ni\u00f1os con c\u00e1ncer y a sus familias. La Universidad Franz Tamayo, Unifranz, se suma a esta cruzada solidaria convencida de que el trabajo en equipo genera grandes resultados, sobre todo cuando se trata de ayudar.<\/p>\n\n\n\n<p>Todo lo recaudado en la carrera ser\u00e1 destinado a sostener los programas de ayuda de la Asociaci\u00f3n Vida y Esperanza, que desde hace a\u00f1os acompa\u00f1a con compromiso y amor a familias que enfrentan la dura batalla del c\u00e1ncer infantil. La iniciativa, m\u00e1s all\u00e1 del deporte, representa un gesto de uni\u00f3n, empat\u00eda y solidaridad hacia quienes m\u00e1s lo necesitan.<\/p>\n\n\n\n<blockquote class=\"wp-block-quote is-layout-flow wp-block-quote-is-layout-flow\">\n<p>\u201cNos mueve el profundo compromiso de acompa\u00f1ar a los ni\u00f1os con c\u00e1ncer y a sus familias. Esta marat\u00f3n no es solo un evento deportivo, es un acto de amor y esperanza\u201d, expres\u00f3 Claudia Rivera, directora del proyecto Momentos M\u00e1gicos de la Asociaci\u00f3n Vida y Esperanza.<\/p>\n<\/blockquote>\n\n\n\n<p>La asociaci\u00f3n naci\u00f3 a partir de la necesidad de brindar apoyo a muchas familias que enfrentaban la enfermedad sin apoyo ni voz. Desde entonces, ha impulsado campa\u00f1as de donaci\u00f3n, espacios de visibilizaci\u00f3n y programas de acompa\u00f1amiento emocional, convencida de que cada ni\u00f1o merece la oportunidad de vivir, so\u00f1ar y recibir un tratamiento digno.<\/p>\n\n\n\n<figure class=\"wp-block-image size-large\"><img loading=\"lazy\" decoding=\"async\" width=\"1024\" height=\"369\" src=\"https:\/\/unifranz.edu.bo\/wp-content\/uploads\/2025\/10\/WhatsApp-Image-2025-10-03-at-105735-1024x369.jpeg\" alt=\"\" class=\"wp-image-708703\" srcset=\"https:\/\/unifranz.edu.bo\/wp-content\/uploads\/2025\/10\/WhatsApp-Image-2025-10-03-at-105735-1024x369.jpeg 1024w, https:\/\/unifranz.edu.bo\/wp-content\/uploads\/2025\/10\/WhatsApp-Image-2025-10-03-at-105735-300x108.jpeg 300w, https:\/\/unifranz.edu.bo\/wp-content\/uploads\/2025\/10\/WhatsApp-Image-2025-10-03-at-105735-768x277.jpeg 768w, https:\/\/unifranz.edu.bo\/wp-content\/uploads\/2025\/10\/WhatsApp-Image-2025-10-03-at-105735-1536x554.jpeg 1536w, https:\/\/unifranz.edu.bo\/wp-content\/uploads\/2025\/10\/WhatsApp-Image-2025-10-03-at-105735-18x6.jpeg 18w, https:\/\/unifranz.edu.bo\/wp-content\/uploads\/2025\/10\/WhatsApp-Image-2025-10-03-at-105735.jpeg 1600w\" sizes=\"auto, (max-width: 1024px) 100vw, 1024px\" \/><\/figure>\n\n\n\n<p>\u201cQue instituciones acad\u00e9micas como Unifranz se unan a esta cruzada significa que no estamos solos, que la educaci\u00f3n y la solidaridad pueden caminar de la mano. Su respaldo amplifica nuestro mensaje y nos ayuda a llegar a m\u00e1s personas que quieren aportar un granito de esperanza\u201d, a\u00f1adi\u00f3 la directora.<\/p>\n\n\n\n<p>La expectativa de esta carrera solidaria va m\u00e1s all\u00e1 de recaudar recursos econ\u00f3micos. Tambi\u00e9n busca generar conciencia sobre la importancia de la detecci\u00f3n temprana del c\u00e1ncer infantil y demostrar a los ni\u00f1os que no est\u00e1n solos en su lucha, sino que cuentan con el abrazo de toda una sociedad que corre junto a ellos.<\/p>\n\n\n\n<blockquote class=\"wp-block-quote is-layout-flow wp-block-quote-is-layout-flow\">\n<p>\u201cLes dir\u00eda que cada paso que demos juntos ser\u00e1 un paso de esperanza para un ni\u00f1o que lucha por su vida. Participar en esta carrera no es solo hacer deporte, es correr con el coraz\u00f3n, es regalar sonrisas y fortalecer sue\u00f1os\u201d, invit\u00f3 Rivera a la poblaci\u00f3n cruce\u00f1a a sumarse a la iniciativa.<\/p>\n<\/blockquote>\n\n\n\n<p>Desde Unifranz, la participaci\u00f3n en esta actividad refleja su compromiso con una educaci\u00f3n transformadora y con la construcci\u00f3n de una sociedad m\u00e1s emp\u00e1tica. \u201cCreemos que la solidaridad es un valor que trasciende las aulas y se convierte en una forma de vida. Sumarnos a esta carrera es acompa\u00f1ar a quienes m\u00e1s lo necesitan y demostrar que la educaci\u00f3n tambi\u00e9n corre por la vida, sembrando esperanza y apoyando los sue\u00f1os de los ni\u00f1os\u201d, manifest\u00f3 Carola Miranda, directora de Marketing y Admisiones de Unifranz.<\/p>\n\n\n\n<p>Que tu coraz\u00f3n solidario tambi\u00e9n sea parte de esta carrera por la vida. Ingresa al siguiente enlace para inscribirte: <a href=\"https:\/\/www.eventrid.bo\/eventos\/esperanzadevida\/kilometros-de-esperanza-1ra-version?utm_campaign=eventrid&amp;utm_medium=featured&amp;utm_source=eventrid_site&amp;referer=\" target=\"_blank\" rel=\"noopener\">https:\/\/www.eventrid.bo\/eventos\/esperanzadevida\/kilometros-de-esperanza-1ra-version?utm_campaign=eventrid&amp;utm_medium=featured&amp;utm_source=eventrid_site&amp;referer=<\/a><\/p>","protected":false},"excerpt":{"rendered":"<p>El pr\u00f3ximo 5 de octubre, Santa Cruz ser\u00e1 escenario de la Carrera Solidaria \u201cKil\u00f3metros de Esperanza\u201d, una actividad que busca unir a la sociedad en torno a una causa de profundo impacto humano: apoyar a los ni\u00f1os con c\u00e1ncer y a sus familias. La Universidad Franz Tamayo, Unifranz, se suma a esta cruzada solidaria convencida &hellip; <a href=\"https:\/\/unifranz.edu.bo\/pt\/blog\/unifranz-se-suma-a-la-carrera-solidaria-kilometros-de-esperanza-en-apoyo-a-ninos-con-cancer\/\">Continued<\/a><\/p>","protected":false},"author":33,"featured_media":708702,"comment_status":"open","ping_status":"open","sticky":false,"template":"","format":"standard","meta":{"_acf_changed":false,"footnotes":""},"categories":[2576,60],"tags":[43,242,3624],"class_list":["post-708701","post","type-post","status-publish","format-standard","has-post-thumbnail","hentry","category-unifranz-santa-cruz","category-blog","tag-santa-cruz","tag-unifranz","tag-unifranz-santa-cruz"],"acf":[],"_links":{"self":[{"href":"https:\/\/unifranz.edu.bo\/pt\/wp-json\/wp\/v2\/posts\/708701","targetHints":{"allow":["GET"]}}],"collection":[{"href":"https:\/\/unifranz.edu.bo\/pt\/wp-json\/wp\/v2\/posts"}],"about":[{"href":"https:\/\/unifranz.edu.bo\/pt\/wp-json\/wp\/v2\/types\/post"}],"author":[{"embeddable":true,"href":"https:\/\/unifranz.edu.bo\/pt\/wp-json\/wp\/v2\/users\/33"}],"replies":[{"embeddable":true,"href":"https:\/\/unifranz.edu.bo\/pt\/wp-json\/wp\/v2\/comments?post=708701"}],"version-history":[{"count":2,"href":"https:\/\/unifranz.edu.bo\/pt\/wp-json\/wp\/v2\/posts\/708701\/revisions"}],"predecessor-version":[{"id":708705,"href":"https:\/\/unifranz.edu.bo\/pt\/wp-json\/wp\/v2\/posts\/708701\/revisions\/708705"}],"wp:featuredmedia":[{"embeddable":true,"href":"https:\/\/unifranz.edu.bo\/pt\/wp-json\/wp\/v2\/media\/708702"}],"wp:attachment":[{"href":"https:\/\/unifranz.edu.bo\/pt\/wp-json\/wp\/v2\/media?parent=708701"}],"wp:term":[{"taxonomy":"category","embeddable":true,"href":"https:\/\/unifranz.edu.bo\/pt\/wp-json\/wp\/v2\/categories?post=708701"},{"taxonomy":"post_tag","embeddable":true,"href":"https:\/\/unifranz.edu.bo\/pt\/wp-json\/wp\/v2\/tags?post=708701"}],"curies":[{"name":"wp","href":"https:\/\/api.w.org\/{rel}","templated":true}]}}