{"id":708675,"date":"2025-10-03T10:00:00","date_gmt":"2025-10-03T14:00:00","guid":{"rendered":"https:\/\/unifranz.edu.bo\/?p=708675"},"modified":"2025-10-02T17:51:33","modified_gmt":"2025-10-02T21:51:33","slug":"las-12-cualidades-esenciales-del-profesional-del-futuro-en-la-era-digital-y-laboral-4-0","status":"publish","type":"post","link":"https:\/\/unifranz.edu.bo\/pt\/blog\/las-12-cualidades-esenciales-del-profesional-del-futuro-en-la-era-digital-y-laboral-4-0\/","title":{"rendered":"Las 12 cualidades esenciales del profesional del futuro en la era digital y laboral 4.0"},"content":{"rendered":"<p>El futuro del trabajo ya no es una proyecci\u00f3n lejana, sino una realidad que avanza a pasos acelerados. La digitalizaci\u00f3n, la inteligencia artificial (IA) y la automatizaci\u00f3n est\u00e1n transformando los paradigmas tradicionales, modificando tanto los perfiles profesionales como la manera en que las empresas reclutan y desarrollan talento. En este contexto, la adaptabilidad, la innovaci\u00f3n y la formaci\u00f3n continua emergen como los pilares que definir\u00e1n al profesional del siglo XXI.<\/p>\n\n\n\n<p><\/p>\n\n\n\n<blockquote class=\"wp-block-quote is-layout-flow wp-block-quote-is-layout-flow\">\n<p>\u201cLas habilidades humanas, relacionadas con la comunicaci\u00f3n, las emociones o la toma de decisiones, entre otras, hacen la diferencia y su desarrollo es m\u00e1s imprescindible que nunca. Por supuesto que las universidades tienen que incluir \u00e9stas en su misi\u00f3n\u201d, afirma Hammeleth Saavedra Nagayama, director de la carrera de Ingenier\u00eda Comercial de Unifranz.<\/p>\n<\/blockquote>\n\n\n\n<p><\/p>\n\n\n\n<p>El avance de la Revoluci\u00f3n Industrial 4.0 est\u00e1 redefiniendo la naturaleza del empleo. La globalizaci\u00f3n, la econom\u00eda digital y los modelos de trabajo h\u00edbrido han acelerado la necesidad de competencias tanto t\u00e9cnicas como blandas.&nbsp;<\/p>\n\n\n\n<p><\/p>\n\n\n\n<p>Para Saavedra, los profesionales que logran integrar el dominio de conocimientos espec\u00edficos con la comunicaci\u00f3n efectiva, la inteligencia emocional y la resoluci\u00f3n de problemas poseen hoy una ventaja competitiva en el mercado laboral.&nbsp;<\/p>\n\n\n\n<p><\/p>\n\n\n\n<p>Esta transformaci\u00f3n tambi\u00e9n plantea un desaf\u00edo directo a las instituciones educativas, que deben actualizar sus curr\u00edculos, fomentar la creatividad, formar en pensamiento cr\u00edtico y preparar a sus estudiantes para un mundo donde la relaci\u00f3n humano-m\u00e1quina ser\u00e1 cada vez m\u00e1s estrecha.<\/p>\n\n\n\n<p><\/p>\n\n\n\n<p><strong>Las 12 cualidades esenciales del profesional del futuro<\/strong><\/p>\n\n\n\n<p>Un estudio elaborado por NTT Data y Chazz, titulado \u201cProfesionales del Futuro: Perspectivas hacia 2030\u201d, identifica 12 competencias fundamentales que marcar\u00e1n la diferencia en escenarios laborales cada vez m\u00e1s h\u00edbridos y emocionalmente exigentes. Estas cualidades no solo responden a la digitalizaci\u00f3n, sino tambi\u00e9n a la resiliencia y la colaboraci\u00f3n en contextos inciertos:<\/p>\n\n\n\n<p><\/p>\n\n\n\n<ol class=\"wp-block-list\">\n<li><strong>Adaptabilidad:<\/strong> ajustarse con rapidez a nuevos entornos, tecnolog\u00edas y modelos de trabajo.<\/li>\n\n\n\n<li><strong>Agilidad<\/strong>: tomar decisiones r\u00e1pidas y ejecutar de manera flexible.<\/li>\n\n\n\n<li><strong>Enfoque en resultados<\/strong>: orientaci\u00f3n hacia metas concretas con m\u00e9tricas claras.<\/li>\n\n\n\n<li><strong>Flexibilidad:<\/strong> apertura a cambios de rol o responsabilidades.<\/li>\n\n\n\n<li><strong>Mente abierta<\/strong>: capacidad de aprender, desaprender y aceptar diversas perspectivas.<\/li>\n\n\n\n<li><strong>Buena comunicaci\u00f3n<\/strong>: expresar ideas con claridad y empat\u00eda en entornos digitales y presenciales.<\/li>\n\n\n\n<li><strong>Colaboraci\u00f3n<\/strong>: trabajar en equipo y gestionar relaciones intergeneracionales y multiculturales.<\/li>\n\n\n\n<li><strong>Creatividad:<\/strong> proponer soluciones innovadoras y dise\u00f1ar nuevas experiencias.<\/li>\n\n\n\n<li><strong>Resiliencia<\/strong>: afrontar la incertidumbre, el estr\u00e9s y los fracasos con fortaleza emocional.<\/li>\n\n\n\n<li><strong>Apertura a retos<\/strong>: mantener la curiosidad y disposici\u00f3n para salir de la zona de confort.<\/li>\n\n\n\n<li><strong>Cr\u00edtica y an\u00e1lisis<\/strong>: evaluar la informaci\u00f3n con pensamiento estrat\u00e9gico y basado en datos.<\/li>\n\n\n\n<li><strong>Reaprendizaje constante<\/strong>: mantener la actualizaci\u00f3n continua y el desaprendizaje de modelos obsoletos.<\/li>\n<\/ol>\n\n\n\n<p><\/p>\n\n\n\n<p>El mismo informe revela que un 51,9% de los encuestados considera que la capacidad de aprendizaje continuo ser\u00e1 la habilidad m\u00e1s valiosa en los pr\u00f3ximos a\u00f1os. Adem\u00e1s, el 96% prefiere modelos laborales distintos al tradicional, como el remoto o h\u00edbrido, lo que confirma un cambio profundo en la cultura organizacional global.<\/p>\n\n\n\n<p><\/p>\n\n\n\n<p><strong>Tendencias laborales y formaci\u00f3n para el futuro<\/strong><\/p>\n\n\n\n<p>El Observatorio Nacional del Trabajo (ONT), de Unifranz, coincide en este diagn\u00f3stico al se\u00f1alar que las habilidades m\u00e1s buscadas por las empresas hoy combinan competencias digitales con capacidades humanas. Entre ellas destacan el manejo de tecnolog\u00edas emergentes, la comunicaci\u00f3n intercultural, la inteligencia emocional y la innovaci\u00f3n, todas indispensables para responder a entornos de alta incertidumbre y competitividad.<\/p>\n\n\n\n<p><\/p>\n\n\n\n<p>Frente a estos desaf\u00edos, Saavedra enfatiza el rol estrat\u00e9gico de la educaci\u00f3n superior, que debe enfocarse en dise\u00f1ar programas que integren la tecnolog\u00eda con el desarrollo humano.&nbsp;<\/p>\n\n\n\n<p><\/p>\n\n\n\n<blockquote class=\"wp-block-quote is-layout-flow wp-block-quote-is-layout-flow\">\n<p>\u201cEs clave el entrenamiento en pensamiento cr\u00edtico y la resoluci\u00f3n de problemas, porque son habilidades cruciales en un entorno donde los profesionales deben adaptarse y abordar desaf\u00edos complejos\u201d, puntualiza.<\/p>\n\n\n\n<p><\/p>\n<\/blockquote>\n\n\n\n<p>El profesional del futuro no solo ser\u00e1 competente en lo t\u00e9cnico, sino que deber\u00e1 cultivar un perfil integral capaz de equilibrar lo digital con lo humano. En este escenario, la creatividad, la resiliencia y el aprendizaje constante ser\u00e1n los diferenciadores que abrir\u00e1n las puertas a nuevas oportunidades. La formaci\u00f3n continua deja de ser opcional para convertirse en una necesidad vital.<\/p>\n\n\n\n<p><\/p>\n\n\n\n<p>En definitiva, los pr\u00f3ximos a\u00f1os demandar\u00e1n profesionales con visi\u00f3n global, capaces de navegar en contextos diversos y en constante cambio. Aquellos que desarrollen estas 12 cualidades esenciales no solo asegurar\u00e1n su empleabilidad, sino que se posicionar\u00e1n como l\u00edderes de una era en la que la innovaci\u00f3n y la humanidad caminar\u00e1n de la mano.<\/p>\n\n\n\n<p><\/p>\n\n\n\n<p><em>Fuente: Hammeleth Saavedra Nagayama, director de la carrera de Ingenier\u00eda Comercial de Unifranz.<\/em><\/p>","protected":false},"excerpt":{"rendered":"<p>Adaptabilidad, resiliencia y aprendizaje continuo: explora las 12 cualidades imprescindibles para triunfar en el mercado laboral del futuro.<\/p>","protected":false},"author":49,"featured_media":708677,"comment_status":"open","ping_status":"open","sticky":false,"template":"","format":"standard","meta":{"_acf_changed":false,"footnotes":""},"categories":[60],"tags":[200,3768,11440,1540,1422,3446,5288,7916,11439,242],"class_list":["post-708675","post","type-post","status-publish","format-standard","has-post-thumbnail","hentry","category-blog","tag-automatizacion","tag-competencias-laborales","tag-comunicacion-efectiva","tag-digitalizacion","tag-innovacion-en-educacion","tag-inteligencia-artificial","tag-inteligencia-emocional","tag-ont","tag-profesional-del-siglo-xxi","tag-unifranz"],"acf":[],"_links":{"self":[{"href":"https:\/\/unifranz.edu.bo\/pt\/wp-json\/wp\/v2\/posts\/708675","targetHints":{"allow":["GET"]}}],"collection":[{"href":"https:\/\/unifranz.edu.bo\/pt\/wp-json\/wp\/v2\/posts"}],"about":[{"href":"https:\/\/unifranz.edu.bo\/pt\/wp-json\/wp\/v2\/types\/post"}],"author":[{"embeddable":true,"href":"https:\/\/unifranz.edu.bo\/pt\/wp-json\/wp\/v2\/users\/49"}],"replies":[{"embeddable":true,"href":"https:\/\/unifranz.edu.bo\/pt\/wp-json\/wp\/v2\/comments?post=708675"}],"version-history":[{"count":1,"href":"https:\/\/unifranz.edu.bo\/pt\/wp-json\/wp\/v2\/posts\/708675\/revisions"}],"predecessor-version":[{"id":708682,"href":"https:\/\/unifranz.edu.bo\/pt\/wp-json\/wp\/v2\/posts\/708675\/revisions\/708682"}],"wp:featuredmedia":[{"embeddable":true,"href":"https:\/\/unifranz.edu.bo\/pt\/wp-json\/wp\/v2\/media\/708677"}],"wp:attachment":[{"href":"https:\/\/unifranz.edu.bo\/pt\/wp-json\/wp\/v2\/media?parent=708675"}],"wp:term":[{"taxonomy":"category","embeddable":true,"href":"https:\/\/unifranz.edu.bo\/pt\/wp-json\/wp\/v2\/categories?post=708675"},{"taxonomy":"post_tag","embeddable":true,"href":"https:\/\/unifranz.edu.bo\/pt\/wp-json\/wp\/v2\/tags?post=708675"}],"curies":[{"name":"wp","href":"https:\/\/api.w.org\/{rel}","templated":true}]}}