{"id":708662,"date":"2025-10-02T16:04:59","date_gmt":"2025-10-02T20:04:59","guid":{"rendered":"https:\/\/unifranz.edu.bo\/?p=708662"},"modified":"2025-10-09T15:17:39","modified_gmt":"2025-10-09T19:17:39","slug":"ciudades-verdes-un-movimiento-que-siembra-futuro-en-la-paz-y-bolivia","status":"publish","type":"post","link":"https:\/\/unifranz.edu.bo\/pt\/blog\/ciudades-verdes-un-movimiento-que-siembra-futuro-en-la-paz-y-bolivia\/","title":{"rendered":"Ciudades Verdes: un movimiento ciudadano impulsado por Unifranz para plantar 1.200 \u00e1rboles en La Paz"},"content":{"rendered":"<p>Amael Rivera, estudiante del colegio Mart\u00edn C\u00e1rdenas, es reconocido como uno de los mejores de su curso y un joven comprometido con las causas nobles. Su pasi\u00f3n por el medioambiente lo llev\u00f3 a sumarse a la campa\u00f1a Ciudades Verdes de Unifranz La Paz, donde, junto a sus compa\u00f1eros, universitarios y decenas de voluntarios, plant\u00f3 un \u00e1rbol en el Parque Urbano Central.<\/p>\n\n\n\n<p>La jornada, respaldada por la Alcald\u00eda pace\u00f1a, se enmarca en un proyecto de gran alcance de Unifranz: 1.200 \u00e1rboles en La Paz y 5.000 en todo el pa\u00eds \u2014incluyendo Santa Cruz, Cochabamba y El Alto\u2014. El prop\u00f3sito trasciende la siembra misma: mejorar la calidad del aire, reducir las temperaturas urbanas, incrementar las \u00e1reas verdes y embellecer las ciudades. Se trata de transformar los espacios urbanos en lugares m\u00e1s saludables y habitables.<\/p>\n\n\n\n<p>Durante la actividad se plantaron especies nativas como kiswaras, olmos, mutu mutus, que\u00f1uas y atriplex. M\u00e1s all\u00e1 de sembrar, estudiantes y voluntarios asumieron un compromiso mayor: crear un legado sostenible para las futuras generaciones, asegurando que cada \u00e1rbol crezca y se convierta en un pulm\u00f3n que oxigene la ciudad y la vida de quienes la habitan.<\/p>\n\n\n\n<p>Las autoridades resaltaron el valor de esta acci\u00f3n colectiva. Marco Antonio Mart\u00ednez Uriarte, jefe de Biodiversidad y Conservaci\u00f3n de la Alcald\u00eda de La Paz, destac\u00f3 la visi\u00f3n de la comunidad educativa, mientras que Pedro S\u00e1enz, vicerrector de Unifranz La Paz, reafirm\u00f3 el impacto social de la iniciativa.<\/p>\n\n\n\n<blockquote class=\"wp-block-quote is-layout-flow wp-block-quote-is-layout-flow\">\n<p>\u201cIniciamos con un gesto que puede parecer peque\u00f1o, pero que transforma comunidades, barrios y ciudades, conectando a la gente para cambiar realidades\u201d, explic\u00f3 el vicerrector S\u00e1enz. <\/p>\n<\/blockquote>\n\n\n\n<p>La siembra, en este sentido, tambi\u00e9n se convierte en un espacio de participaci\u00f3n ciudadana, que inspira a los j\u00f3venes y motiva a toda la poblaci\u00f3n a involucrarse en el cuidado del entorno.<\/p>\n\n\n\n<p>Para Amael, el compromiso es personal: no dejar que su \u00e1rbol perezca. Esa promesa simboliza la esencia del movimiento Ciudades Verdes, que demuestra c\u00f3mo la suma de peque\u00f1as acciones colectivas puede abrir camino a un futuro m\u00e1s sostenible.<\/p>\n\n\n\n<p>La actividad se realiz\u00f3 el 1 de octubre, D\u00eda Nacional del \u00c1rbol, instaurado en 1995 para sensibilizar sobre la importancia de proteger los bosques y promover la reforestaci\u00f3n. La jornada record\u00f3 que los \u00e1rboles son m\u00e1s que paisajes: purifican el aire, mitigan los efectos del cambio clim\u00e1tico, embellecen las ciudades y aseguran bienestar para las pr\u00f3ximas generaciones.<\/p>\n\n\n\n<p><\/p>","protected":false},"excerpt":{"rendered":"<p>Unifranz La Paz impulsan Ciudades Verdes con la siembra de 1.200 \u00e1rboles, promoviendo sostenibilidad, \u00e1reas verdes y conciencia ambiental en Bolivia.<\/p>","protected":false},"author":44,"featured_media":708845,"comment_status":"open","ping_status":"open","sticky":false,"template":"","format":"standard","meta":{"_acf_changed":false,"footnotes":""},"categories":[60],"tags":[11436,386,1422,41,3350,4916,3998,124,218,242],"class_list":["post-708662","post","type-post","status-publish","format-standard","has-post-thumbnail","hentry","category-blog","tag-ciudad","tag-estudiantes","tag-innovacion-en-educacion","tag-la-paz","tag-medioambiente","tag-parque","tag-pulmones","tag-salud","tag-tecnologia","tag-unifranz"],"acf":[],"_links":{"self":[{"href":"https:\/\/unifranz.edu.bo\/pt\/wp-json\/wp\/v2\/posts\/708662","targetHints":{"allow":["GET"]}}],"collection":[{"href":"https:\/\/unifranz.edu.bo\/pt\/wp-json\/wp\/v2\/posts"}],"about":[{"href":"https:\/\/unifranz.edu.bo\/pt\/wp-json\/wp\/v2\/types\/post"}],"author":[{"embeddable":true,"href":"https:\/\/unifranz.edu.bo\/pt\/wp-json\/wp\/v2\/users\/44"}],"replies":[{"embeddable":true,"href":"https:\/\/unifranz.edu.bo\/pt\/wp-json\/wp\/v2\/comments?post=708662"}],"version-history":[{"count":3,"href":"https:\/\/unifranz.edu.bo\/pt\/wp-json\/wp\/v2\/posts\/708662\/revisions"}],"predecessor-version":[{"id":708846,"href":"https:\/\/unifranz.edu.bo\/pt\/wp-json\/wp\/v2\/posts\/708662\/revisions\/708846"}],"wp:featuredmedia":[{"embeddable":true,"href":"https:\/\/unifranz.edu.bo\/pt\/wp-json\/wp\/v2\/media\/708845"}],"wp:attachment":[{"href":"https:\/\/unifranz.edu.bo\/pt\/wp-json\/wp\/v2\/media?parent=708662"}],"wp:term":[{"taxonomy":"category","embeddable":true,"href":"https:\/\/unifranz.edu.bo\/pt\/wp-json\/wp\/v2\/categories?post=708662"},{"taxonomy":"post_tag","embeddable":true,"href":"https:\/\/unifranz.edu.bo\/pt\/wp-json\/wp\/v2\/tags?post=708662"}],"curies":[{"name":"wp","href":"https:\/\/api.w.org\/{rel}","templated":true}]}}