{"id":708658,"date":"2025-10-02T15:12:16","date_gmt":"2025-10-02T19:12:16","guid":{"rendered":"https:\/\/unifranz.edu.bo\/?p=708658"},"modified":"2025-10-08T10:25:06","modified_gmt":"2025-10-08T14:25:06","slug":"ipee-celebra-4-o-aniversario","status":"publish","type":"post","link":"https:\/\/unifranz.edu.bo\/pt\/blog\/ipee-celebra-4-o-aniversario\/","title":{"rendered":"IPEE celebra su 4.\u00ba aniversario con en di\u00e1logo sobre el futuro econ\u00f3mico y creativo de Cochabamba"},"content":{"rendered":"<div class=\"wp-block-post-author\"><div class=\"wp-block-post-author__avatar\"><img alt='' src='https:\/\/secure.gravatar.com\/avatar\/e83dacfa0953202430ef5fc66632429034dd4e72b9e95291520cc266ab20ee5c?s=48&#038;d=mm&#038;r=g' srcset='https:\/\/secure.gravatar.com\/avatar\/e83dacfa0953202430ef5fc66632429034dd4e72b9e95291520cc266ab20ee5c?s=96&#038;d=mm&#038;r=g 2x' class='avatar avatar-48 photo' height='48' width='48' \/><\/div><div class=\"wp-block-post-author__content\"><p class=\"wp-block-post-author__name\">Diego Andr\u00e9s Sabat<\/p><\/div><\/div>\n\n\n<p><\/p>\n\n\n\n<p>La Universidad Franz Tamayo (Unifranz) conmemor\u00f3 el cuarto aniversario del Instituto de Progreso Econ\u00f3mico Empresarial (IPEE) con un encuentro acad\u00e9mico y empresarial realizado en su campus Cala Cala de Cochabamba. Bajo el t\u00edtulo \u201cDe Cisnes Negros a Futuribles\u201d, la actividad reuni\u00f3 a l\u00edderes de distintos sectores para reflexionar sobre c\u00f3mo la innovaci\u00f3n, la econom\u00eda creativa y la sostenibilidad pueden marcar el rumbo del desarrollo regional hacia 2050.<\/p>\n\n\n\n<p><strong>Un espacio para repensar el futuro<\/strong><\/p>\n\n\n\n<p>El evento congreg\u00f3 a actores clave de la academia, el Estado y el sector privado: Rolando L\u00f3pez, vicerrector de Unifranz Cochabamba; Enrique Mendieta, secretario de Desarrollo Productivo, Turismo y Cultura de la Alcald\u00eda de Cochabamba; Santiago Laserna, director de proyectos del Centro de Estudios de la Realidad Econ\u00f3mica y Social (CERES Bolivia); Carlos Soruco, cofundador de Quantum; Samantha Nogales, diputada nacional por Cochabamba; Andree Canelas, secretario de Ciudad Digital y Gobierno Electr\u00f3nico de la Alcald\u00eda de Cochabamba; y Diego Boulocq, project manager de Mamut.<\/p>\n\n\n\n<p>Los invitados compartieron visiones complementarias sobre los retos de la ciudad y del pa\u00eds en un mundo atravesado por la disrupci\u00f3n tecnol\u00f3gica, la crisis clim\u00e1tica y la necesidad de repensar los modelos de desarrollo.<\/p>\n\n\n\n<p><strong>Rolando L\u00f3pez: \u201cLa Bolivia del futuro debe construirse desde el pensamiento cr\u00edtico\u201d<\/strong><\/p>\n\n\n\n<p>En su discurso central, Rolando L\u00f3pez destac\u00f3 la misi\u00f3n transformadora de la universidad y del IPEE. Llam\u00f3 a la construcci\u00f3n del pa\u00eds por medio del conocimiento.<\/p>\n\n\n\n<p>\u201cTenemos que dejar atr\u00e1s las ficciones que nos han vendido y empezar a construir una Bolivia pensante, capaz de desarrollar pensamiento anal\u00edtico, cr\u00edtico y sist\u00e9mico. Ese es el rol que deben asumir nuestros j\u00f3venes, porque son ellos quienes est\u00e1n llamados a transformar el futuro de Cochabamba y del pa\u00eds\u201d.<\/p>\n\n\n\n<p>El vicerrector tambi\u00e9n subray\u00f3 el papel del emprendimiento en el desarrollo regional. Resalt\u00f3 que es este sector el que mueven la econom\u00eda y el desarrollo, por lo que requiere la atenci\u00f3n del Estado.<\/p>\n\n\n\n<p>\u201cNo son los economistas ni los legisladores los que generan desarrollo. Son los emprendedores y las empresas quienes producen riqueza y bienestar. El rol del Estado y de las normas debe ser facilitar, no obstaculizar, la innovaci\u00f3n y la creatividad\u201d.<\/p>\n\n\n\n<p><strong>Miradas diversas sobre la Cochabamba del ma\u00f1ana<\/strong><\/p>\n\n\n\n<p>Santiago Laserna, director de proyectos del Centro de Estudios de la Realidad Econ\u00f3mica y Social (CERES), remarc\u00f3 la necesidad de consolidar la econom\u00eda creativa como motor de crecimiento para Cochabamba y Bolivia, enfatizando que las pol\u00edticas p\u00fablicas deben acompa\u00f1ar de manera efectiva este proceso para garantizar resultados sostenibles.<\/p>\n\n\n\n<p>Por su parte, Carlos Soruco, cofundador de Quantum, present\u00f3 los avances de la electromovilidad en Bolivia y resalt\u00f3 c\u00f3mo la empresa se ha convertido en un referente regional de innovaci\u00f3n tecnol\u00f3gica, con un impacto directo en lo social y lo ambiental.<\/p>\n\n\n\n<p>En el \u00e1mbito pol\u00edtico, la diputada nacional por Cochabamba, Samantha Nogales, subray\u00f3 que el futuro tambi\u00e9n depende de un liderazgo renovado y comprometido con la innovaci\u00f3n y la inclusi\u00f3n social, factores esenciales para enfrentar los desaf\u00edos del pa\u00eds.<\/p>\n\n\n\n<p>Desde la Alcald\u00eda de Cochabamba, Andree Canelas, secretario de Ciudad Digital y Gobierno Electr\u00f3nico, comparti\u00f3 los avances en la construcci\u00f3n de una ciudad digital, destacando que la transformaci\u00f3n tecnol\u00f3gica debe estar siempre al servicio de los ciudadanos y de la mejora de su calidad de vida.<\/p>\n\n\n\n<p>En representaci\u00f3n del sector privado, Diego Boulocq, project manager de Mamut, mostr\u00f3 c\u00f3mo una empresa boliviana puede convertirse en referente internacional a partir de la econom\u00eda circular, aplicando productos sostenibles a la infraestructura urbana y generando impacto m\u00e1s all\u00e1 de las fronteras nacionales.<\/p>\n\n\n\n<p>Finalmente, Enrique Mendieta, secretario de Desarrollo Productivo, Turismo y Cultura de la Alcald\u00eda de Cochabamba, record\u00f3 que el municipio es el \u00fanico del pa\u00eds con una Ley de Econom\u00eda Creativa y forma parte de la red de ciudades creativas de la UNESCO, lo que posiciona a Cochabamba como un polo de innovaci\u00f3n cultural y productiva a nivel regional.<\/p>\n\n\n\n<p><strong>IPEE: cuatro a\u00f1os generando conocimiento estrat\u00e9gico<\/strong><\/p>\n\n\n\n<p>Desde su creaci\u00f3n en 2021, el IPEE ha buscado tender puentes entre la academia y el sector productivo a trav\u00e9s de estudios e investigaciones que generan informaci\u00f3n \u00fatil para la toma de decisiones. Entre sus aportes m\u00e1s relevantes destacan:<\/p>\n\n\n\n<ul class=\"wp-block-list\">\n<li>El Censo de Econom\u00eda Naranja, que permiti\u00f3 cuantificar y caracterizar a los actores de la econom\u00eda creativa en Cochabamba, base para la promulgaci\u00f3n de la Ley Municipal de Econom\u00eda Creativa.<\/li>\n\n\n\n<li>El Ecosistema Tur\u00edstico de Salud y Educaci\u00f3n for Export, un modelo innovador que integra a m\u00faltiples actores para diversificar la vocaci\u00f3n econ\u00f3mica del Distrito 12 de Cochabamba.<\/li>\n\n\n\n<li>El Censo Empresarial ICAM 2024, que proporcion\u00f3 una radiograf\u00eda actualizada del tejido empresarial local, identificando fortalezas, desaf\u00edos y oportunidades para el desarrollo productivo.<\/li>\n<\/ul>\n\n\n\n<p>En palabras de Gabriela Sanjin\u00e9s, directora del IPEE, estos logros consolidan al instituto como \u201cun centro de investigaci\u00f3n acad\u00e9mico-empresarial de referencia, cuyo prop\u00f3sito es que las investigaciones tengan prop\u00f3sito e impacto real, generando evidencia que contribuya al desarrollo econ\u00f3mico y social\u201d.<\/p>\n\n\n\n<p><strong>Un aniversario con visi\u00f3n de futuro<\/strong><\/p>\n\n\n\n<p>El 4.\u00ba aniversario del IPEE no solo fue un espacio de celebraci\u00f3n, sino tambi\u00e9n de proyecci\u00f3n. Los panelistas coincidieron en que Cochabamba debe apostar por la innovaci\u00f3n, la sostenibilidad y la econom\u00eda creativa como pilares de un desarrollo inclusivo y competitivo en el marco de los desaf\u00edos globales.<\/p>\n\n\n\n<p>El cierre estuvo a cargo de Rolando L\u00f3pez, quien dej\u00f3 un mensaje inspirador a los j\u00f3venes:<\/p>\n\n\n\n<p>\u201cLa Cochabamba del 2050 debe ser una ciudad verde, innovadora y pensante, donde todos quieran vivir y proyectar sus sue\u00f1os. Esa Bolivia del futuro la tienen que construir ustedes, los estudiantes, con creatividad, compromiso y visi\u00f3n transformadora\u201d.<\/p>","protected":false},"excerpt":{"rendered":"<p>La Universidad Franz Tamayo (Unifranz) conmemor\u00f3 el cuarto aniversario del Instituto de Progreso Econ\u00f3mico Empresarial (IPEE) con un encuentro acad\u00e9mico y empresarial realizado en su campus Cala Cala de Cochabamba. Bajo el t\u00edtulo \u201cDe Cisnes Negros a Futuribles\u201d, la actividad reuni\u00f3 a l\u00edderes de distintos sectores para reflexionar sobre c\u00f3mo la innovaci\u00f3n, la econom\u00eda creativa y la sostenibilidad pueden marcar el rumbo del desarrollo regional hacia 2050.<\/p>","protected":false},"author":27,"featured_media":708660,"comment_status":"open","ping_status":"open","sticky":false,"template":"","format":"standard","meta":{"_acf_changed":false,"footnotes":""},"categories":[60,5100,280,6597,1976],"tags":[4456,10425,37,11417,1058,53,332,334,1422,1926,2288,2286,242],"class_list":["post-708658","post","type-post","status-publish","format-standard","has-post-thumbnail","hentry","category-blog","category-bolivia","category-cochabamba","category-economia-creativa","category-ipee","tag-alcaldia-de-cochabamba","tag-ceres-bolivia","tag-cochabamba","tag-economia-creativa-2","tag-economia-naranja","tag-educacion","tag-futures-week","tag-futuro","tag-innovacion-en-educacion","tag-ipee","tag-mamut","tag-quantum","tag-unifranz"],"acf":[],"_links":{"self":[{"href":"https:\/\/unifranz.edu.bo\/pt\/wp-json\/wp\/v2\/posts\/708658","targetHints":{"allow":["GET"]}}],"collection":[{"href":"https:\/\/unifranz.edu.bo\/pt\/wp-json\/wp\/v2\/posts"}],"about":[{"href":"https:\/\/unifranz.edu.bo\/pt\/wp-json\/wp\/v2\/types\/post"}],"author":[{"embeddable":true,"href":"https:\/\/unifranz.edu.bo\/pt\/wp-json\/wp\/v2\/users\/27"}],"replies":[{"embeddable":true,"href":"https:\/\/unifranz.edu.bo\/pt\/wp-json\/wp\/v2\/comments?post=708658"}],"version-history":[{"count":1,"href":"https:\/\/unifranz.edu.bo\/pt\/wp-json\/wp\/v2\/posts\/708658\/revisions"}],"predecessor-version":[{"id":708661,"href":"https:\/\/unifranz.edu.bo\/pt\/wp-json\/wp\/v2\/posts\/708658\/revisions\/708661"}],"wp:featuredmedia":[{"embeddable":true,"href":"https:\/\/unifranz.edu.bo\/pt\/wp-json\/wp\/v2\/media\/708660"}],"wp:attachment":[{"href":"https:\/\/unifranz.edu.bo\/pt\/wp-json\/wp\/v2\/media?parent=708658"}],"wp:term":[{"taxonomy":"category","embeddable":true,"href":"https:\/\/unifranz.edu.bo\/pt\/wp-json\/wp\/v2\/categories?post=708658"},{"taxonomy":"post_tag","embeddable":true,"href":"https:\/\/unifranz.edu.bo\/pt\/wp-json\/wp\/v2\/tags?post=708658"}],"curies":[{"name":"wp","href":"https:\/\/api.w.org\/{rel}","templated":true}]}}