{"id":708616,"date":"2025-10-01T17:47:42","date_gmt":"2025-10-01T21:47:42","guid":{"rendered":"https:\/\/unifranz.edu.bo\/?p=708616"},"modified":"2025-10-01T17:47:48","modified_gmt":"2025-10-01T21:47:48","slug":"cuando-cada-dia-es-una-excusa-el-efecto-calendario-en-redes-sociales","status":"publish","type":"post","link":"https:\/\/unifranz.edu.bo\/pt\/blog\/cuando-cada-dia-es-una-excusa-el-efecto-calendario-en-redes-sociales\/","title":{"rendered":"Cuando cada d\u00eda es una excusa: el efecto calendario en redes sociales"},"content":{"rendered":"<p>Jorge L\u00f3pez<\/p>\n\n\n\n<p><\/p>\n\n\n\n<p>Cada d\u00eda, las redes sociales parecen secuestradas por una fecha inventada. El calendario dej\u00f3 de ser una gu\u00eda y se convirti\u00f3 en un escaparate donde todo se vende con la excusa de llamar la atenci\u00f3n. Desde el \u201cD\u00eda del Perro\u201d hasta el \u201cD\u00eda de la Sonrisa\u201d, los feeds se inundan de publicaciones vac\u00edas que disfrazan saturaci\u00f3n de contenido con celebraciones de reciente creaci\u00f3n y sin un verdadero sentido. Esta constante presi\u00f3n por generar contenido diario obliga a marcas, medios y creadores a una producci\u00f3n mec\u00e1nica, que termina erosionando el sentido original de cada fecha.<\/p>\n\n\n\n<p><\/p>\n\n\n\n<blockquote class=\"wp-block-quote is-layout-flow wp-block-quote-is-layout-flow\">\n<p>\u201cEn marketing digital, las fechas conmemorativas se utilizan como anclas para generar interacci\u00f3n inmediata, pero cuando se publican en exceso pierden fuerza. La audiencia percibe oportunismo y falta de autenticidad, y los mensajes se vuelven parte del ruido general. Incluso contenidos relevantes quedan sepultados por publicaciones repetitivas que solo buscan visibilidad r\u00e1pida, sin conectar emocionalmente ni generar un v\u00ednculo real con los usuarios\u201d, explica Dhussan Camacho, docente de la carrera de Publicidad y Marketing en la Universidad Franz Tamayo, Unifranz.<\/p>\n<\/blockquote>\n\n\n\n<p><\/p>\n\n\n\n<p>El problema no es reflexionar sobre causas importantes, sino que el mercado digital las devora como carnada. La repetici\u00f3n constante reduce el impacto emocional: lo extraordinario se vuelve rutina y pierde valor. Un d\u00eda mundial por una causa noble, como el \u201cD\u00eda de la Salud Mental\u201d, ya no moviliza, porque queda enterrado entre decenas de conmemoraciones banales que luchan por aparecer en un feed saturado, donde los algoritmos priorizan lo que genera interacci\u00f3n inmediata, sin medir relevancia o profundidad del mensaje.<\/p>\n\n\n\n<p><\/p>\n\n\n\n<blockquote class=\"wp-block-quote is-layout-flow wp-block-quote-is-layout-flow\">\n<p>\u201cLa sobreexposici\u00f3n a est\u00edmulos uniformes provoca que el cerebro los perciba como irrelevantes. Cuando todas las fechas tienen el mismo peso, incluso las causas m\u00e1s significativas se convierten en ruido. La saturaci\u00f3n genera desconexi\u00f3n emocional, apat\u00eda y p\u00e9rdida de atenci\u00f3n, lo que impide que los mensajes importantes logren resonancia real entre los usuarios. Lo que deber\u00eda sensibilizar termina pasando desapercibido\u201d, comenta Liudmila Loayza, directora de la carrera de Psicolog\u00eda de Unifranz.<\/p>\n<\/blockquote>\n\n\n\n<p><\/p>\n\n\n\n<p>Desde el marketing, la estrategia parece clara: apropiarse de cualquier fecha que asegure visibilidad. Pero esa visibilidad es un espejismo. La saturaci\u00f3n genera indiferencia. Los usuarios perciben manipulaci\u00f3n emocional disfrazada de celebraci\u00f3n y reaccionan con scroll pasivo, sin establecer v\u00ednculo con la marca. Lo que deber\u00eda ser una oportunidad para fidelizar se transforma en una estrategia contraproducente que erosiona la percepci\u00f3n de profesionalismo y autenticidad de la marca.<\/p>\n\n\n\n<p><\/p>\n\n\n\n<blockquote class=\"wp-block-quote is-layout-flow wp-block-quote-is-layout-flow\">\n<p>\u201cCuando las marcas publican de forma autom\u00e1tica sin estrategia ni creatividad, el contenido pierde fuerza y autenticidad. La audiencia aprende a ignorar publicaciones triviales y superficiales, incluso si incluyen causas relevantes. Esta indiferencia afecta directamente la percepci\u00f3n de la marca y disminuye la fidelidad del p\u00fablico. La comunicaci\u00f3n digital debe recuperar sentido y coherencia, o corre el riesgo de volverse ineficaz y da\u00f1ina\u201d, agrega Camacho.<\/p>\n<\/blockquote>\n\n\n\n<p><\/p>\n\n\n\n<p>La saturaci\u00f3n aplasta la jerarqu\u00eda de lo importante. Fechas cr\u00edticas como el \u201cD\u00eda del Agua\u201d o el \u201cD\u00eda contra el C\u00e1ncer\u201d terminan compartiendo espacio con el \u201cD\u00eda del Donut\u201d o el \u201cD\u00eda del Gato\u201d. En el muro todo se ve igual: mismos formatos, frases trilladas, emojis repetidos. El problema no es solo visual, sino \u00e9tico: trivializar causas importantes disminuye su valor y afecta la memoria colectiva. La sensaci\u00f3n de sobreabundancia genera un efecto de indiferencia que dificulta el compromiso real con temas trascendentales.<\/p>\n\n\n\n<p><\/p>\n\n\n\n<blockquote class=\"wp-block-quote is-layout-flow wp-block-quote-is-layout-flow\">\n<p>\u201cLa atenci\u00f3n humana es limitada y selectiva. Cuando todo se celebra por igual, incluso lo significativo se convierte en ruido. El exceso de publicaciones mec\u00e1nicas reduce la capacidad de los usuarios de procesar informaci\u00f3n relevante y genera apat\u00eda emocional, impidiendo que los mensajes clave logren impacto real o conexi\u00f3n genuina con la audiencia. Las marcas deben aprender a seleccionar y priorizar para no perder eficacia\u201d, enfatiza Liudmila Loayza.<\/p>\n<\/blockquote>\n\n\n\n<p><\/p>\n\n\n\n<p>El marketing ha convertido cada d\u00eda en mercanc\u00eda. La saturaci\u00f3n aplasta la creatividad, enferma la atenci\u00f3n y degrada la relaci\u00f3n entre marcas y audiencias. Los contenidos se producen por obligaci\u00f3n y no por estrategia, y las audiencias lo perciben de inmediato. La autenticidad, que deber\u00eda ser el n\u00facleo de cualquier campa\u00f1a, queda desplazada por la urgencia de publicar algo \u201crelevante\u201d cada d\u00eda, aunque carezca de sustancia.<\/p>\n\n\n\n<p><\/p>\n\n\n\n<p>\u201cCuando las marcas publican por inercia y no por estrategia, el contenido pierde fuerza y coherencia. La audiencia percibe la falta de autenticidad y la saturaci\u00f3n provoca que los mensajes sean ignorados. La comunicaci\u00f3n deja de generar v\u00ednculo emocional, y cualquier campa\u00f1a, por muy relevante que sea, corre el riesgo de diluirse en un mar de publicaciones superficiales que no impactan realmente\u201d, explica Camacho.<\/p>\n\n\n\n<p><\/p>\n\n\n\n<p>No se trata de eliminar las fechas importantes, sino de devolverles sentido y dignidad. El efecto calendario debe ser cuestionado porque convierte el acto de comunicar en un tr\u00e1mite, en una rutina mec\u00e1nica sin alma. El problema no es el d\u00eda del \u00e1rbol o el d\u00eda de la mujer, sino la manera en la que se utilizan como moneda barata de visibilidad, reduciendo mensajes sociales o educativos a simples im\u00e1genes o frases de ocasi\u00f3n.<\/p>\n\n\n\n<p><\/p>\n\n\n\n<p>\u201cLa sobreexposici\u00f3n a efem\u00e9rides trivializa incluso los mensajes m\u00e1s importantes. Cuando todo se comunica de manera mec\u00e1nica, la audiencia deja de percibir la relevancia real de las causas y su impacto emocional disminuye. La clave est\u00e1 en seleccionar, priorizar y comunicar con estrategia, para que cada fecha recupere sentido y la audiencia pueda conectar genuinamente con el mensaje\u201d, comenta Loayza.<\/p>\n\n\n\n<p><\/p>\n\n\n\n<p>El reto es psicol\u00f3gico y \u00e9tico. Romper con la necesidad absurda de publicar cada d\u00eda porque el calendario lo exige es vital. La saturaci\u00f3n est\u00e1 matando la creatividad, aplastando la atenci\u00f3n y deteriorando la relaci\u00f3n entre marcas y audiencias. Cuando todo se celebra sin criterio, nada importa, y los mensajes mueren antes de nacer. El efecto calendario demuestra que la comunicaci\u00f3n digital perdi\u00f3 respeto por la pausa, la autenticidad y la conexi\u00f3n emocional real con los usuarios.<\/p>\n\n\n\n<p><\/p>\n\n\n\n<p><em>Fuente: Dhussan Camacho, docente de la carrera de Publicidad y Marketing en la Universidad Franz Tamayo, Unifranz.<\/em><\/p>","protected":false},"excerpt":{"rendered":"<p>El efecto calendario satura las redes con efem\u00e9rides vac\u00edas. Descubre c\u00f3mo afecta la autenticidad y la conexi\u00f3n real con las audiencias.<\/p>","protected":false},"author":49,"featured_media":708621,"comment_status":"open","ping_status":"open","sticky":false,"template":"","format":"standard","meta":{"_acf_changed":false,"footnotes":""},"categories":[60],"tags":[11430,11432,1422,1252,240,104,681,11431,218,242],"class_list":["post-708616","post","type-post","status-publish","format-standard","has-post-thumbnail","hentry","category-blog","tag-efecto-calendario","tag-engagement","tag-innovacion-en-educacion","tag-marcas","tag-psicologia","tag-publicidad-y-marketing","tag-redes-sociales","tag-sobreestimulacion","tag-tecnologia","tag-unifranz"],"acf":[],"_links":{"self":[{"href":"https:\/\/unifranz.edu.bo\/pt\/wp-json\/wp\/v2\/posts\/708616","targetHints":{"allow":["GET"]}}],"collection":[{"href":"https:\/\/unifranz.edu.bo\/pt\/wp-json\/wp\/v2\/posts"}],"about":[{"href":"https:\/\/unifranz.edu.bo\/pt\/wp-json\/wp\/v2\/types\/post"}],"author":[{"embeddable":true,"href":"https:\/\/unifranz.edu.bo\/pt\/wp-json\/wp\/v2\/users\/49"}],"replies":[{"embeddable":true,"href":"https:\/\/unifranz.edu.bo\/pt\/wp-json\/wp\/v2\/comments?post=708616"}],"version-history":[{"count":2,"href":"https:\/\/unifranz.edu.bo\/pt\/wp-json\/wp\/v2\/posts\/708616\/revisions"}],"predecessor-version":[{"id":708622,"href":"https:\/\/unifranz.edu.bo\/pt\/wp-json\/wp\/v2\/posts\/708616\/revisions\/708622"}],"wp:featuredmedia":[{"embeddable":true,"href":"https:\/\/unifranz.edu.bo\/pt\/wp-json\/wp\/v2\/media\/708621"}],"wp:attachment":[{"href":"https:\/\/unifranz.edu.bo\/pt\/wp-json\/wp\/v2\/media?parent=708616"}],"wp:term":[{"taxonomy":"category","embeddable":true,"href":"https:\/\/unifranz.edu.bo\/pt\/wp-json\/wp\/v2\/categories?post=708616"},{"taxonomy":"post_tag","embeddable":true,"href":"https:\/\/unifranz.edu.bo\/pt\/wp-json\/wp\/v2\/tags?post=708616"}],"curies":[{"name":"wp","href":"https:\/\/api.w.org\/{rel}","templated":true}]}}