{"id":708499,"date":"2025-09-26T18:07:39","date_gmt":"2025-09-26T22:07:39","guid":{"rendered":"https:\/\/unifranz.edu.bo\/?p=708499"},"modified":"2025-09-26T18:30:22","modified_gmt":"2025-09-26T22:30:22","slug":"plataforma-no-estas-sola-o-estudiantes-crean-sitio-web-para-victimas-de-violencia-sexual-en-bolivia","status":"publish","type":"post","link":"https:\/\/unifranz.edu.bo\/pt\/blog\/plataforma-no-estas-sola-o-estudiantes-crean-sitio-web-para-victimas-de-violencia-sexual-en-bolivia\/","title":{"rendered":"Plataforma \u201cNo est\u00e1s sola\/o\u201d: estudiantes crean sitio web para v\u00edctimas de violencia sexual en Bolivia"},"content":{"rendered":"<p>Entre 2015 y 2025, el 52,3% de mujeres entre 15 y 49 a\u00f1os en Bolivia ha sufrido violencia f\u00edsica por parte de su pareja; 15,2% ha sido v\u00edctima de violencia sexual, y 53,8% de violencia emocional. Adem\u00e1s, en promedio, doce ni\u00f1as, ni\u00f1os y adolescentes son violados cada d\u00eda en el pa\u00eds, seg\u00fan la Defensor\u00eda del Pueblo. Frente a esta alarmante realidad, dos estudiantes de Derecho decidieron crear una herramienta concreta de apoyo: \u201cNo est\u00e1s sola\/o\u201d, una plataforma web que brinda acompa\u00f1amiento legal y emocional a personas que han vivido situaciones de violencia sexual.<\/p>\n\n\n\n<p><\/p>\n\n\n\n<p>El sitio, accesible desde <a href=\"https:\/\/noestasola.netlify.app\/\" target=\"_blank\" rel=\"noopener\">https:\/\/noestasola.netlify.app\/<\/a>, fue dise\u00f1ado por Miriam Mamani Cruz y Fabiana Nicol Zambrana Senteno, estudiantes de la carrera de Derecho de la Universidad Franz Tamayo, Unifranz, y se proyecta como un recurso accesible para mujeres, adolescentes y cualquier persona que enfrente o conozca situaciones de abuso. La web ofrece informaci\u00f3n clara sobre derechos, orientaci\u00f3n legal gratuita, acceso a redes de apoyo psicol\u00f3gico y un espacio seguro para compartir testimonios, todo en un entorno an\u00f3nimo, emp\u00e1tico y sin juicio.<\/p>\n\n\n\n<p><\/p>\n\n\n\n<blockquote class=\"wp-block-quote is-layout-flow wp-block-quote-is-layout-flow\">\n<p>\u201cQuer\u00edamos crear un lugar donde las v\u00edctimas puedan sentirse acompa\u00f1adas, sin juicios ni miedos. Un espacio seguro para iniciar un camino de recuperaci\u00f3n\u201d, explica Fabiana, quien junto a Miriam lider\u00f3 el dise\u00f1o de contenidos legales y coordin\u00f3 el desarrollo tecnol\u00f3gico con estudiantes de Ingenier\u00eda de Sistemas de la misma universidad.<\/p>\n<\/blockquote>\n\n\n\n<p><\/p>\n\n\n\n<p>La plataforma nace como respuesta a una realidad profundamente arraigada: la falta de preparaci\u00f3n social para enfrentar situaciones de abuso sexual, muchas veces perpetrado dentro del entorno familiar. Este desconocimiento y el tab\u00fa que persiste hacen que muchas v\u00edctimas no sepan c\u00f3mo actuar ni a qui\u00e9n recurrir.<\/p>\n\n\n\n<p><\/p>\n\n\n\n<blockquote class=\"wp-block-quote is-layout-flow wp-block-quote-is-layout-flow\">\n<p>\u201cExiste la falsa creencia de que el agresor siempre es alguien desconocido, cuando en realidad muchas veces es alguien cercano. Las personas no est\u00e1n listas para enfrentar eso. Quer\u00edamos ofrecer algo \u00fatil para esos momentos\u201d, relata Mamani.<\/p>\n\n\n\n<p><\/p>\n<\/blockquote>\n\n\n\n<p>Aunque la mayor\u00eda de las v\u00edctimas de violencia sexual y de pareja son mujeres, las estad\u00edsticas muestran que los hombres tambi\u00e9n sufren violencia. En 2022, por ejemplo, los hombres representaron el 10% de las denuncias por violencia ante la polic\u00eda, con 3.495 casos registrados. Estudios indican que un porcentaje significativo de hombres tambi\u00e9n ha experimentado violencia f\u00edsica, psicol\u00f3gica o sexual por parte de parejas \u00edntimas. Este panorama refuerza la necesidad de plataformas inclusivas como \u201cNo est\u00e1s sola\/o\u201d, que si bien tiene un enfoque mayoritariamente hacia mujeres, est\u00e1 abierta a todas las personas que necesiten apoyo, sin distinci\u00f3n de g\u00e9nero.<\/p>\n\n\n\n<p><\/p>\n\n\n\n<p>El sitio recopila legislaci\u00f3n vigente, gu\u00edas para realizar denuncias, contactos de instituciones de apoyo, mapas de servicios y testimonios reales que permiten a las v\u00edctimas sentirse menos solas. La asesor\u00eda legal ofrecida por las estudiantes, bajo supervisi\u00f3n docente, refuerza el compromiso de brindar acompa\u00f1amiento integral y gratuito.<\/p>\n\n\n\n<p><\/p>\n\n\n\n<p>En un contexto donde muchas v\u00edctimas no encuentran apoyo ni en su entorno cercano ni en las instituciones, una plataforma como esta puede marcar una gran diferencia. El objetivo, seg\u00fan sus creadoras, no es solo informar, sino construir una red de contenci\u00f3n emocional y legal para quienes lo necesitan.<\/p>\n\n\n\n<p><\/p>\n\n\n\n<blockquote class=\"wp-block-quote is-layout-flow wp-block-quote-is-layout-flow\">\n<p>\u201cSabemos que muchas personas no se animan a denunciar, pero si logramos que una se informe, se sienta menos sola o decida buscar ayuda, entonces ya cumplimos con nuestro prop\u00f3sito\u201d, sostiene Fabiana.<\/p>\n<\/blockquote>\n\n\n\n<p><\/p>\n\n\n\n<p>\u201cNo est\u00e1s sola\/o\u201d es una muestra de que los cambios comienzan en las aulas, pero se expanden a la comunidad. Con esta iniciativa, Miriam y Fabiana demuestran que el conocimiento universitario, cuando se conecta con la realidad, puede generar transformaci\u00f3n real.<\/p>\n\n\n\n<p><\/p>\n\n\n\n<p><strong>Tecnolog\u00eda con rostro humano<\/strong><\/p>\n\n\n\n<p>La creaci\u00f3n de \u201cNo est\u00e1s sola\/o\u201d es tambi\u00e9n un ejemplo de trabajo multidisciplinario en la educaci\u00f3n superior. Si bien las estudiantes de Derecho definieron la estructura legal y conceptual del sitio, la ejecuci\u00f3n t\u00e9cnica fue posible gracias al trabajo conjunto con estudiantes de Ingenier\u00eda de Sistemas de Unifranz.<\/p>\n\n\n\n<p><\/p>\n\n\n\n<blockquote class=\"wp-block-quote is-layout-flow wp-block-quote-is-layout-flow\">\n<p>\u201cNosotras aportamos con la parte jur\u00eddica, pero fue gracias al apoyo tecnol\u00f3gico de nuestros compa\u00f1eros que esta idea se hizo realidad\u201d, afirman.<\/p>\n<\/blockquote>\n\n\n\n<p><\/p>\n\n\n\n<p>La colaboraci\u00f3n entre carreras permiti\u00f3 construir un producto digital accesible y amigable. El sitio est\u00e1 abierto al p\u00fablico, sin restricciones, y puede ser visitado por cualquier persona que necesite orientaci\u00f3n o que quiera apoyar a alguien que est\u00e9 atravesando una situaci\u00f3n de violencia.<\/p>\n\n\n\n<p><\/p>\n\n\n\n<p>La iniciativa se enmarca dentro de los proyectos integradores de Unifranz, que fomenta el modelo de aprendizaje basado en la pr\u00e1ctica real, tambi\u00e9n conocido como \u201caprender haciendo\u201d. A trav\u00e9s de estos proyectos, los estudiantes aplican los conocimientos adquiridos en el aula para enfrentar desaf\u00edos concretos de la sociedad.<\/p>\n\n\n\n<p><\/p>\n\n\n\n<p>Desde sus primeros semestres, Fabiana y Miriam estudiaron derechos humanos, g\u00e9nero y acceso a la justicia. Pero fue con este proyecto que realmente comprendieron el alcance de su futura profesi\u00f3n.<\/p>\n\n\n\n<p><\/p>\n\n\n\n<blockquote class=\"wp-block-quote is-layout-flow wp-block-quote-is-layout-flow\">\n<p>\u201cTener la oportunidad de construir algo que puede cambiar la vida de alguien es una forma profunda de aprendizaje. Esto es la vida misma\u201d, reflexiona Miriam.<\/p>\n<\/blockquote>\n\n\n\n<p><\/p>\n\n\n\n<p>La experiencia no solo fortaleci\u00f3 sus habilidades t\u00e9cnicas, sino tambi\u00e9n su sensibilidad social y \u00e9tica profesional. El proceso incluy\u00f3 investigaci\u00f3n profunda, validaci\u00f3n de fuentes, dise\u00f1o de estructura narrativa y contacto directo con organizaciones especializadas.<\/p>\n\n\n\n<p><\/p>\n\n\n\n<p><em>Fuente: Miriam Mamani Cruz y Fabiana Nicol Zambrana Senteno, estudiantes de la carrera de Derecho de la Universidad Franz Tamayo, Unifranz<\/em><\/p>\n\n\n\n<p><\/p>","protected":false},"excerpt":{"rendered":"<p>Apoyo legal y emocional en l\u00ednea: estudiantes de Unifranz desarrollan \u201cNo est\u00e1s sola\/o\u201d, web inclusiva para v\u00edctimas de violencia sexual en Bolivia.<\/p>","protected":false},"author":49,"featured_media":708501,"comment_status":"open","ping_status":"open","sticky":false,"template":"","format":"standard","meta":{"_acf_changed":false,"footnotes":""},"categories":[60],"tags":[4760,11416,4172,39,1422,240,2944,218,242,1346],"class_list":["post-708499","post","type-post","status-publish","format-standard","has-post-thumbnail","hentry","category-blog","tag-abuso","tag-acompanamiento-legal","tag-app","tag-derecho","tag-innovacion-en-educacion","tag-psicologia","tag-salud-mental","tag-tecnologia","tag-unifranz","tag-violencia-de-genero"],"acf":[],"_links":{"self":[{"href":"https:\/\/unifranz.edu.bo\/pt\/wp-json\/wp\/v2\/posts\/708499","targetHints":{"allow":["GET"]}}],"collection":[{"href":"https:\/\/unifranz.edu.bo\/pt\/wp-json\/wp\/v2\/posts"}],"about":[{"href":"https:\/\/unifranz.edu.bo\/pt\/wp-json\/wp\/v2\/types\/post"}],"author":[{"embeddable":true,"href":"https:\/\/unifranz.edu.bo\/pt\/wp-json\/wp\/v2\/users\/49"}],"replies":[{"embeddable":true,"href":"https:\/\/unifranz.edu.bo\/pt\/wp-json\/wp\/v2\/comments?post=708499"}],"version-history":[{"count":2,"href":"https:\/\/unifranz.edu.bo\/pt\/wp-json\/wp\/v2\/posts\/708499\/revisions"}],"predecessor-version":[{"id":708505,"href":"https:\/\/unifranz.edu.bo\/pt\/wp-json\/wp\/v2\/posts\/708499\/revisions\/708505"}],"wp:featuredmedia":[{"embeddable":true,"href":"https:\/\/unifranz.edu.bo\/pt\/wp-json\/wp\/v2\/media\/708501"}],"wp:attachment":[{"href":"https:\/\/unifranz.edu.bo\/pt\/wp-json\/wp\/v2\/media?parent=708499"}],"wp:term":[{"taxonomy":"category","embeddable":true,"href":"https:\/\/unifranz.edu.bo\/pt\/wp-json\/wp\/v2\/categories?post=708499"},{"taxonomy":"post_tag","embeddable":true,"href":"https:\/\/unifranz.edu.bo\/pt\/wp-json\/wp\/v2\/tags?post=708499"}],"curies":[{"name":"wp","href":"https:\/\/api.w.org\/{rel}","templated":true}]}}