{"id":708483,"date":"2025-09-26T17:10:19","date_gmt":"2025-09-26T21:10:19","guid":{"rendered":"https:\/\/unifranz.edu.bo\/?p=708483"},"modified":"2025-10-01T15:05:35","modified_gmt":"2025-10-01T19:05:35","slug":"v-jornadas-unifranz-de-investigacion-un-espacio-donde-la-ciencia-joven-transforma-realidades","status":"publish","type":"post","link":"https:\/\/unifranz.edu.bo\/pt\/blog\/v-jornadas-unifranz-de-investigacion-un-espacio-donde-la-ciencia-joven-transforma-realidades\/","title":{"rendered":"V Jornadas Unifranz de Investigaci\u00f3n: un espacio donde la ciencia joven transforma realidades"},"content":{"rendered":"<p>La Universidad Franz Tamayo, Unifranz, desarroll\u00f3 la quinta edici\u00f3n de sus Jornadas de Investigaci\u00f3n, un evento que ya se ha consolidado como uno de los hitos acad\u00e9micos m\u00e1s importantes de la instituci\u00f3n. Durante el mes de junio, las sedes de Santa Cruz, La Paz, El Alto y Cochabamba fueron escenario de un encuentro cient\u00edfico que reuni\u00f3 a cientos de estudiantes y docentes, comprometidos con la producci\u00f3n de conocimiento y con el fortalecimiento de la cultura investigativa en el pa\u00eds.<\/p>\n\n\n\n<p>M\u00e1s de 735 proyectos fueron presentados a nivel nacional en diferentes \u00e1reas del conocimiento, de los cuales 125 correspondieron a la sede Santa Cruz. M\u00e1s de 60 universitarios y docentes fueron reconocidos por la calidad y el impacto de sus trabajos.<\/p>\n\n\n\n<p>Los proyectos abarcaron desde la salud y las ciencias sociales, hasta la innovaci\u00f3n tecnol\u00f3gica, que refleja la diversidad de miradas y enfoques que caracteriza a la comunidad Unifranz. Luc\u00eda Alvarado, coordinadora nacional de investigaci\u00f3n de esta casa de estudios superiores, destac\u00f3 que estas las jornadas nacieron en Santa Cruz y que, con el tiempo, se transformaron en un evento de alcance nacional.<\/p>\n\n\n\n<figure class=\"wp-block-embed is-type-video is-provider-youtube wp-block-embed-youtube wp-embed-aspect-16-9 wp-has-aspect-ratio\"><div class=\"wp-block-embed__wrapper\">\n<iframe loading=\"lazy\" title=\"lv 0 20251001140706\" width=\"500\" height=\"281\" src=\"https:\/\/www.youtube.com\/embed\/nekGCyXUdco?feature=oembed\" frameborder=\"0\" allow=\"accelerometer; autoplay; clipboard-write; encrypted-media; gyroscope; picture-in-picture; web-share\" referrerpolicy=\"strict-origin-when-cross-origin\" allowfullscreen><\/iframe>\n<\/div><\/figure>\n\n\n\n<blockquote class=\"wp-block-quote is-layout-flow wp-block-quote-is-layout-flow\">\n<p>\u201cEl objetivo de las Jornadas Unifranz de Investigaci\u00f3n es divulgar y compartir los resultados de proyectos cient\u00edficos originales, desarrollados por docentes, estudiantes y colaboradores de nuestras cuatro sedes. Este es un espacio donde los investigadores brillan con sus preguntas, m\u00e9todos y conclusiones, y donde la comunidad acad\u00e9mica se enriquece con el intercambio de experiencias\u201d, se\u00f1al\u00f3 Alvarado.<\/p>\n<\/blockquote>\n\n\n\n<p>El evento no solo busca reconocer el esfuerzo investigativo, sino tambi\u00e9n impulsar la difusi\u00f3n cient\u00edfica. Los mejores trabajos de cada sede reciben el apoyo institucional para dar un siguiente paso: su presentaci\u00f3n en congresos nacionales o internacionales, y la posibilidad de ser publicados en revistas indexadas con respaldo financiero de la universidad.<\/p>\n\n\n\n<p>\u201cEn un mundo bombardeado por desinformaci\u00f3n, los estudiantes y docentes deben ser agentes de cambio mediante la investigaci\u00f3n. Lo que forjan hoy ser\u00e1 la fortaleza que a futuro los distinguir\u00e1 como l\u00edderes en su desempe\u00f1o profesional\u201d, a\u00f1ade la investigadora.<\/p>\n\n\n\n<figure class=\"wp-block-image size-full\"><img loading=\"lazy\" decoding=\"async\" width=\"1000\" height=\"1000\" src=\"https:\/\/unifranz.edu.bo\/wp-content\/uploads\/2025\/09\/WhatsApp-Image-2025-09-26-at-165256.jpeg\" alt=\"\" class=\"wp-image-708485\" srcset=\"https:\/\/unifranz.edu.bo\/wp-content\/uploads\/2025\/09\/WhatsApp-Image-2025-09-26-at-165256.jpeg 1000w, https:\/\/unifranz.edu.bo\/wp-content\/uploads\/2025\/09\/WhatsApp-Image-2025-09-26-at-165256-300x300.jpeg 300w, https:\/\/unifranz.edu.bo\/wp-content\/uploads\/2025\/09\/WhatsApp-Image-2025-09-26-at-165256-768x768.jpeg 768w, https:\/\/unifranz.edu.bo\/wp-content\/uploads\/2025\/09\/WhatsApp-Image-2025-09-26-at-165256-12x12.jpeg 12w\" sizes=\"auto, (max-width: 1000px) 100vw, 1000px\" \/><\/figure>\n\n\n\n<p>Adem\u00e1s del trabajo del comit\u00e9 organizador y de los evaluadores nacionales e internacionales, las jornadas se convierten en una experiencia formativa \u00fanica. El impacto del evento tambi\u00e9n se refleja en el entusiasmo de los estudiantes, como Gabriel \u00c1lvarez, de la carrera de Bioqu\u00edmica y Farmacia quien fue galardonado por su investigaci\u00f3n \u201cAsociaci\u00f3n entre par\u00e1sitos intestinales, anemia y desnutrici\u00f3n en ni\u00f1os pertenecientes a la comunidad de La Pe\u00f1a\u201d.<\/p>\n\n\n\n<blockquote class=\"wp-block-quote is-layout-flow wp-block-quote-is-layout-flow\">\n<p>\u201cSer reconocidos por el proyecto que realizamos nos motiva mucho, no solo por el aporte que genera a la investigaci\u00f3n, sino tambi\u00e9n por el compromiso que tenemos con la sociedad como futuros profesionales. Estoy muy feliz y orgulloso por los resultados alcanzados\u201d.<\/p>\n<\/blockquote>\n\n\n\n<p>Las V Jornadas Unifranz de Investigaci\u00f3n son la prueba de que la ciencia, cuando se impulsa desde la academia, se convierte en una herramienta poderosa para el cambio social. Con un esp\u00edritu joven y en crecimiento, este espacio reafirma el prop\u00f3sito de la universidad: formar profesionales con pensamiento cr\u00edtico, creatividad y valores \u00e9ticos, capaces de liderar los grandes retos de Bolivia y del mundo.<\/p>","protected":false},"excerpt":{"rendered":"<p>La Universidad Franz Tamayo, Unifranz, desarroll\u00f3 la quinta edici\u00f3n de sus Jornadas de Investigaci\u00f3n, un evento que ya se ha consolidado como uno de los hitos acad\u00e9micos m\u00e1s importantes de la instituci\u00f3n. Durante el mes de junio, las sedes de Santa Cruz, La Paz, El Alto y Cochabamba fueron escenario de un encuentro cient\u00edfico que &hellip; <a href=\"https:\/\/unifranz.edu.bo\/pt\/blog\/v-jornadas-unifranz-de-investigacion-un-espacio-donde-la-ciencia-joven-transforma-realidades\/\">Continued<\/a><\/p>","protected":false},"author":33,"featured_media":708484,"comment_status":"open","ping_status":"open","sticky":false,"template":"","format":"standard","meta":{"_acf_changed":false,"footnotes":""},"categories":[2576,1948,60],"tags":[1422,268,43,242,3624],"class_list":["post-708483","post","type-post","status-publish","format-standard","has-post-thumbnail","hentry","category-unifranz-santa-cruz","category-bioquimica-y-farmacia","category-blog","tag-innovacion-en-educacion","tag-investigacion","tag-santa-cruz","tag-unifranz","tag-unifranz-santa-cruz"],"acf":[],"_links":{"self":[{"href":"https:\/\/unifranz.edu.bo\/pt\/wp-json\/wp\/v2\/posts\/708483","targetHints":{"allow":["GET"]}}],"collection":[{"href":"https:\/\/unifranz.edu.bo\/pt\/wp-json\/wp\/v2\/posts"}],"about":[{"href":"https:\/\/unifranz.edu.bo\/pt\/wp-json\/wp\/v2\/types\/post"}],"author":[{"embeddable":true,"href":"https:\/\/unifranz.edu.bo\/pt\/wp-json\/wp\/v2\/users\/33"}],"replies":[{"embeddable":true,"href":"https:\/\/unifranz.edu.bo\/pt\/wp-json\/wp\/v2\/comments?post=708483"}],"version-history":[{"count":2,"href":"https:\/\/unifranz.edu.bo\/pt\/wp-json\/wp\/v2\/posts\/708483\/revisions"}],"predecessor-version":[{"id":708611,"href":"https:\/\/unifranz.edu.bo\/pt\/wp-json\/wp\/v2\/posts\/708483\/revisions\/708611"}],"wp:featuredmedia":[{"embeddable":true,"href":"https:\/\/unifranz.edu.bo\/pt\/wp-json\/wp\/v2\/media\/708484"}],"wp:attachment":[{"href":"https:\/\/unifranz.edu.bo\/pt\/wp-json\/wp\/v2\/media?parent=708483"}],"wp:term":[{"taxonomy":"category","embeddable":true,"href":"https:\/\/unifranz.edu.bo\/pt\/wp-json\/wp\/v2\/categories?post=708483"},{"taxonomy":"post_tag","embeddable":true,"href":"https:\/\/unifranz.edu.bo\/pt\/wp-json\/wp\/v2\/tags?post=708483"}],"curies":[{"name":"wp","href":"https:\/\/api.w.org\/{rel}","templated":true}]}}