{"id":708469,"date":"2025-09-26T15:29:31","date_gmt":"2025-09-26T19:29:31","guid":{"rendered":"https:\/\/unifranz.edu.bo\/?p=708469"},"modified":"2025-10-08T10:25:02","modified_gmt":"2025-10-08T14:25:02","slug":"19-estudiantes-de-unifranz-cochabamba-bienal-internacional-del-cartel-bolivia","status":"publish","type":"post","link":"https:\/\/unifranz.edu.bo\/pt\/blog\/19-estudiantes-de-unifranz-cochabamba-bienal-internacional-del-cartel-bolivia\/","title":{"rendered":"19 estudiantes de Unifranz Cochabamba exhibir\u00e1n sus carteles en la Bienal Internacional del Cartel Bolivia 2025"},"content":{"rendered":"<div class=\"wp-block-post-author\"><div class=\"wp-block-post-author__avatar\"><img alt='' src='https:\/\/secure.gravatar.com\/avatar\/e83dacfa0953202430ef5fc66632429034dd4e72b9e95291520cc266ab20ee5c?s=48&#038;d=mm&#038;r=g' srcset='https:\/\/secure.gravatar.com\/avatar\/e83dacfa0953202430ef5fc66632429034dd4e72b9e95291520cc266ab20ee5c?s=96&#038;d=mm&#038;r=g 2x' class='avatar avatar-48 photo' height='48' width='48' \/><\/div><div class=\"wp-block-post-author__content\"><p class=\"wp-block-post-author__name\">Diego Andr\u00e9s Sabat<\/p><\/div><\/div>\n\n\n<p>La Bienal Internacional del Cartel Bolivia (BICeB\u00e9) 2025, uno de los encuentros de dise\u00f1o gr\u00e1fico m\u00e1s importantes del mundo y el mayor de Latinoam\u00e9rica, tendr\u00e1 un fuerte acento cochabambino. Diecinueve estudiantes de la carrera de Dise\u00f1o Gr\u00e1fico y Producci\u00f3n Crossmedia de Unifranz Cochabamba fueron seleccionados para mostrar sus carteles en la exposici\u00f3n oficial del evento.<\/p>\n\n\n\n<p>La Bienal se desarrollar\u00e1 en La Paz del 20 al 22 de octubre y continuar\u00e1 en Cochabamba el 23 y 24 de octubre, con un programa que incluye conferencias, talleres, exposiciones, networking internacional y espacios de creaci\u00f3n colectiva como el Design Jam, donde Unifranz tambi\u00e9n asumir\u00e1 un rol protag\u00f3nico.<\/p>\n\n\n\n<p><strong>Talento joven que trasciende fronteras<\/strong><\/p>\n\n\n\n<p>El logro de los 19 estudiantes refleja el nivel acad\u00e9mico y la capacidad creativa que se fomenta en las aulas de Unifranz. Para Alejandra Basta Ghetti, directora de la carrera de Dise\u00f1o Gr\u00e1fico y Producci\u00f3n Crossmedia, este reconocimiento trasciende lo individual y se convierte en un aporte a la autoestima creativa del pa\u00eds:<\/p>\n\n\n\n<p>\u201cQue 19 de nuestros estudiantes est\u00e9n en la exposici\u00f3n de la Bienal significa que tienen el talento y la preparaci\u00f3n suficiente para estar a la altura de un contexto internacional. Esto eleva la autoestima local y nacional, porque demuestra que en Unifranz estamos formando profesionales capaces de asumir retos globales con solvencia y creatividad\u201d.<\/p>\n\n\n\n<p>Uno de los seleccionados, Samuel Argote Dom\u00ednguez, no ocult\u00f3 su alegr\u00eda al conocer los resultados:<\/p>\n\n\n\n<p>\u201cSer parte de la Bienal es un honor y un orgullo. Fue emocionante saber que los dos carteles que present\u00e9 hab\u00edan sido seleccionados. Esta experiencia me impulsa a seguir creando y a valorar m\u00e1s la importancia de generar mis propios recursos gr\u00e1ficos y darle valor a lo tangible, sin depender de bancos de im\u00e1genes o inteligencia artificial\u201d.<\/p>\n\n\n\n<p><strong>Design Jam: dise\u00f1o para resolver problemas reales<\/strong><\/p>\n\n\n\n<p>Adem\u00e1s de la exhibici\u00f3n de carteles, Unifranz participar\u00e1 activamente en el Design Jam, un espacio de innovaci\u00f3n colectiva que reunir\u00e1 a estudiantes y j\u00f3venes dise\u00f1adores para enfrentar desaf\u00edos planteados por la Alcald\u00eda de Cochabamba.<\/p>\n\n\n\n<p>Durante la din\u00e1mica, los equipos deber\u00e1n proponer soluciones creativas a problem\u00e1ticas urbanas, sociales y ambientales, aplicando el dise\u00f1o como herramienta de transformaci\u00f3n. Para los estudiantes, ser\u00e1 la oportunidad de aplicar el modelo pedag\u00f3gico aprender haciendo en un escenario internacional, vinculando su formaci\u00f3n acad\u00e9mica con los retos reales de la comunidad.<\/p>\n\n\n\n<p><strong>Unifranz, auspiciador oficial de la Bienal<\/strong><\/p>\n\n\n\n<p>La participaci\u00f3n de la universidad no se limita al protagonismo estudiantil. Unifranz es tambi\u00e9n auspiciador oficial de la BICeB\u00e9 2025, reafirmando su compromiso con la innovaci\u00f3n, la internacionalizaci\u00f3n y la sostenibilidad como ejes centrales de su modelo educativo.<\/p>\n\n\n\n<p>De esta manera, la instituci\u00f3n fortalece su v\u00ednculo con uno de los espacios m\u00e1s prestigiosos del dise\u00f1o gr\u00e1fico mundial y ampl\u00eda las oportunidades de proyecci\u00f3n para sus estudiantes.<\/p>\n\n\n\n<p><strong>Una plataforma de proyecci\u00f3n global<\/strong><\/p>\n\n\n\n<p>La BICeB\u00e9 2025 ser\u00e1 mucho m\u00e1s que un evento acad\u00e9mico: para los j\u00f3venes dise\u00f1adores de Unifranz, es una plataforma de proyecci\u00f3n internacional, un espacio donde la creatividad boliviana puede dialogar con el mundo.<\/p>\n\n\n\n<p>Con la presencia de 19 estudiantes en la exposici\u00f3n oficial, la participaci\u00f3n en el Design Jam y el respaldo como auspiciador, Unifranz Cochabamba reafirma su liderazgo en la formaci\u00f3n de profesionales capaces de transformar realidades desde el dise\u00f1o y la innovaci\u00f3n.<\/p>","protected":false},"excerpt":{"rendered":"<p>La Bienal Internacional del Cartel Bolivia (BICeB\u00e9) 2025, uno de los encuentros de dise\u00f1o gr\u00e1fico m\u00e1s importantes del mundo y el mayor de Latinoam\u00e9rica, tendr\u00e1 un fuerte acento cochabambino. Diecinueve estudiantes de la carrera de Dise\u00f1o Gr\u00e1fico y Producci\u00f3n Crossmedia de Unifranz Cochabamba fueron seleccionados para mostrar sus carteles en la exposici\u00f3n oficial del evento.<\/p>","protected":false},"author":27,"featured_media":708474,"comment_status":"open","ping_status":"open","sticky":false,"template":"","format":"standard","meta":{"_acf_changed":false,"footnotes":""},"categories":[60],"tags":[37,6356,386,1422,242],"class_list":["post-708469","post","type-post","status-publish","format-standard","has-post-thumbnail","hentry","category-blog","tag-cochabamba","tag-diseno-grafico-y-produccion-cross-media","tag-estudiantes","tag-innovacion-en-educacion","tag-unifranz"],"acf":[],"_links":{"self":[{"href":"https:\/\/unifranz.edu.bo\/pt\/wp-json\/wp\/v2\/posts\/708469","targetHints":{"allow":["GET"]}}],"collection":[{"href":"https:\/\/unifranz.edu.bo\/pt\/wp-json\/wp\/v2\/posts"}],"about":[{"href":"https:\/\/unifranz.edu.bo\/pt\/wp-json\/wp\/v2\/types\/post"}],"author":[{"embeddable":true,"href":"https:\/\/unifranz.edu.bo\/pt\/wp-json\/wp\/v2\/users\/27"}],"replies":[{"embeddable":true,"href":"https:\/\/unifranz.edu.bo\/pt\/wp-json\/wp\/v2\/comments?post=708469"}],"version-history":[{"count":1,"href":"https:\/\/unifranz.edu.bo\/pt\/wp-json\/wp\/v2\/posts\/708469\/revisions"}],"predecessor-version":[{"id":708475,"href":"https:\/\/unifranz.edu.bo\/pt\/wp-json\/wp\/v2\/posts\/708469\/revisions\/708475"}],"wp:featuredmedia":[{"embeddable":true,"href":"https:\/\/unifranz.edu.bo\/pt\/wp-json\/wp\/v2\/media\/708474"}],"wp:attachment":[{"href":"https:\/\/unifranz.edu.bo\/pt\/wp-json\/wp\/v2\/media?parent=708469"}],"wp:term":[{"taxonomy":"category","embeddable":true,"href":"https:\/\/unifranz.edu.bo\/pt\/wp-json\/wp\/v2\/categories?post=708469"},{"taxonomy":"post_tag","embeddable":true,"href":"https:\/\/unifranz.edu.bo\/pt\/wp-json\/wp\/v2\/tags?post=708469"}],"curies":[{"name":"wp","href":"https:\/\/api.w.org\/{rel}","templated":true}]}}