{"id":708425,"date":"2025-09-25T08:48:51","date_gmt":"2025-09-25T12:48:51","guid":{"rendered":"https:\/\/unifranz.edu.bo\/?p=708425"},"modified":"2025-09-25T12:16:37","modified_gmt":"2025-09-25T16:16:37","slug":"bicentenario-grafico-un-viaje-visual-e-innovador-por-los-200-anos-de-bolivia","status":"publish","type":"post","link":"https:\/\/unifranz.edu.bo\/pt\/blog\/bicentenario-grafico-un-viaje-visual-e-innovador-por-los-200-anos-de-bolivia\/","title":{"rendered":"Bicentenario Gr\u00e1fico: un viaje visual e innovador por los 200 a\u00f1os de Bolivia"},"content":{"rendered":"<p>Bolivia es un pa\u00eds en constante dise\u00f1o. Sus 200 a\u00f1os de historia se expresan en muros, sellos postales, billetes y en cada objeto que da testimonio de su identidad. Conscientes de ese legado, la carrera de Dise\u00f1o Gr\u00e1fico y Producci\u00f3n Crossmedia de la Universidad Franz Tamayo, Unifranz, impuls\u00f3 la creaci\u00f3n de Bicentenario Gr\u00e1fico, un libro digital que rinde homenaje a la memoria nacional y, al mismo tiempo, propone miradas frescas hacia el futuro.<\/p>\n\n\n\n<p><\/p>\n\n\n\n<p>Se trata de una obra colectiva en la que estudiantes y docentes de Unifranz La Paz transformaron la memoria en im\u00e1genes, la historia en s\u00edmbolos, la diversidad en colores y la imaginaci\u00f3n en propuestas de pa\u00eds. A trav\u00e9s de concursos internos, talleres colaborativos y un intenso proceso creativo, los j\u00f3venes dise\u00f1adores aplicaron sus conocimientos para dar vida a piezas gr\u00e1ficas que combinan t\u00e9cnica, reflexi\u00f3n y sensibilidad cultural.<\/p>\n\n\n\n<p><\/p>\n\n\n\n<p>M\u00e1s que un simple compendio de obras, este libro digital busca ser una bit\u00e1cora visual del Bicentenario. Sus m\u00e1s de 100 p\u00e1ginas re\u00fanen carteles, ilustraciones, composiciones sat\u00edricas, entrevistas y producciones multimedia que dialogan entre s\u00ed, ofreciendo una mirada cr\u00edtica y esperanzadora de Bolivia.<\/p>\n\n\n\n<p><\/p>\n\n\n\n<h2 class=\"wp-block-heading\"><strong>El aporte del dise\u00f1o en el a\u00f1o del Bicentenario<\/strong><\/h2>\n\n\n\n<p>Para Lu\u00eds Palacios, director de la carrera de Dise\u00f1o Gr\u00e1fico y Producci\u00f3n Crossmedia de Unifranz El Alto, esta obra es un aporte \u00fanico en un a\u00f1o hist\u00f3rico para el pa\u00eds. \u201cCon Bicentenario Gr\u00e1fico se demuestra que el dise\u00f1o no solo embellece, sino que tambi\u00e9n narra, cuestiona y celebra nuestra identidad. Es un lenguaje capaz de abrir debates, generar conciencia y dejar un legado creativo para las futuras generaciones\u201d.<\/p>\n\n\n\n<p><\/p>\n\n\n\n<p>Este proyecto une la est\u00e9tica con la \u00e9tica, la creatividad con el prop\u00f3sito y el arte con el compromiso ciudadano. Los estudiantes aprendieron que dise\u00f1ar tambi\u00e9n es comprender y transformar la realidad\u201d, a\u00f1ade Palacios, destacando el impacto acad\u00e9mico y social de esta experiencia.<\/p>\n\n\n\n<p><\/p>\n\n\n\n<h2 class=\"wp-block-heading\"><strong>Creatividad con impacto social<\/strong><\/h2>\n\n\n\n<p>El resultado es un trabajo colectivo que no solo celebra dos siglos de historia boliviana, sino que tambi\u00e9n inspira a pensar en el pa\u00eds que queremos construir en adelante. Desde el dise\u00f1o, se proponen nuevas formas de comprender lo que somos y proyectar lo que so\u00f1amos ser.<\/p>\n\n\n\n<p><\/p>\n\n\n\n<p>Con Bicentenario Gr\u00e1fico, Unifranz reafirma su compromiso con la formaci\u00f3n de profesionales creativos, cr\u00edticos y visionarios, capaces de imaginar, crear y transformar realidades en un mundo que exige cada vez m\u00e1s innovaci\u00f3n y sensibilidad cultural.<\/p>\n\n\n\n<figure class=\"wp-block-embed is-type-video is-provider-youtube wp-block-embed-youtube wp-embed-aspect-16-9 wp-has-aspect-ratio\"><div class=\"wp-block-embed__wrapper\">\n<iframe loading=\"lazy\" title=\"Libro digital de Unifranz rinde homenaje visual al Bicentenario de Bolivia\" width=\"500\" height=\"281\" src=\"https:\/\/www.youtube.com\/embed\/FVmNhOGgnDc?feature=oembed\" frameborder=\"0\" allow=\"accelerometer; autoplay; clipboard-write; encrypted-media; gyroscope; picture-in-picture; web-share\" referrerpolicy=\"strict-origin-when-cross-origin\" allowfullscreen><\/iframe>\n<\/div><\/figure>","protected":false},"excerpt":{"rendered":"<p>Bicentenario Gr\u00e1fico de Unifranz: un libro digital que celebra 200 a\u00f1os de Bolivia con dise\u00f1o, identidad y creatividad innovadora.<\/p>","protected":false},"author":25,"featured_media":708434,"comment_status":"open","ping_status":"open","sticky":false,"template":"","format":"standard","meta":{"_acf_changed":false,"footnotes":""},"categories":[60],"tags":[],"class_list":["post-708425","post","type-post","status-publish","format-standard","has-post-thumbnail","hentry","category-blog"],"acf":[],"_links":{"self":[{"href":"https:\/\/unifranz.edu.bo\/pt\/wp-json\/wp\/v2\/posts\/708425","targetHints":{"allow":["GET"]}}],"collection":[{"href":"https:\/\/unifranz.edu.bo\/pt\/wp-json\/wp\/v2\/posts"}],"about":[{"href":"https:\/\/unifranz.edu.bo\/pt\/wp-json\/wp\/v2\/types\/post"}],"author":[{"embeddable":true,"href":"https:\/\/unifranz.edu.bo\/pt\/wp-json\/wp\/v2\/users\/25"}],"replies":[{"embeddable":true,"href":"https:\/\/unifranz.edu.bo\/pt\/wp-json\/wp\/v2\/comments?post=708425"}],"version-history":[{"count":2,"href":"https:\/\/unifranz.edu.bo\/pt\/wp-json\/wp\/v2\/posts\/708425\/revisions"}],"predecessor-version":[{"id":708441,"href":"https:\/\/unifranz.edu.bo\/pt\/wp-json\/wp\/v2\/posts\/708425\/revisions\/708441"}],"wp:featuredmedia":[{"embeddable":true,"href":"https:\/\/unifranz.edu.bo\/pt\/wp-json\/wp\/v2\/media\/708434"}],"wp:attachment":[{"href":"https:\/\/unifranz.edu.bo\/pt\/wp-json\/wp\/v2\/media?parent=708425"}],"wp:term":[{"taxonomy":"category","embeddable":true,"href":"https:\/\/unifranz.edu.bo\/pt\/wp-json\/wp\/v2\/categories?post=708425"},{"taxonomy":"post_tag","embeddable":true,"href":"https:\/\/unifranz.edu.bo\/pt\/wp-json\/wp\/v2\/tags?post=708425"}],"curies":[{"name":"wp","href":"https:\/\/api.w.org\/{rel}","templated":true}]}}