{"id":708253,"date":"2025-09-19T16:42:00","date_gmt":"2025-09-19T20:42:00","guid":{"rendered":"https:\/\/unifranz.edu.bo\/?p=708253"},"modified":"2025-09-19T16:42:05","modified_gmt":"2025-09-19T20:42:05","slug":"jornadas-de-investigacion-unifranz-un-espacio-para-fortalecer-el-pensamiento-critico-y-la-innovacion-academica","status":"publish","type":"post","link":"https:\/\/unifranz.edu.bo\/pt\/blog\/jornadas-de-investigacion-unifranz-un-espacio-para-fortalecer-el-pensamiento-critico-y-la-innovacion-academica\/","title":{"rendered":"Jornadas de Investigaci\u00f3n Unifranz: un espacio para fortalecer el pensamiento cr\u00edtico y la innovaci\u00f3n acad\u00e9mica"},"content":{"rendered":"<p>Las Jornadas de Investigaci\u00f3n de Unifranz son un espacio acad\u00e9mico y colaborativo que promueve la generaci\u00f3n, socializaci\u00f3n y aplicaci\u00f3n del conocimiento desde una perspectiva interdisciplinaria y con impacto social. Cada a\u00f1o, estudiantes, docentes e investigadores se re\u00fanen para presentar proyectos, avances y resultados en \u00e1reas clave como salud, tecnolog\u00eda, educaci\u00f3n, sostenibilidad, econom\u00eda creativa y transformaci\u00f3n digital.<\/p>\n\n\n\n<p><\/p>\n\n\n\n<blockquote class=\"wp-block-quote is-layout-flow wp-block-quote-is-layout-flow\">\n<p>\u201cIncentivar la investigaci\u00f3n cient\u00edfica en docentes y estudiantes es fundamental porque es un pilar de la construcci\u00f3n del conocimiento. Desde la visi\u00f3n de docentes y estudiantes les fortalece en su formaci\u00f3n acad\u00e9mica y su desarrollo profesional, y les da beneficios que se desarrollan en diferentes etapas\u201d afirma Luc\u00eda Alvarado, coordinadora nacional de investigaci\u00f3n de la Universidad Franz Tamayo, Unifranz.<\/p>\n<\/blockquote>\n\n\n\n<p><\/p>\n\n\n\n<p>Alvarado explica que la investigaci\u00f3n en Unifranz se integra de manera transversal en todas las carreras, desde los niveles m\u00e1s b\u00e1sicos de formaci\u00f3n hasta proyectos avanzados. Esto se traduce en ejercicios como la redacci\u00f3n cr\u00edtica, el uso de recursos bibliogr\u00e1ficos y la elaboraci\u00f3n de proyectos que no solo responden a problem\u00e1ticas locales, sino que tambi\u00e9n contribuyen a la generaci\u00f3n de soluciones con impacto social. Seg\u00fan la coordinadora, uno de los principales beneficios de este enfoque es que los estudiantes desarrollan competencias en pensamiento cr\u00edtico, resoluci\u00f3n de problemas y b\u00fasqueda de informaci\u00f3n, cualidades fundamentales en un mundo donde la automatizaci\u00f3n amenaza con reducir estos procesos cognitivos.<\/p>\n\n\n\n<p><\/p>\n\n\n\n<p>Adem\u00e1s, la acad\u00e9mica destaca que las Jornadas permiten integrar conocimientos de distintas facultades, respondiendo a lineamientos globales como los Objetivos de Desarrollo Sostenible (ODS) \u201cYa no es investigaci\u00f3n s\u00f3lo desde la Facultad de Ciencias de la Salud, desde Ciencias Jur\u00eddicas o desde Empresariales, sino que van integradas. Van integradas para responder estos objetivos de desarrollo sostenible que son gu\u00edas macro de c\u00f3mo mejorar el medio ambiente o la sociedad\u201d, subraya.<\/p>\n\n\n\n<p><\/p>\n\n\n\n<p>En cuanto a los beneficios para la comunidad acad\u00e9mica, Alvarado se\u00f1ala que los estudiantes no solo aprenden a dise\u00f1ar estudios y analizar datos, sino tambi\u00e9n a comunicar sus resultados, un aspecto crucial en la formaci\u00f3n de profesionales capaces de transferir sus competencias al \u00e1mbito laboral.&nbsp;<\/p>\n\n\n\n<p><\/p>\n\n\n\n<blockquote class=\"wp-block-quote is-layout-flow wp-block-quote-is-layout-flow\">\n<p>\u201cEl desaf\u00edo es c\u00f3mo hacemos que todos estos conocimientos puedan transferirse en ser investigador, en ser esta persona que va a utilizar el aprendizaje basado en investigaci\u00f3n para que los estudiantes vean m\u00e1s all\u00e1, para que cuestionen, razonen y formen nuevos conocimientos\u201d indica.<\/p>\n<\/blockquote>\n\n\n\n<p><\/p>\n\n\n\n<p>Otro de los aportes de las Jornadas es el fomento de proyectos integradores, que permiten conjugar distintas asignaturas y \u00e1reas del conocimiento para ofrecer respuestas concretas a problem\u00e1ticas nacionales.&nbsp;<\/p>\n\n\n\n<p><\/p>\n\n\n\n<figure class=\"wp-block-embed is-type-video is-provider-youtube wp-block-embed-youtube wp-embed-aspect-16-9 wp-has-aspect-ratio\"><div class=\"wp-block-embed__wrapper\">\n<iframe loading=\"lazy\" title=\"Jornadas de Investigaci\u00f3n: espacio para fortalecer el pensamiento cr\u00edtico y la innovaci\u00f3n acad\u00e9mica\" width=\"500\" height=\"281\" src=\"https:\/\/www.youtube.com\/embed\/sSISuFGNRoQ?feature=oembed\" frameborder=\"0\" allow=\"accelerometer; autoplay; clipboard-write; encrypted-media; gyroscope; picture-in-picture; web-share\" referrerpolicy=\"strict-origin-when-cross-origin\" allowfullscreen><\/iframe>\n<\/div><\/figure>\n\n\n\n<p><\/p>\n\n\n\n<p>Seg\u00fan Alvarado, esta estrategia no solo enriquece la formaci\u00f3n acad\u00e9mica, sino que tambi\u00e9n refleja la capacidad de transformar el conocimiento en soluciones pr\u00e1cticas. \u201cLos proyectos integradores son una estrategia curricular que responden a problem\u00e1ticas propias del pa\u00eds, con aportes desde diferentes \u00e1reas del conocimiento\u201d explica.<\/p>\n\n\n\n<p><\/p>\n\n\n\n<p>Las Jornadas tambi\u00e9n representan un espacio para visibilizar tanto a los grupos de investigaci\u00f3n consolidados como a aquellos que reci\u00e9n se inician en este camino. Por ello, Unifranz implementa categor\u00edas junior y senior, reconociendo que los procesos de aprendizaje y consolidaci\u00f3n son distintos.&nbsp;<\/p>\n\n\n\n<p><\/p>\n\n\n\n<blockquote class=\"wp-block-quote is-layout-flow wp-block-quote-is-layout-flow\">\n<p>\u201cEs importante visibilizar a aquellos que reci\u00e9n est\u00e1n empezando en el camino. Consideramos que el proceso de construcci\u00f3n de estos grupos que hacen investigaci\u00f3n es diferente, y por eso les damos un espacio propio\u201d comenta la coordinadora.<\/p>\n<\/blockquote>\n\n\n\n<p><\/p>\n\n\n\n<p>Para Alvarado, uno de los mayores retos es evitar que docentes y estudiantes se frustren en el proceso investigativo, garantizando que encuentren apoyo, herramientas y motivaci\u00f3n constante. En este sentido, las Jornadas de Investigaci\u00f3n cumplen un papel clave como plataforma de encuentro, inspiraci\u00f3n y proyecci\u00f3n.&nbsp;<\/p>\n\n\n\n<p><\/p>\n\n\n\n<blockquote class=\"wp-block-quote is-layout-flow wp-block-quote-is-layout-flow\">\n<p>\u201cHemos abierto la mente, hemos generado cuestionamiento, estamos empezando a formar docentes y estudiantes con competencias investigativas intermedias y avanzadas y ahora, \u00bfc\u00f3mo los potenciamos m\u00e1s todav\u00eda? \u00bfC\u00f3mo hacemos que no se frustren en el camino de la investigaci\u00f3n?\u201d reflexiona.<\/p>\n<\/blockquote>\n\n\n\n<p><\/p>\n\n\n\n<p>Con una modalidad que combina presentaciones presenciales y virtuales, el evento busca la participaci\u00f3n inclusiva desde todas las sedes de Unifranz. A trav\u00e9s de ponencias, paneles tem\u00e1ticos, posters digitales, c\u00e1psulas audiovisuales y pitch cient\u00edficos, las Jornadas se consolidan como un espacio de difusi\u00f3n accesible y atractivo, que fortalece la relaci\u00f3n entre la universidad y la sociedad.<\/p>\n\n\n\n<p><\/p>\n\n\n\n<p>As\u00ed, las Jornadas de Investigaci\u00f3n de Unifranz no solo son un evento acad\u00e9mico, sino una apuesta estrat\u00e9gica por formar profesionales capaces de pensar cr\u00edticamente, generar innovaci\u00f3n y transformar realidades a trav\u00e9s del conocimiento.<\/p>\n\n\n\n<p><\/p>","protected":false},"excerpt":{"rendered":"<p>Investigaci\u00f3n, innovaci\u00f3n y pensamiento cr\u00edtico se unen en las Jornadas de Investigaci\u00f3n Unifranz, un espacio para transformar realidades.<\/p>","protected":false},"author":49,"featured_media":708254,"comment_status":"open","ping_status":"open","sticky":false,"template":"","format":"standard","meta":{"_acf_changed":false,"footnotes":""},"categories":[60],"tags":[364,320,386,1422,11382,11350,2214,2004,218,242],"class_list":["post-708253","post","type-post","status-publish","format-standard","has-post-thumbnail","hentry","category-blog","tag-ciencia","tag-docentes","tag-estudiantes","tag-innovacion-en-educacion","tag-jornadas-de-investigacion","tag-medios-digitales","tag-modelo-educativo-innovador","tag-ods","tag-tecnologia","tag-unifranz"],"acf":[],"_links":{"self":[{"href":"https:\/\/unifranz.edu.bo\/pt\/wp-json\/wp\/v2\/posts\/708253","targetHints":{"allow":["GET"]}}],"collection":[{"href":"https:\/\/unifranz.edu.bo\/pt\/wp-json\/wp\/v2\/posts"}],"about":[{"href":"https:\/\/unifranz.edu.bo\/pt\/wp-json\/wp\/v2\/types\/post"}],"author":[{"embeddable":true,"href":"https:\/\/unifranz.edu.bo\/pt\/wp-json\/wp\/v2\/users\/49"}],"replies":[{"embeddable":true,"href":"https:\/\/unifranz.edu.bo\/pt\/wp-json\/wp\/v2\/comments?post=708253"}],"version-history":[{"count":2,"href":"https:\/\/unifranz.edu.bo\/pt\/wp-json\/wp\/v2\/posts\/708253\/revisions"}],"predecessor-version":[{"id":708256,"href":"https:\/\/unifranz.edu.bo\/pt\/wp-json\/wp\/v2\/posts\/708253\/revisions\/708256"}],"wp:featuredmedia":[{"embeddable":true,"href":"https:\/\/unifranz.edu.bo\/pt\/wp-json\/wp\/v2\/media\/708254"}],"wp:attachment":[{"href":"https:\/\/unifranz.edu.bo\/pt\/wp-json\/wp\/v2\/media?parent=708253"}],"wp:term":[{"taxonomy":"category","embeddable":true,"href":"https:\/\/unifranz.edu.bo\/pt\/wp-json\/wp\/v2\/categories?post=708253"},{"taxonomy":"post_tag","embeddable":true,"href":"https:\/\/unifranz.edu.bo\/pt\/wp-json\/wp\/v2\/tags?post=708253"}],"curies":[{"name":"wp","href":"https:\/\/api.w.org\/{rel}","templated":true}]}}