{"id":708243,"date":"2025-09-17T16:40:41","date_gmt":"2025-09-17T20:40:41","guid":{"rendered":"https:\/\/unifranz.edu.bo\/?p=708243"},"modified":"2025-09-17T16:41:08","modified_gmt":"2025-09-17T20:41:08","slug":"consejos-para-identificar-y-tratar-la-depresion-de-forma-efectiva","status":"publish","type":"post","link":"https:\/\/unifranz.edu.bo\/pt\/blog\/consejos-para-identificar-y-tratar-la-depresion-de-forma-efectiva\/","title":{"rendered":"Consejos para identificar y tratar la depresi\u00f3n de forma efectiva"},"content":{"rendered":"<p>La depresi\u00f3n es un trastorno del estado de \u00e1nimo que, seg\u00fan la Organizaci\u00f3n Mundial de la Salud (OMS), afecta a m\u00e1s de 280 millones de personas a nivel mundial. Esta afecci\u00f3n no se trata simplemente de \u201cestar triste\u201d o \u201cpasar por un mal momento\u201d; se refiere a una condici\u00f3n m\u00e9dica compleja que altera el pensamiento, las emociones y la energ\u00eda vital de quienes la padecen. Identificar sus se\u00f1ales de manera temprana es importante para buscar ayuda y evitar que avance.<\/p>\n\n\n\n<p>Liudmila Loayza, directora de la carrera de Psicolog\u00eda de la Universidad Franz Tamayo, Unifranz, sostiene que los trastornos mentales, como la depresi\u00f3n y otros trastornos del comportamiento, son usuales en la adolescencia, particularmente en esta generaci\u00f3n, como resultado de una combinaci\u00f3n de factores biol\u00f3gicos, psicol\u00f3gicos y sociales que afectan su desarrollo emocional.<\/p>\n\n\n\n<blockquote class=\"wp-block-quote is-layout-flow wp-block-quote-is-layout-flow\">\n<p>\u201cLa depresi\u00f3n no es f\u00e1cil de detectar, porque los s\u00edntomas pueden confundirse con estados de \u00e1nimo pasajeros o ser minimizados por el entorno. Sin embargo, existen algunos cambios en la conducta y las emociones que pueden dar indicios de que una persona est\u00e1 lidiando con esta enfermedad\u201d, explica la acad\u00e9mica.<\/p>\n<\/blockquote>\n\n\n\n<p>La depresi\u00f3n es un problema de salud mental que se reconoce por s\u00edntomas comunes que incluyen:<\/p>\n\n\n\n<ul class=\"wp-block-list\">\n<li><\/li>\n\n\n\n<li>&#8211; Estado de \u00e1nimo deprimido la mayor parte del d\u00eda, casi todos los d\u00edas.<\/li>\n\n\n\n<li>&#8211; P\u00e9rdida marcada de inter\u00e9s o placer en todas o casi todas las actividades que se realiza.<\/li>\n\n\n\n<li>&#8211; Cambios en el peso o apetito.<\/li>\n\n\n\n<li>&#8211; Insomnio o hipersomnia (dormir demasiado).<\/li>\n\n\n\n<li>&#8211; Presencia de fatiga o p\u00e9rdida de energ\u00eda.<\/li>\n\n\n\n<li>&#8211; Sentimientos de inutilidad, culpa excesiva o de \u201cno valer nada\u201d.<\/li>\n\n\n\n<li>&#8211; Disminuci\u00f3n de la capacidad para pensar, concentrarse o tomar decisiones.<\/li>\n\n\n\n<li>&#8211; Pensamientos recurrentes de muerte o suicidio.<\/li>\n<\/ul>\n\n\n\n<p><\/p>\n\n\n\n<p><\/p>\n\n\n\n<p>Tambi\u00e9n puede aparecer un estado de irritabilidad, ganas de estar solo o incluso pensamientos negativos sobre uno mismo o la vida. Si estos s\u00edntomas duran m\u00e1s de dos semanas, es importante buscar ayuda de un profesional.<\/p>\n\n\n\n<blockquote class=\"wp-block-quote is-layout-flow wp-block-quote-is-layout-flow\">\n<p>\u201cAh\u00ed entran los psic\u00f3logos, que estamos llamados a atender este tipo de situaciones. Sin embargo, los padres no pueden dejar que las cosas pasen como si nada; hay que buscar soluciones\u201d, destaca Loayza.<\/p>\n<\/blockquote>\n\n\n\n<p>Adem\u00e1s, la depresi\u00f3n puede verse influida por varios factores, como tener familiares que hayan pasado por el mismo estado, vivir situaciones de mucho estr\u00e9s, sufrir una enfermedad cr\u00f3nica o haber atravesado experiencias dif\u00edciles o traum\u00e1ticas.<\/p>\n\n\n\n<p>De manera m\u00e1s precisa, los estudios de la American Psychiatric Association, sobre c\u00f3mo se identifica la depresi\u00f3n, indican que se suelen utilizar gu\u00edas oficiales para el diagn\u00f3stico, como el DSM-5 (Manual Diagn\u00f3stico y Estad\u00edstico de los Trastornos Mentales) o la CIE-11 (Clasificaci\u00f3n Internacional de Enfermedades de la Organizaci\u00f3n Mundial de la Salud).<\/p>\n\n\n\n<p>Estas gu\u00edas establecen que, para considerar que una persona tiene depresi\u00f3n, debe presentar al menos cinco de los s\u00edntomas mencionados durante dos semanas consecutivas. Adem\u00e1s, los investigadores que utilizan estas gu\u00edas lo hacen con el objetivo de que el diagn\u00f3stico sea m\u00e1s claro, confiable y estandarizado.<\/p>\n\n\n\n<p><strong>Avances del tratamiento<\/strong><\/p>\n\n\n\n<p>En la \u00faltima d\u00e9cada, los avances en el tratamiento de la depresi\u00f3n han mejorado la manera en que se aborda esta enfermedad. La psicoterapia, en particular la terapia cognitivo-conductual, sigue siendo una herramienta eficaz para ayudar a los pacientes a identificar y modificar patrones de pensamiento negativos, as\u00ed como a recuperar habilidades emocionales fundamentales.<\/p>\n\n\n\n<blockquote class=\"wp-block-quote is-layout-flow wp-block-quote-is-layout-flow\">\n<p>\u201cEs necesario hacer un diagn\u00f3stico para ver el tipo de depresi\u00f3n, porque var\u00eda seg\u00fan la intensidad, frecuencia y tiempo. El abordaje es diferente en cada caso\u201d, sostiene Loayza.<\/p>\n<\/blockquote>\n\n\n\n<p>Por otro lado, los medicamentos antidepresivos de \u00faltima generaci\u00f3n, con menos efectos secundarios y mayor precisi\u00f3n, han ampliado significativamente las opciones de tratamiento para quienes requieren apoyo farmacol\u00f3gico.<\/p>\n\n\n\n<p>La conocida Prozac, exhibe propiedades antiinflamatorias y neuroprotectoras, que, combinadas en dosis bajas, puede acelerar el proceso de tratamiento para pacientes que sufren de depresi\u00f3n. Opciones como las inyecciones o parches, tambi\u00e9n facilita la absorci\u00f3n directa del f\u00e1rmaco en el torrente sangu\u00edneo, para llegar al sistema nervioso central.<\/p>\n\n\n\n<p>De la misma manera, la combinaci\u00f3n de enfoques \u2014psicoterapia, medicaci\u00f3n, h\u00e1bitos de vida saludables y apoyo social\u2014 constituye hoy el est\u00e1ndar m\u00e1s efectivo para el tratamiento de la depresi\u00f3n. Actividades como practicar ejercicio f\u00edsico de forma regular, mantener rutinas de sue\u00f1o estables, fortalecer los v\u00ednculos afectivos y evitar el consumo de sustancias se consideran pilares fundamentales que complementan la intervenci\u00f3n cl\u00ednica.<\/p>\n\n\n\n<p>Adem\u00e1s, la sensibilizaci\u00f3n social cumple un papel crucial, ya que hablar abiertamente sobre la salud mental contribuye a reducir el estigma y motiva a m\u00e1s personas a buscar ayuda profesional.<\/p>","protected":false},"excerpt":{"rendered":"<p>La depresi\u00f3n es un trastorno mental complejo con s\u00edntomas persistentes. Su diagn\u00f3stico y tratamiento requieren enfoque cl\u00ednico y apoyo social.<\/p>","protected":false},"author":51,"featured_media":708244,"comment_status":"open","ping_status":"open","sticky":false,"template":"","format":"standard","meta":{"_acf_changed":false,"footnotes":""},"categories":[60],"tags":[266,2462,1422,10867,240,2944,8280,11327,5832,5428],"class_list":["post-708243","post","type-post","status-publish","format-standard","has-post-thumbnail","hentry","category-blog","tag-bolivia","tag-depresion","tag-innovacion-en-educacion","tag-oms-2","tag-psicologia","tag-salud-mental","tag-sintomas","tag-terapia-psicologica","tag-tratamientos","tag-unifrannz"],"acf":[],"_links":{"self":[{"href":"https:\/\/unifranz.edu.bo\/pt\/wp-json\/wp\/v2\/posts\/708243","targetHints":{"allow":["GET"]}}],"collection":[{"href":"https:\/\/unifranz.edu.bo\/pt\/wp-json\/wp\/v2\/posts"}],"about":[{"href":"https:\/\/unifranz.edu.bo\/pt\/wp-json\/wp\/v2\/types\/post"}],"author":[{"embeddable":true,"href":"https:\/\/unifranz.edu.bo\/pt\/wp-json\/wp\/v2\/users\/51"}],"replies":[{"embeddable":true,"href":"https:\/\/unifranz.edu.bo\/pt\/wp-json\/wp\/v2\/comments?post=708243"}],"version-history":[{"count":2,"href":"https:\/\/unifranz.edu.bo\/pt\/wp-json\/wp\/v2\/posts\/708243\/revisions"}],"predecessor-version":[{"id":708246,"href":"https:\/\/unifranz.edu.bo\/pt\/wp-json\/wp\/v2\/posts\/708243\/revisions\/708246"}],"wp:featuredmedia":[{"embeddable":true,"href":"https:\/\/unifranz.edu.bo\/pt\/wp-json\/wp\/v2\/media\/708244"}],"wp:attachment":[{"href":"https:\/\/unifranz.edu.bo\/pt\/wp-json\/wp\/v2\/media?parent=708243"}],"wp:term":[{"taxonomy":"category","embeddable":true,"href":"https:\/\/unifranz.edu.bo\/pt\/wp-json\/wp\/v2\/categories?post=708243"},{"taxonomy":"post_tag","embeddable":true,"href":"https:\/\/unifranz.edu.bo\/pt\/wp-json\/wp\/v2\/tags?post=708243"}],"curies":[{"name":"wp","href":"https:\/\/api.w.org\/{rel}","templated":true}]}}