{"id":708202,"date":"2025-09-15T18:26:08","date_gmt":"2025-09-15T22:26:08","guid":{"rendered":"https:\/\/unifranz.edu.bo\/?p=708202"},"modified":"2025-09-15T18:26:15","modified_gmt":"2025-09-15T22:26:15","slug":"cuando-las-palabras-se-convierten-en-eco-desafios-y-esperanzas-frente-a-la-ecolalia","status":"publish","type":"post","link":"https:\/\/unifranz.edu.bo\/pt\/blog\/cuando-las-palabras-se-convierten-en-eco-desafios-y-esperanzas-frente-a-la-ecolalia\/","title":{"rendered":"Cuando las palabras se convierten en eco: desaf\u00edos y esperanzas frente a la ecolalia"},"content":{"rendered":"<p>\u00abMam\u00e1, mam\u00e1, mam\u00e1&#8230;\u00bb repite una y otra vez un ni\u00f1o de cinco a\u00f1os mientras camina por la sala. Su madre lo mira con ternura y cierta preocupaci\u00f3n: no sabe si ese eco constante es solo un juego infantil o un signo de que algo no anda bien en su desarrollo del lenguaje. Esa escena, cotidiana en muchos hogares, refleja lo que la psicolog\u00eda y la logopedia conocen como ecolalia, un fen\u00f3meno que genera dudas, miedos y, sobre todo, desaf\u00edos en la comunicaci\u00f3n y el aprendizaje.<\/p>\n\n\n\n<p>La ecolalia se caracteriza por la repetici\u00f3n autom\u00e1tica de palabras o frases previamente escuchadas, ya sea de forma inmediata o diferida, incluso horas o d\u00edas despu\u00e9s.&nbsp;<\/p>\n\n\n\n<blockquote class=\"wp-block-quote is-layout-flow wp-block-quote-is-layout-flow\">\n<p>\u201cNo hablamos de un trastorno en s\u00ed mismo, sino de un s\u00edntoma que refleja c\u00f3mo la persona procesa y utiliza el lenguaje\u201d, explica Juan Marcelo Bustamante Recamo, docente de la carrera de Psicolog\u00eda de la Universidad Franz Tamayo, Unifranz.<\/p>\n<\/blockquote>\n\n\n\n<p><strong>\u00bfPor qu\u00e9 aparece la ecolalia?<\/strong><\/p>\n\n\n\n<p>Las causas son diversas. Puede estar asociada al Trastorno del Espectro Autista (TEA), a dificultades espec\u00edficas del lenguaje, retrasos madurativos o incluso a lesiones cerebrales. En adultos mayores, tambi\u00e9n se observa en cuadros de demencia o deterioro cognitivo avanzado.<\/p>\n\n\n\n<p>Existen dos tipos principales de ecolalia. La ecolalia inmediata se manifiesta cuando la repetici\u00f3n ocurre de manera casi instant\u00e1nea tras escuchar un est\u00edmulo verbal, mientras que la ecolalia diferida aparece despu\u00e9s de un lapso de tiempo m\u00e1s prolongado, que puede ir desde horas hasta incluso d\u00edas.<\/p>\n\n\n\n<blockquote class=\"wp-block-quote is-layout-flow wp-block-quote-is-layout-flow\">\n<p>\u201cLejos de ser solo una conducta r\u00edgida, muchas veces la ecolalia cumple una funci\u00f3n: ayuda a regular la ansiedad, iniciar una interacci\u00f3n o captar la atenci\u00f3n del otro\u201d, subraya Bustamante.<\/p>\n<\/blockquote>\n\n\n\n<p><strong>Tratamiento y acompa\u00f1amiento<\/strong><\/p>\n\n\n\n<p>El abordaje nunca es aislado. Se integra en un plan de intervenci\u00f3n en comunicaci\u00f3n y lenguaje que combina terapia fonoaudiol\u00f3gica, estrategias conductuales y apoyos psicoeducativos.<\/p>\n\n\n\n<p>La logopedia resulta fundamental, ya que ense\u00f1a a reemplazar la repetici\u00f3n autom\u00e1tica por expresiones m\u00e1s funcionales. Tambi\u00e9n se aplican programas como el An\u00e1lisis Conductual Aplicado (ABA), sistemas de Comunicaci\u00f3n Aumentativa y Alternativa (CAA) y el modelado ling\u00fc\u00edstico.<\/p>\n\n\n\n<p>Para Bustamante, el acompa\u00f1amiento emocional es clave, ya que \u201cla ecolalia no solo debe entenderse como una limitaci\u00f3n, sino como un intento genuino de comunicaci\u00f3n. Por eso, la intervenci\u00f3n debe cuidar tanto la dimensi\u00f3n t\u00e9cnica como la afectiva\u201d.<\/p>\n\n\n\n<p><strong>Relaci\u00f3n con el espectro autista<\/strong><\/p>\n\n\n\n<p>Entre un 75 % y 85 % de los ni\u00f1os con TEA presentan alg\u00fan nivel de ecolalia en su desarrollo. Sin embargo, su presencia no basta para confirmar un diagn\u00f3stico, pues tambi\u00e9n se encuentra en otros cuadros neurol\u00f3gicos.<\/p>\n\n\n\n<p>En el caso del autismo, la ecolalia puede ser a la vez un signo de dificultad en la producci\u00f3n de discurso espont\u00e1neo y una estrategia para sostener contacto social. \u201cComprender ese eco como un puente hacia la comunicaci\u00f3n nos permite acompa\u00f1ar de manera m\u00e1s respetuosa y eficaz\u201d, puntualiza el docente.<\/p>\n\n\n\n<p><strong>Efectos en el lenguaje y el aprendizaje<\/strong><\/p>\n\n\n\n<p>El impacto puede ser ambivalente. Por un lado, limita la flexibilidad comunicativa y dificulta la construcci\u00f3n de di\u00e1logos fluidos. Por otro lado, puede convertirse en un recurso pedag\u00f3gico para ampliar vocabulario y memoria verbal.<\/p>\n\n\n\n<p>\u201cMuchas veces, a partir de la repetici\u00f3n, los ni\u00f1os logran adquirir estructuras ling\u00fc\u00edsticas que luego transforman en expresiones significativas\u201d, comenta Bustamante. El desaf\u00edo est\u00e1 en guiar ese proceso para que el eco se convierta en comunicaci\u00f3n aut\u00e9ntica.<\/p>\n\n\n\n<p>En estos casos, el acompa\u00f1amiento familiar es decisivo en el proceso terap\u00e9utico. Por ese motivo, los especialistas recomiendan:<\/p>\n\n\n\n<ul class=\"wp-block-list\">\n<li>Validar la comunicaci\u00f3n, entendiendo que la ecolalia es un intento de interactuar.<\/li>\n\n\n\n<li>Modelar frases claras y \u00fatiles, que el ni\u00f1o pueda repetir y aplicar en contextos reales.<\/li>\n\n\n\n<li>Incorporar rutinas cotidianas como momentos naturales de estimulaci\u00f3n del lenguaje.<\/li>\n\n\n\n<li>Usar apoyos visuales y gestuales que refuercen la comprensi\u00f3n.<\/li>\n\n\n\n<li>Mantener la calma y la constancia, evitando frustraciones y transmitiendo seguridad.<\/li>\n<\/ul>\n\n\n\n<p>La ecolalia, m\u00e1s que un obst\u00e1culo, es una invitaci\u00f3n a mirar el lenguaje desde otras perspectivas. Requiere paciencia, comprensi\u00f3n y estrategias terap\u00e9uticas, pero tambi\u00e9n empat\u00eda para reconocer el valor de cada intento comunicativo.<\/p>\n\n\n\n<p>\u201cCada eco encierra una intenci\u00f3n de acercarse al otro. Cuando la familia y los profesionales logran escuchar esa intenci\u00f3n, se abre el camino hacia una comunicaci\u00f3n m\u00e1s plena y significativa\u201d, concluye el docente de Psicolog\u00eda en Unifranz.<\/p>","protected":false},"excerpt":{"rendered":"<p>La ecolalia, eco del lenguaje en ni\u00f1os y adultos, plantea desaf\u00edos y esperanzas. Descubre causas, tipos y terapias para potenciar la comunicaci\u00f3n.<\/p>","protected":false},"author":50,"featured_media":708214,"comment_status":"open","ping_status":"open","sticky":false,"template":"","format":"standard","meta":{"_acf_changed":false,"footnotes":""},"categories":[60],"tags":[2746,53,1422,41,49,240,11376,11377,242],"class_list":["post-708202","post","type-post","status-publish","format-standard","has-post-thumbnail","hentry","category-blog","tag-aprendizaje","tag-educacion","tag-innovacion-en-educacion","tag-la-paz","tag-medicina","tag-psicologia","tag-tea","tag-trastorno-del-espectro-autista","tag-unifranz"],"acf":[],"_links":{"self":[{"href":"https:\/\/unifranz.edu.bo\/pt\/wp-json\/wp\/v2\/posts\/708202","targetHints":{"allow":["GET"]}}],"collection":[{"href":"https:\/\/unifranz.edu.bo\/pt\/wp-json\/wp\/v2\/posts"}],"about":[{"href":"https:\/\/unifranz.edu.bo\/pt\/wp-json\/wp\/v2\/types\/post"}],"author":[{"embeddable":true,"href":"https:\/\/unifranz.edu.bo\/pt\/wp-json\/wp\/v2\/users\/50"}],"replies":[{"embeddable":true,"href":"https:\/\/unifranz.edu.bo\/pt\/wp-json\/wp\/v2\/comments?post=708202"}],"version-history":[{"count":1,"href":"https:\/\/unifranz.edu.bo\/pt\/wp-json\/wp\/v2\/posts\/708202\/revisions"}],"predecessor-version":[{"id":708215,"href":"https:\/\/unifranz.edu.bo\/pt\/wp-json\/wp\/v2\/posts\/708202\/revisions\/708215"}],"wp:featuredmedia":[{"embeddable":true,"href":"https:\/\/unifranz.edu.bo\/pt\/wp-json\/wp\/v2\/media\/708214"}],"wp:attachment":[{"href":"https:\/\/unifranz.edu.bo\/pt\/wp-json\/wp\/v2\/media?parent=708202"}],"wp:term":[{"taxonomy":"category","embeddable":true,"href":"https:\/\/unifranz.edu.bo\/pt\/wp-json\/wp\/v2\/categories?post=708202"},{"taxonomy":"post_tag","embeddable":true,"href":"https:\/\/unifranz.edu.bo\/pt\/wp-json\/wp\/v2\/tags?post=708202"}],"curies":[{"name":"wp","href":"https:\/\/api.w.org\/{rel}","templated":true}]}}