{"id":708190,"date":"2025-09-13T21:52:34","date_gmt":"2025-09-14T01:52:34","guid":{"rendered":"https:\/\/unifranz.edu.bo\/?p=708190"},"modified":"2025-09-13T21:52:41","modified_gmt":"2025-09-14T01:52:41","slug":"unifranz-cochabamba-recibe-la-distincion-14-de-septiembre-en-el-aniversario-de-la-llajta-por-transformar-vidas-a-traves-de-la-educacion","status":"publish","type":"post","link":"https:\/\/unifranz.edu.bo\/pt\/blog\/unifranz-cochabamba-recibe-la-distincion-14-de-septiembre-en-el-aniversario-de-la-llajta-por-transformar-vidas-a-traves-de-la-educacion\/","title":{"rendered":"Unifranz Cochabamba recibe la distinci\u00f3n \u201c14 de Septiembre\u201d en el aniversario de la Llajta, por transformar vidas a trav\u00e9s de la educaci\u00f3n"},"content":{"rendered":"<p>En un acto solemne cargado de simbolismo hist\u00f3rico, el Gobierno Aut\u00f3nomo Municipal de Cochabamba otorg\u00f3 la distinci\u00f3n \u201c14 de Septiembre\u201d a la Universidad Franz Tamayo, Unifranz, sede Cochabamba, en la categor\u00eda M\u00e9rito Acad\u00e9mico, Tecnol\u00f3gico, Investigaci\u00f3n e Innovaci\u00f3n.<\/p>\n\n\n\n<blockquote class=\"wp-block-quote is-layout-flow wp-block-quote-is-layout-flow\">\n<p>\u201cTransformar la educaci\u00f3n para nosotros es transformar vidas que transformen el entorno y as\u00ed transformar la humanidad para un mayor bienestar. Este reconocimiento ratifica que Unifranz es un actor comprometido con la innovaci\u00f3n acad\u00e9mica y con proyectos que impactan directamente en la sociedad\u201d, se\u00f1al\u00f3 el vicerrector de Unifranz Cochabamba, Rolando L\u00f3pez.&nbsp;<\/p>\n<\/blockquote>\n\n\n\n<p>El reconocimiento se realiz\u00f3 en el Teatro Jos\u00e9 Mar\u00eda de Ach\u00e1, durante la Sesi\u00f3n de Honor del Concejo Municipal por los 215 a\u00f1os de la gesta revolucionaria de 1810, considerada la primera insurrecci\u00f3n popular contra el dominio colonial en el valle cochabambino. El reconocimiento adquiere un valor especial al coincidir con el a\u00f1o en que Bolivia celebra su Bicentenario.<\/p>\n\n\n\n<p><strong>Un galard\u00f3n a la innovaci\u00f3n y el impacto social<\/strong><\/p>\n\n\n\n<p>Mediante la Resoluci\u00f3n Municipal N.\u00b0 9704\/2025, el Concejo Municipal dispuso el galard\u00f3n en m\u00e9rito al aporte de Unifranz en la formaci\u00f3n profesional, la innovaci\u00f3n educativa y la generaci\u00f3n de proyectos con incidencia social y cultural.<\/p>\n\n\n\n<p>Desde hace m\u00e1s de dos d\u00e9cadas, Unifranz Cochabamba ha construido un ecosistema acad\u00e9mico que combina un modelo educativo innovador, investigaci\u00f3n aplicada y extensi\u00f3n universitaria. La universidad lider\u00f3 el Censo de Econom\u00eda Naranja, un estudio pionero que se convirti\u00f3 en la base para la Ley Municipal de Econom\u00eda Creativa y que hoy posiciona a Cochabamba como referente en el \u00e1mbito de las industrias culturales.&nbsp;<\/p>\n\n\n\n<p>La instituci\u00f3n tambi\u00e9n ha incursionado en la tecnolog\u00eda con proyectos de alto impacto social, como la aplicaci\u00f3n <em>Munayki<\/em>, destinada a combatir la violencia dom\u00e9stica mediante herramientas de prevenci\u00f3n y acompa\u00f1amiento. Asimismo, en 2020, abri\u00f3 <em>Abstract<\/em>, la primera galer\u00eda virtual del pa\u00eds, que desde entonces ha proyectado el talento creativo de estudiantes y profesionales bolivianos hacia el mundo.<\/p>\n\n\n\n<p>Cada una de estas iniciativas refleja el compromiso de la universidad con la innovaci\u00f3n y con la formaci\u00f3n de profesionales que aportan soluciones locales a desaf\u00edos de escala global.<\/p>\n\n\n\n<figure class=\"wp-block-embed is-type-video is-provider-youtube wp-block-embed-youtube wp-embed-aspect-16-9 wp-has-aspect-ratio\"><div class=\"wp-block-embed__wrapper\">\n<iframe loading=\"lazy\" title=\"Unifranz Cochabamba recibe distinci\u00f3n \u201c14 de Septiembre\u201d por transformar vidas\" width=\"500\" height=\"281\" src=\"https:\/\/www.youtube.com\/embed\/nKhYxJ4yYNo?feature=oembed\" frameborder=\"0\" allow=\"accelerometer; autoplay; clipboard-write; encrypted-media; gyroscope; picture-in-picture; web-share\" referrerpolicy=\"strict-origin-when-cross-origin\" allowfullscreen><\/iframe>\n<\/div><\/figure>\n\n\n\n<p><\/p>\n\n\n\n<p><strong>Voces en la ceremonia<\/strong><\/p>\n\n\n\n<p>El alcalde de Cochabamba, Manfred Reyes Villa, subray\u00f3 el rol de la universidad en el desarrollo regional y resalt\u00f3 el compromiso de Unifranz y sus graduados, no solo con la comunidad local sino con todo el pa\u00eds.&nbsp;<\/p>\n\n\n\n<blockquote class=\"wp-block-quote is-layout-flow wp-block-quote-is-layout-flow\">\n<p>\u201cUnifranz es una de las mejores universidades del pa\u00eds, merec\u00eda este reconocimiento. De ac\u00e1 salen profesionales que sirven no solo en Cochabamba, sino tambi\u00e9n a nivel nacional e internacional\u201d, afirm\u00f3 el burgomaestre.<\/p>\n<\/blockquote>\n\n\n\n<p>El presidente del Concejo Municipal, Walter Flores, destac\u00f3 que la entrega de estas distinciones busca honrar a las instituciones que impulsan la transformaci\u00f3n de Cochabamba hacia una ciudad m\u00e1s innovadora, inclusiva y con mayores oportunidades para las nuevas generaciones.<\/p>\n\n\n\n<p><strong>Una distinci\u00f3n en tiempos hist\u00f3ricos<\/strong><\/p>\n\n\n\n<p>La distinci\u00f3n \u201c14 de Septiembre\u201d es una de las m\u00e1s altas condecoraciones que otorga el municipio cochabambino. Este a\u00f1o, su entrega se enmarca en la conmemoraci\u00f3n de los 215 a\u00f1os de la gesta revolucionaria, liderada por figuras como Esteban Arze, Alejo Calatayud y Manuela Gandarillas, quienes sembraron las bases del proceso independentista en el coraz\u00f3n del Alto Per\u00fa.<\/p>\n\n\n\n<p>Recibir este reconocimiento en el Bicentenario de Bolivia refuerza el compromiso de Unifranz con la construcci\u00f3n de una sociedad m\u00e1s justa, innovadora y preparada para los retos del siglo XXI.<\/p>\n\n\n\n<p>Con estudiantes de m\u00e1s de diez nacionalidades, Unifranz reafirma su car\u00e1cter global: una instituci\u00f3n acad\u00e9mica con visi\u00f3n internacional, pero profundamente conectada con las necesidades de Bolivia y de la regi\u00f3n.<\/p>","protected":false},"excerpt":{"rendered":"<p>Unifranz Cochabamba recibe la distinci\u00f3n \u201c14 de Septiembre\u201d por su aporte en educaci\u00f3n, investigaci\u00f3n, innovaci\u00f3n y desarrollo social, en el aniversario de la Llajta.<\/p>","protected":false},"author":50,"featured_media":708191,"comment_status":"open","ping_status":"open","sticky":false,"template":"","format":"standard","meta":{"_acf_changed":false,"footnotes":""},"categories":[60],"tags":[37,11373,53,1422,11374,1618,242,1806],"class_list":["post-708190","post","type-post","status-publish","format-standard","has-post-thumbnail","hentry","category-blog","tag-cochabamba","tag-distincion-14-de-septiembre","tag-educacion","tag-innovacion-en-educacion","tag-merito-academico-tecnologico-investigacion-e-innovacion","tag-transformacion-de-la-educacion","tag-unifranz","tag-unifranz-cochabamba"],"acf":[],"_links":{"self":[{"href":"https:\/\/unifranz.edu.bo\/pt\/wp-json\/wp\/v2\/posts\/708190","targetHints":{"allow":["GET"]}}],"collection":[{"href":"https:\/\/unifranz.edu.bo\/pt\/wp-json\/wp\/v2\/posts"}],"about":[{"href":"https:\/\/unifranz.edu.bo\/pt\/wp-json\/wp\/v2\/types\/post"}],"author":[{"embeddable":true,"href":"https:\/\/unifranz.edu.bo\/pt\/wp-json\/wp\/v2\/users\/50"}],"replies":[{"embeddable":true,"href":"https:\/\/unifranz.edu.bo\/pt\/wp-json\/wp\/v2\/comments?post=708190"}],"version-history":[{"count":1,"href":"https:\/\/unifranz.edu.bo\/pt\/wp-json\/wp\/v2\/posts\/708190\/revisions"}],"predecessor-version":[{"id":708192,"href":"https:\/\/unifranz.edu.bo\/pt\/wp-json\/wp\/v2\/posts\/708190\/revisions\/708192"}],"wp:featuredmedia":[{"embeddable":true,"href":"https:\/\/unifranz.edu.bo\/pt\/wp-json\/wp\/v2\/media\/708191"}],"wp:attachment":[{"href":"https:\/\/unifranz.edu.bo\/pt\/wp-json\/wp\/v2\/media?parent=708190"}],"wp:term":[{"taxonomy":"category","embeddable":true,"href":"https:\/\/unifranz.edu.bo\/pt\/wp-json\/wp\/v2\/categories?post=708190"},{"taxonomy":"post_tag","embeddable":true,"href":"https:\/\/unifranz.edu.bo\/pt\/wp-json\/wp\/v2\/tags?post=708190"}],"curies":[{"name":"wp","href":"https:\/\/api.w.org\/{rel}","templated":true}]}}