{"id":708157,"date":"2025-09-12T17:39:55","date_gmt":"2025-09-12T21:39:55","guid":{"rendered":"https:\/\/unifranz.edu.bo\/?p=708157"},"modified":"2025-09-12T17:52:45","modified_gmt":"2025-09-12T21:52:45","slug":"ansiedad-un-reto-global-que-invita-a-innovar","status":"publish","type":"post","link":"https:\/\/unifranz.edu.bo\/pt\/blog\/ansiedad-un-reto-global-que-invita-a-innovar\/","title":{"rendered":"Ansiedad: un reto global que invita a innovar desde la academia"},"content":{"rendered":"<p>Los trastornos de ansiedad afectan al 4,4% de la poblaci\u00f3n mundial -m\u00e1s de 359 millones de personas-, siendo el tipo de enfermedad mental m\u00e1s com\u00fan seg\u00fan la <a href=\"https:\/\/www.who.int\/es\" target=\"_blank\" rel=\"noopener\">Organizaci\u00f3n Mundial de la Salud (OMS)<\/a>. Sin embargo, solo uno de cada cuatro recibe tratamiento adecuado, debido a barreras como el estigma, la falta de inversi\u00f3n o la escasez de profesionales.<\/p>\n\n\n\n<p><\/p>\n\n\n\n<p>En Am\u00e9rica Latina, la ansiedad y la depresi\u00f3n representan casi la mitad de la carga de enfermedades mentales en j\u00f3venes y adultos. En Bolivia, aunque hay pocos datos oficiales actualizados, la infraestructura de salud mental a\u00fan es limitada y el acceso a terapias es insuficiente. Esto agrava el impacto emocional, laboral y acad\u00e9mico en quienes la padecen.<\/p>\n\n\n\n<p><\/p>\n\n\n\n<p>Frente a este panorama, naci\u00f3 Ansiolitex, un jarabe natural a base de extracto de toronjil para aliviar algunos efectos de la ansiedad. Sus creadores fueron Shaonny Chuquimia, Lizeth Ticona, Candida Huallpara, Abigail Lopez y Roly Colque, todos del octavo semestre de Bioqu\u00edmica y Farmacia, bajo la tutor\u00eda del Dr. Cervando Guti\u00e9rrez, docente de la carrera en la <a href=\"https:\/\/unifranz.edu.bo\/\">Universidad Franz Tamayo<\/a>, <a href=\"https:\/\/ux.unifranz.edu.bo\/tour\/eat\/index.htm\">Unifranz El Alto<\/a>.<\/p>\n\n\n\n<p><\/p>\n\n\n\n<p>\u201cSabemos que muchas personas tienen dificultades para acceder a tratamientos convencionales y buscan alternativas naturales\u201d, explica Lizeth. Su propuesta busca brindar una opci\u00f3n segura, de bajo costo y con base cient\u00edfica.<\/p>\n\n\n\n<p><\/p>\n\n\n\n<h2 class=\"wp-block-heading\"><strong>La ansiedad sin respuestas efectivas<\/strong><\/h2>\n\n\n\n<p>La ansiedad cr\u00f3nica no solo genera s\u00edntomas f\u00edsicos como taquicardia, insomnio o tensi\u00f3n muscular, sino que tambi\u00e9n afecta la salud mental, el rendimiento acad\u00e9mico y la calidad del sue\u00f1o. En j\u00f3venes, especialmente mujeres, su prevalencia ha aumentado significativamente en la \u00faltima d\u00e9cada.<\/p>\n\n\n\n<p><\/p>\n\n\n\n<p>Los tratamientos tradicionales funcionan bien, pero el acceso y la adherencia siguen siendo un desaf\u00edo. Ah\u00ed es donde el proyecto de estos estudiantes cobra significado: ofrecer una alternativa complementaria, respaldada por evidencia bot\u00e1nica.<\/p>\n\n\n\n<p><\/p>\n\n\n\n<h2 class=\"wp-block-heading\"><strong>Ciencia con prop\u00f3sito social<\/strong><\/h2>\n\n\n\n<p>El jarabe fue desarrollado bajo la supervisi\u00f3n acad\u00e9mica correspondiente y validado en condiciones de laboratorio, siguiendo protocolos de calidad y dosis seguras. Su formulaci\u00f3n combina conocimiento farmac\u00e9utico con sensibilidad ante las necesidades sociales. Las investigadoras resaltan que la ciencia puede ser accesible y cercana a quienes m\u00e1s lo necesitan.<\/p>\n\n\n\n<p><\/p>\n\n\n\n<p>Este proyecto no solo representa un producto, sino un s\u00edmbolo del potencial que tiene la educaci\u00f3n t\u00e9cnica cuando se enfoca en resolver necesidades reales de la comunidad, manteniendo siempre rigor cient\u00edfico y responsabilidad social.<\/p>\n\n\n\n<p><strong>El impacto que puede transformar vidas<\/strong><\/p>\n\n\n\n<p>Las plantas como el toronjil (Melissa officinalis) la valeriana han mostrado en estudios cl\u00ednicos efectos positivos en la reducci\u00f3n de s\u00edntomas de ansiedad leve a moderada. Aunque no reemplazan la terapia m\u00e9dica, pueden aliviar el estr\u00e9s cuando se usan adecuadamente y con asesor\u00eda profesional.<\/p>\n\n\n\n<p><\/p>\n\n\n\n<p>Este jarabe se posiciona como una herramienta complementaria, \u00fatil para personas con acceso limitado a tratamientos convencionales. Adem\u00e1s, su desarrollo fortalece la visi\u00f3n de que la academia debe generar soluciones \u00fatiles, \u00e9ticas y sostenibles.<\/p>\n\n\n\n<p><strong>Innovar desde el aula para prevenir y acompa\u00f1ar<\/strong><\/p>\n\n\n\n<p>Este aporte estudiantil demuestra c\u00f3mo la investigaci\u00f3n universitaria puede convertirse en un agente de cambio real. La formaci\u00f3n en Unifranz no se limita a la teor\u00eda: involucra al estudiante en proyectos integradores, experimentaci\u00f3n, validaci\u00f3n y compromiso con su entorno.<\/p>\n\n\n\n<p><\/p>\n\n\n\n<p>En un contexto donde la ansiedad crece y la demanda supera la oferta de atenci\u00f3n, iniciativas como esta muestran que el conocimiento aplicado puede ser tambi\u00e9n un acto de servicio y esperanza educativa.<\/p>","protected":false},"excerpt":{"rendered":"<p>Los trastornos de ansiedad afectan al 4,4% de la poblaci\u00f3n mundial -m\u00e1s de 359 millones de personas-, siendo el tipo de enfermedad mental m\u00e1s com\u00fan seg\u00fan la Organizaci\u00f3n Mundial de la Salud (OMS). Sin embargo, solo uno de cada cuatro recibe tratamiento adecuado, debido a barreras como el estigma, la falta de inversi\u00f3n o la &hellip; <a href=\"https:\/\/unifranz.edu.bo\/pt\/blog\/ansiedad-un-reto-global-que-invita-a-innovar\/\">Continued<\/a><\/p>","protected":false},"author":25,"featured_media":708166,"comment_status":"open","ping_status":"open","sticky":false,"template":"","format":"standard","meta":{"_acf_changed":false,"footnotes":""},"categories":[1948,60,5104,2194,1878,6466],"tags":[47,386,1422,240,124,242],"class_list":["post-708157","post","type-post","status-publish","format-standard","has-post-thumbnail","hentry","category-bioquimica-y-farmacia","category-blog","category-organizacion-mundial-de-la-salud","category-psicologia","category-salud","category-salud-mental","tag-el-alto","tag-estudiantes","tag-innovacion-en-educacion","tag-psicologia","tag-salud","tag-unifranz"],"acf":[],"_links":{"self":[{"href":"https:\/\/unifranz.edu.bo\/pt\/wp-json\/wp\/v2\/posts\/708157","targetHints":{"allow":["GET"]}}],"collection":[{"href":"https:\/\/unifranz.edu.bo\/pt\/wp-json\/wp\/v2\/posts"}],"about":[{"href":"https:\/\/unifranz.edu.bo\/pt\/wp-json\/wp\/v2\/types\/post"}],"author":[{"embeddable":true,"href":"https:\/\/unifranz.edu.bo\/pt\/wp-json\/wp\/v2\/users\/25"}],"replies":[{"embeddable":true,"href":"https:\/\/unifranz.edu.bo\/pt\/wp-json\/wp\/v2\/comments?post=708157"}],"version-history":[{"count":1,"href":"https:\/\/unifranz.edu.bo\/pt\/wp-json\/wp\/v2\/posts\/708157\/revisions"}],"predecessor-version":[{"id":708163,"href":"https:\/\/unifranz.edu.bo\/pt\/wp-json\/wp\/v2\/posts\/708157\/revisions\/708163"}],"wp:featuredmedia":[{"embeddable":true,"href":"https:\/\/unifranz.edu.bo\/pt\/wp-json\/wp\/v2\/media\/708166"}],"wp:attachment":[{"href":"https:\/\/unifranz.edu.bo\/pt\/wp-json\/wp\/v2\/media?parent=708157"}],"wp:term":[{"taxonomy":"category","embeddable":true,"href":"https:\/\/unifranz.edu.bo\/pt\/wp-json\/wp\/v2\/categories?post=708157"},{"taxonomy":"post_tag","embeddable":true,"href":"https:\/\/unifranz.edu.bo\/pt\/wp-json\/wp\/v2\/tags?post=708157"}],"curies":[{"name":"wp","href":"https:\/\/api.w.org\/{rel}","templated":true}]}}