{"id":708152,"date":"2025-09-12T17:07:33","date_gmt":"2025-09-12T21:07:33","guid":{"rendered":"https:\/\/unifranz.edu.bo\/?p=708152"},"modified":"2025-09-12T17:07:39","modified_gmt":"2025-09-12T21:07:39","slug":"estudiantes-y-docentes-protagonizan-las-primeras-olimpiadas-stem-santa-cruz-2025","status":"publish","type":"post","link":"https:\/\/unifranz.edu.bo\/pt\/blog\/estudiantes-y-docentes-protagonizan-las-primeras-olimpiadas-stem-santa-cruz-2025\/","title":{"rendered":"Estudiantes y docentes protagonizan las primeras Olimpiadas STEM+ Santa Cruz 2025"},"content":{"rendered":"<p>Con entusiasmo y esp\u00edritu competitivo, cientos de j\u00f3venes cruce\u00f1os inauguraron la primera edici\u00f3n de las Olimpiadas STEM+ Santa Cruz 2025, un evento que busca despertar vocaciones cient\u00edficas y tecnol\u00f3gicas en los colegios del departamento. El ambiente estuvo cargado de energ\u00eda, con estudiantes que representan los sue\u00f1os de toda una generaci\u00f3n que quiere transformar el futuro.<\/p>\n\n\n\n<blockquote class=\"wp-block-quote is-layout-flow wp-block-quote-is-layout-flow\">\n<p>Los docentes acompa\u00f1aron a sus estudiantes convencidos de que estas competencias fortalecen aprendizajes y valores que marcan la diferencia en la vida real. \u201cCiencia sin aplicaci\u00f3n y educaci\u00f3n sin cultura no existe. Por lo tanto, so\u00f1ar, crecer e innovar debe ser parte del desarrollo y del futuro\u201d, afirm\u00f3 Alicia Veintemillas, profesora del colegio Domingo Savio.<\/p>\n<\/blockquote>\n\n\n\n<p>En la misma l\u00ednea, Mauricio Barbato, coordinador acad\u00e9mico de secundaria de Cambridge College, destac\u00f3 la importancia de sembrar en los j\u00f3venes una visi\u00f3n de futuro basada en el conocimiento. Subray\u00f3 que el aprendizaje cient\u00edfico y tecnol\u00f3gico en las aulas es la base para construir una sociedad m\u00e1s productiva y con mayores oportunidades para todos.<\/p>\n\n\n\n<blockquote class=\"wp-block-quote is-layout-flow wp-block-quote-is-layout-flow\">\n<p>\u201cEs importante fomentar estas actividades porque los j\u00f3venes son quienes el d\u00eda de ma\u00f1ana podr\u00e1s desarrollar el pa\u00eds con base en la ciencia y la tecnolog\u00eda. Ellos pueden proyectar a Bolivia como un pa\u00eds productivo, donde la ciencia se ponga en pr\u00e1ctica todos los d\u00edas\u201d, asegur\u00f3 Barbato.<\/p>\n\n\n\n<figure class=\"wp-block-embed is-type-video is-provider-youtube wp-block-embed-youtube wp-embed-aspect-16-9 wp-has-aspect-ratio\"><div class=\"wp-block-embed__wrapper\">\n<iframe loading=\"lazy\" title=\"Estudiantes y docentes protagonizan las primeras Olimpiadas STEM+ Santa Cruz 2025\" width=\"500\" height=\"281\" src=\"https:\/\/www.youtube.com\/embed\/Lb0W6oTNEb8?feature=oembed\" frameborder=\"0\" allow=\"accelerometer; autoplay; clipboard-write; encrypted-media; gyroscope; picture-in-picture; web-share\" referrerpolicy=\"strict-origin-when-cross-origin\" allowfullscreen><\/iframe>\n<\/div><\/figure>\n<\/blockquote>\n\n\n\n<p>Unifranz lidera las Olimpiadas STEM+ 2025 en Santa Cruz, junto a la colaboraci\u00f3n de instituciones como la Fundaci\u00f3n Educacional San Agust\u00edn, Grupo Editorial La Hoguera, Fundaci\u00f3n Sim\u00f3n I. Pati\u00f1o. Tambi\u00e9n se unen instituciones gubernamentales como el Gobierno Aut\u00f3nomo Departamental de Santa Cruz y la Direcci\u00f3n Departamental de Educaci\u00f3n del departamento cruce\u00f1o.<\/p>\n\n\n\n<p><strong>Los protagonistas STEM+ Santa Cruz 2025<\/strong><\/p>\n\n\n\n<p>Los j\u00f3venes que participan en estas Olimpiadas STEM+ no solo asumen el reto de competir, sino tambi\u00e9n de inspirar a sus comunidades con su entusiasmo y compromiso. Sus testimonios reflejan la pasi\u00f3n por aprender y el deseo de demostrar que la ciencia y la innovaci\u00f3n pueden transformar el futuro de Bolivia.<\/p>\n\n\n\n<p>\u201cSiento una emoci\u00f3n muy bonita, porque no solamente estoy representando a mi curso, sino a todo mi colegio. Estoy muy agradecido por esta oportunidad, que nos permitir\u00e1 demostrar nuestro potencial en ciencias, matem\u00e1ticas y otras \u00e1reas\u201d, coment\u00f3 Gabriel Benavides, del colegio Centro de los Sue\u00f1os.<\/p>\n\n\n\n<p>La motivaci\u00f3n estuvo acompa\u00f1ada por grandes expectativas de superaci\u00f3n y aprendizaje compartido. \u201cEstoy seguro de que ser\u00e1 algo muy productivo para todos. Con mis compa\u00f1eros tenemos el objetivo claro de ganar, pero tambi\u00e9n de aprender y conocer a j\u00f3venes destacados de otros colegios\u201d, se\u00f1al\u00f3 Franco Reguer\u00edn, estudiante del Domingo Savio.<\/p>\n\n\n\n<p>En su intervenci\u00f3n, Alejandro Zegarra, vicerrector adjunto de la Universidad Franz Tamayo, Unifranz, sede Santa Cruz, destac\u00f3 la relevancia de este espacio para los futuros profesionales del pa\u00eds. \u201cUstedes son el presente y el futuro, la esperanza viva de un mundo mejor. Las Olimpiadas son la oportunidad de so\u00f1ar, crear e innovar\u201d, expres\u00f3.<\/p>\n\n\n\n<p>La jornada fue una demostraci\u00f3n de que el talento juvenil, guiado por docentes comprometidos, puede abrir caminos hacia una sociedad m\u00e1s innovadora y resiliente. Estudiantes y profesores coincidieron en que la experiencia no solo impulsa conocimientos en STEM, sino que fortalece valores humanos como la colaboraci\u00f3n, la perseverancia y la visi\u00f3n de futuro.<\/p>\n\n\n\n<p>Con esta primera edici\u00f3n, Santa Cruz se suma a los territorios STEM+ en Bolivia, consolidando un movimiento educativo que conecta a j\u00f3venes con los desaf\u00edos del siglo XXI. Las Olimpiadas se convierten as\u00ed en un espacio donde ciencia, pasi\u00f3n y creatividad se unen para inspirar a toda una generaci\u00f3n.<\/p>","protected":false},"excerpt":{"rendered":"<p>Con entusiasmo y esp\u00edritu competitivo, cientos de j\u00f3venes cruce\u00f1os inauguraron la primera edici\u00f3n de las Olimpiadas STEM+ Santa Cruz 2025, un evento que busca despertar vocaciones cient\u00edficas y tecnol\u00f3gicas en los colegios del departamento. El ambiente estuvo cargado de energ\u00eda, con estudiantes que representan los sue\u00f1os de toda una generaci\u00f3n que quiere transformar el futuro. &hellip; <a href=\"https:\/\/unifranz.edu.bo\/pt\/blog\/estudiantes-y-docentes-protagonizan-las-primeras-olimpiadas-stem-santa-cruz-2025\/\">Continued<\/a><\/p>","protected":false},"author":33,"featured_media":708155,"comment_status":"open","ping_status":"open","sticky":false,"template":"","format":"standard","meta":{"_acf_changed":false,"footnotes":""},"categories":[2576,60],"tags":[1422,11260,43,242,3624],"class_list":["post-708152","post","type-post","status-publish","format-standard","has-post-thumbnail","hentry","category-unifranz-santa-cruz","category-blog","tag-innovacion-en-educacion","tag-olimpiadas-stem-2025","tag-santa-cruz","tag-unifranz","tag-unifranz-santa-cruz"],"acf":[],"_links":{"self":[{"href":"https:\/\/unifranz.edu.bo\/pt\/wp-json\/wp\/v2\/posts\/708152","targetHints":{"allow":["GET"]}}],"collection":[{"href":"https:\/\/unifranz.edu.bo\/pt\/wp-json\/wp\/v2\/posts"}],"about":[{"href":"https:\/\/unifranz.edu.bo\/pt\/wp-json\/wp\/v2\/types\/post"}],"author":[{"embeddable":true,"href":"https:\/\/unifranz.edu.bo\/pt\/wp-json\/wp\/v2\/users\/33"}],"replies":[{"embeddable":true,"href":"https:\/\/unifranz.edu.bo\/pt\/wp-json\/wp\/v2\/comments?post=708152"}],"version-history":[{"count":1,"href":"https:\/\/unifranz.edu.bo\/pt\/wp-json\/wp\/v2\/posts\/708152\/revisions"}],"predecessor-version":[{"id":708156,"href":"https:\/\/unifranz.edu.bo\/pt\/wp-json\/wp\/v2\/posts\/708152\/revisions\/708156"}],"wp:featuredmedia":[{"embeddable":true,"href":"https:\/\/unifranz.edu.bo\/pt\/wp-json\/wp\/v2\/media\/708155"}],"wp:attachment":[{"href":"https:\/\/unifranz.edu.bo\/pt\/wp-json\/wp\/v2\/media?parent=708152"}],"wp:term":[{"taxonomy":"category","embeddable":true,"href":"https:\/\/unifranz.edu.bo\/pt\/wp-json\/wp\/v2\/categories?post=708152"},{"taxonomy":"post_tag","embeddable":true,"href":"https:\/\/unifranz.edu.bo\/pt\/wp-json\/wp\/v2\/tags?post=708152"}],"curies":[{"name":"wp","href":"https:\/\/api.w.org\/{rel}","templated":true}]}}