{"id":708063,"date":"2025-09-09T18:36:31","date_gmt":"2025-09-09T22:36:31","guid":{"rendered":"https:\/\/unifranz.edu.bo\/?p=708063"},"modified":"2025-09-09T18:36:37","modified_gmt":"2025-09-09T22:36:37","slug":"juventud-innovacion-y-esperanza-santa-cruz-vibra-con-el-inicio-de-las-olimpiadas-stem-2025","status":"publish","type":"post","link":"https:\/\/unifranz.edu.bo\/pt\/blog\/juventud-innovacion-y-esperanza-santa-cruz-vibra-con-el-inicio-de-las-olimpiadas-stem-2025\/","title":{"rendered":"Juventud, innovaci\u00f3n y esperanza: Santa Cruz vibra con el inicio de las Olimpiadas STEM+ 2025"},"content":{"rendered":"<p>Santa Cruz se ha convertido en el epicentro de la ciencia, la tecnolog\u00eda y la innovaci\u00f3n educativa con el arranque oficial de las Olimpiadas STEM+ 2025, un evento que re\u00fane a m\u00e1s de 600 j\u00f3venes y 100 tutores comprometidos en transformar la educaci\u00f3n desde la creatividad, la investigaci\u00f3n y la resoluci\u00f3n de problemas reales.&nbsp;<\/p>\n\n\n\n<p>La jornada inaugural se vivi\u00f3 con emoci\u00f3n en un acto que ratific\u00f3 la Declaratoria de Santa Cruz de la Sierra como Territorio STEM+, un hito que coloca a la regi\u00f3n en el mapa de la educaci\u00f3n innovadora en Latinoam\u00e9rica.<\/p>\n\n\n\n<p>Durante la inauguraci\u00f3n, la rectora nacional de la Universidad Franz Tamayo, Unifranz, Ver\u00f3nica \u00c1greda, hizo un llamado inspirador a los estudiantes y tutores que participar\u00e1n en las Olimpiadas, a quienes reconoci\u00f3 como los protagonistas de este movimiento.<\/p>\n\n\n\n<blockquote class=\"wp-block-quote is-layout-flow wp-block-quote-is-layout-flow\">\n<p>\u201cNo quiero celebrar la competencia, sino reconocer la capacidad de quienes deciden buscar preguntas nuevas y no conformarse con lo f\u00e1cil. A los equipos que compiten, a los tutores que ense\u00f1an y a los j\u00f3venes que se arriesgan a descubrir, ustedes son el verdadero motor de Santa Cruz\u201d, expres\u00f3 con emoci\u00f3n.<\/p>\n<\/blockquote>\n\n\n\n<p>\u00c1greda tambi\u00e9n inst\u00f3 a las autoridades a comprometerse m\u00e1s all\u00e1 de los discursos, con inversi\u00f3n en laboratorios, becas y programas de formaci\u00f3n que permitan acceso real a la innovaci\u00f3n.&nbsp;<\/p>\n\n\n\n<p>\u201cQue estas olimpiadas sean el comienzo de una cultura que ponga a los j\u00f3venes en el centro. El futuro depende de estas voces, apostemos por ellas\u201d, concluy\u00f3 al declarar oficialmente inauguradas las Olimpiadas STEM.<\/p>\n\n\n\n<p>Este evento, organizado por Unifranz, junto a la Fundaci\u00f3n Educacional San Agust\u00edn (FESA), la Fundaci\u00f3n Pati\u00f1o, la Gobernaci\u00f3n de Santa Cruz, Fab Lab Santa Cruz, Siemens Stiftung y el Grupo Editorial La Hoguera, busca potenciar el talento joven y fomentar la innovaci\u00f3n desde las aulas.<\/p>\n\n\n\n<p>Las Olimpiadas coinciden con la declaratoria de Santa Cruz como Territorio STEM+, realizado durante el Foro Internacional de Innovaci\u00f3n Educativa (FIIE Unifranz 2025), que compromete a la regi\u00f3n a integrar estas disciplinas con habilidades del siglo XXI para construir un ecosistema educativo y productivo capaz de enfrentar los desaf\u00edos del futuro.<\/p>\n\n\n\n<figure class=\"wp-block-embed is-type-video is-provider-youtube wp-block-embed-youtube wp-embed-aspect-16-9 wp-has-aspect-ratio\"><div class=\"wp-block-embed__wrapper\">\n<iframe loading=\"lazy\" title=\"Olimpiadas STEM+ 2025 en Santa Cruz | J\u00f3venes que transforman el futuro\" width=\"500\" height=\"281\" src=\"https:\/\/www.youtube.com\/embed\/cWYsAS3mhCc?feature=oembed\" frameborder=\"0\" allow=\"accelerometer; autoplay; clipboard-write; encrypted-media; gyroscope; picture-in-picture; web-share\" referrerpolicy=\"strict-origin-when-cross-origin\" allowfullscreen><\/iframe>\n<\/div><\/figure>\n\n\n\n<p><strong>Compromiso institucional y gubernamental<\/strong><\/p>\n\n\n\n<p>El secretario de Salud y Desarrollo Humano de la Gobernaci\u00f3n, Edil Toledo, destac\u00f3 el respaldo de la Gobernaci\u00f3n de Santa Cruz a las Olimpiadas STEM+ porque no solo fortalece la educaci\u00f3n en ciencia, tecnolog\u00eda, ingenier\u00eda y matem\u00e1ticas, sino que promueve la innovaci\u00f3n, la creatividad y el pensamiento cr\u00edtico.&nbsp;<\/p>\n\n\n\n<blockquote class=\"wp-block-quote is-layout-flow wp-block-quote-is-layout-flow\">\n<p>\u201cHoy estamos siendo parte de un movimiento que apuesta por un futuro inclusivo, sostenible y lleno de oportunidades para todos\u201d, afirm\u00f3 Toledo, subrayando que la Gobernaci\u00f3n acompa\u00f1ar\u00e1 este proceso de manera activa.<\/p>\n<\/blockquote>\n\n\n\n<p><strong>Tres a\u00f1os de crecimiento de la educaci\u00f3n STEM en Bolivia<\/strong><\/p>\n\n\n\n<p>El director ejecutivo de la Fundaci\u00f3n Educacional San Agust\u00edn (FESA), Roberto Figueroa, record\u00f3 los inicios de este movimiento educativo en Cochabamba hace tres a\u00f1os y el alcance que ya tiene en diferentes departamentos.<\/p>\n\n\n\n<blockquote class=\"wp-block-quote is-layout-flow wp-block-quote-is-layout-flow\">\n<p>\u201cHace tres a\u00f1os las Olimpiadas STEM comienzan en Bolivia, concretamente en Cochabamba, y hoy aglomeran a m\u00e1s de 1500 estudiantes y m\u00e1s de 100 colegios. Hoy estamos en Santa Cruz empezando esta aventura. An\u00edmense a so\u00f1ar, a crear, a desafiar los l\u00edmites de sus capacidades y a romper esas barreras que muchas veces nos impiden llegar m\u00e1s all\u00e1\u201d, motiv\u00f3 a los j\u00f3venes.<\/p>\n<\/blockquote>\n\n\n\n<p><strong>Santa Cruz como tierra de futuro<\/strong><\/p>\n\n\n\n<p>Con palabras cargadas de optimismo, el vicerrector de Unifranz sede Santa Cruz, Carlos Dabdoub, invit\u00f3 a los j\u00f3venes a convertirse en los l\u00edderes de la regi\u00f3n.<\/p>\n\n\n\n<blockquote class=\"wp-block-quote is-layout-flow wp-block-quote-is-layout-flow\">\n<p>\u201cHoy me imaginaba c\u00f3mo puede ser el Santa Cruz que tanto a\u00f1oramos. Considero que a partir de ahora ustedes deben convertirse en guardianes de ese Santa Cruz nuevo, con identidad, con autoestima, con visi\u00f3n de futuro. Ustedes tendr\u00e1n entre 40 y 50 a\u00f1os en el quinto centenario en 2061, y deben ser l\u00edderes con pasi\u00f3n y compromiso por esta tierra\u201d, manifest\u00f3, cerrando su intervenci\u00f3n con un emocionado: \u201c\u00a1Viva Santa Cruz!\u201d.<\/p>\n<\/blockquote>\n\n\n\n<p>En tanto, el vicerrector adjunto de Unifranz Santa Cruz y coordinador de las Olimpiadas, Alejandro Zegarra, explic\u00f3 que los retos estar\u00e1n enfocados en problem\u00e1ticas reales como la energ\u00eda renovable, la salud y el medioambiente.<\/p>\n\n\n\n<blockquote class=\"wp-block-quote is-layout-flow wp-block-quote-is-layout-flow\">\n<p>\u201cEstas Olimpiadas no son solo una competencia acad\u00e9mica, son un espacio para que ustedes j\u00f3venes sue\u00f1en, creen, inventen e innoven. Son un espacio de crecimiento que nos renueva la esperanza de una Santa Cruz y una Bolivia innovadora que apuesta por los j\u00f3venes como verdaderos art\u00edfices del cambio\u201d, afirm\u00f3.<\/p>\n<\/blockquote>\n\n\n\n<p>Adem\u00e1s, detall\u00f3 que los estudiantes trabajar\u00e1n con sus tutores en un proceso que incluye capacitaci\u00f3n, dise\u00f1o de propuestas y prototipos, con el apoyo del Fab Lab y la comunidad Siemens. \u201cTodos ustedes ya son ganadores por ser los primeros en desafiarse a cambiar el mundo\u201d, a\u00f1adi\u00f3.<\/p>\n\n\n\n<p>El arranque de las Olimpiadas STEM+ 2025 no s\u00f3lo marca un evento acad\u00e9mico, sino el inicio de una nueva etapa para la educaci\u00f3n boliviana. La alianza entre universidades, fundaciones, instituciones p\u00fablicas y privadas demuestra que la ciencia y la innovaci\u00f3n tienen el poder de transformar comunidades enteras.<\/p>\n\n\n\n<p>Con la energ\u00eda de cientos de j\u00f3venes, el compromiso de sus tutores y el respaldo de autoridades, Santa Cruz se proyecta como un territorio STEM de referencia regional, donde cada pregunta y cada idea se convierte en una chispa para construir el futuro.<\/p>","protected":false},"excerpt":{"rendered":"<p>Ciencia, tecnolog\u00eda y creatividad marcan el inicio de las Olimpiadas STEM+ 2025 en Santa Cruz, un evento que proyecta futuro para Bolivia.<\/p>","protected":false},"author":50,"featured_media":708065,"comment_status":"open","ping_status":"open","sticky":false,"template":"","format":"standard","meta":{"_acf_changed":false,"footnotes":""},"categories":[60],"tags":[53,1422,11260,43,11162,242],"class_list":["post-708063","post","type-post","status-publish","format-standard","has-post-thumbnail","hentry","category-blog","tag-educacion","tag-innovacion-en-educacion","tag-olimpiadas-stem-2025","tag-santa-cruz","tag-santa-cruz-territorio-stem","tag-unifranz"],"acf":[],"_links":{"self":[{"href":"https:\/\/unifranz.edu.bo\/pt\/wp-json\/wp\/v2\/posts\/708063","targetHints":{"allow":["GET"]}}],"collection":[{"href":"https:\/\/unifranz.edu.bo\/pt\/wp-json\/wp\/v2\/posts"}],"about":[{"href":"https:\/\/unifranz.edu.bo\/pt\/wp-json\/wp\/v2\/types\/post"}],"author":[{"embeddable":true,"href":"https:\/\/unifranz.edu.bo\/pt\/wp-json\/wp\/v2\/users\/50"}],"replies":[{"embeddable":true,"href":"https:\/\/unifranz.edu.bo\/pt\/wp-json\/wp\/v2\/comments?post=708063"}],"version-history":[{"count":1,"href":"https:\/\/unifranz.edu.bo\/pt\/wp-json\/wp\/v2\/posts\/708063\/revisions"}],"predecessor-version":[{"id":708068,"href":"https:\/\/unifranz.edu.bo\/pt\/wp-json\/wp\/v2\/posts\/708063\/revisions\/708068"}],"wp:featuredmedia":[{"embeddable":true,"href":"https:\/\/unifranz.edu.bo\/pt\/wp-json\/wp\/v2\/media\/708065"}],"wp:attachment":[{"href":"https:\/\/unifranz.edu.bo\/pt\/wp-json\/wp\/v2\/media?parent=708063"}],"wp:term":[{"taxonomy":"category","embeddable":true,"href":"https:\/\/unifranz.edu.bo\/pt\/wp-json\/wp\/v2\/categories?post=708063"},{"taxonomy":"post_tag","embeddable":true,"href":"https:\/\/unifranz.edu.bo\/pt\/wp-json\/wp\/v2\/tags?post=708063"}],"curies":[{"name":"wp","href":"https:\/\/api.w.org\/{rel}","templated":true}]}}