{"id":707979,"date":"2025-09-05T21:42:15","date_gmt":"2025-09-06T01:42:15","guid":{"rendered":"https:\/\/unifranz.edu.bo\/?p=707979"},"modified":"2025-09-05T21:42:21","modified_gmt":"2025-09-06T01:42:21","slug":"odontologia-de-unifranz-logra-podio-en-el-congreso-internacional-2025-con-proyectos-innovadores","status":"publish","type":"post","link":"https:\/\/unifranz.edu.bo\/pt\/blog\/odontologia-de-unifranz-logra-podio-en-el-congreso-internacional-2025-con-proyectos-innovadores\/","title":{"rendered":"Odontolog\u00eda de Unifranz logra podio en el Congreso Internacional 2025 con proyectos innovadores"},"content":{"rendered":"<p>Los estudiantes de la Universidad Franz Tamayo, Unifranz La Paz, se destacaron en el Congreso Internacional de Odontolog\u00eda La Paz 2025, donde dos de los tres mejores trabajos presentados pertenecen a esta casa de estudios superiores.<\/p>\n\n\n\n<p>La carrera de Odontolog\u00eda se basa en el modelo Aprende Haciendo, donde los estudiantes no solo adquieren conocimientos te\u00f3ricos, sino que los aplican de manera inmediata en entornos reales. Para fortalecer esta propuesta, los futuros odont\u00f3logos acuden a la Cl\u00ednica Odontol\u00f3gica Unifranz, un espacio en el que los estudiantes atienden a pacientes desde etapas tempranas de su formaci\u00f3n, enfrent\u00e1ndose a casos reales y desarrollando competencias cl\u00ednicas con responsabilidad y compromiso social. Esta pr\u00e1ctica constante les permite afianzar su seguridad, perfeccionar t\u00e9cnicas y comprender la dimensi\u00f3n humana de la profesi\u00f3n.<\/p>\n\n\n\n<p>A ello se suma el respaldo de un equipo docente altamente calificado, conformado por especialistas e investigadores que gu\u00edan a los estudiantes en cada etapa de su aprendizaje. Los docentes no solo transmiten conocimientos, sino que acompa\u00f1an de cerca la elaboraci\u00f3n de art\u00edculos cient\u00edficos y proyectos de investigaci\u00f3n, impulsando a los estudiantes a participar en congresos, publicar en revistas especializadas y generar propuestas con impacto en la salud bucal. De esta manera, Unifranz garantiza que la formaci\u00f3n de sus odont\u00f3logos integre pr\u00e1ctica cl\u00ednica, investigaci\u00f3n y una s\u00f3lida preparaci\u00f3n acad\u00e9mica, asegurando que sus egresados est\u00e9n listos para responder a los desaf\u00edos de la profesi\u00f3n a nivel nacional e internacional.<\/p>\n\n\n\n<p>En este contexto, los estudiantes de Unifranz acudieron al Congreso Internacional de Odontolog\u00eda La Paz 2025 evalu\u00f3 los mejores trabajos de la regi\u00f3n en el Centro de Convenciones del Colegio M\u00e9dico de La Paz y cont\u00f3 con la participaci\u00f3n de representantes de nueve pa\u00edses de Latinoam\u00e9rica, consolid\u00e1ndose como un espacio de intercambio de conocimientos y experiencias en el \u00e1rea de la salud bucal. Entre las propuestas destacaron dos de Unifranz.<\/p>\n\n\n\n<p><strong>Investigaci\u00f3n aplicada a la salud bucal<\/strong><\/p>\n\n\n\n<p>Uno de los trabajos destacados en el Congreso fue del estudiante Fabio Luis Salinas, quien present\u00f3 la investigaci\u00f3n titulada \u201cEficacia terap\u00e9utica del Ibuprofeno y Crioterapia en el Tratamiento de Trastornos Temporomandibulares en Universitarios\u201d. Su estudio propone una alternativa accesible y efectiva para reducir el dolor y mejorar la funci\u00f3n mandibular en pacientes con esta condici\u00f3n, com\u00fan entre estudiantes que enfrentan malas posturas y altos niveles de estr\u00e9s.<\/p>\n\n\n\n<blockquote class=\"wp-block-quote is-layout-flow wp-block-quote-is-layout-flow\">\n<p>\u201cEste reconocimiento es un gran honor. Saber que pude competir con otras universidades y llevar el nombre de Unifranz en alto me pone muy feliz y orgulloso del nivel acad\u00e9mico que logr\u00e9 gracias a mis docentes\u201d, expres\u00f3 el estudiante Salinas.<\/p>\n<\/blockquote>\n\n\n\n<p>Por su parte, Leonardo G\u00f3mez desarroll\u00f3 un estudio comparativo sobre acr\u00edlico nanoparticulado, acr\u00edlico convencional y bases de pr\u00f3tesis flexibles. Su objetivo fue evaluar los cambios est\u00e9ticos en un entorno simulado con refresco de cola y saliva, demostrando la efectividad del acr\u00edlico nanoparticulado para mantener la durabilidad y la est\u00e9tica de las pr\u00f3tesis, especialmente en adultos mayores.<\/p>\n\n\n\n<blockquote class=\"wp-block-quote is-layout-flow wp-block-quote-is-layout-flow\">\n<p>\u201cEl haber estado entre los mejores trabajos me alegra mucho. Todos los esfuerzos, la investigaci\u00f3n y la preparaci\u00f3n valieron la pena, y fue posible gracias al apoyo de mis docentes\u201d, resalt\u00f3 el universitario G\u00f3mez.<\/p>\n<\/blockquote>\n\n\n\n<p><strong>Formaci\u00f3n investigativa con impacto real<\/strong><\/p>\n\n\n\n<p>Para Pamela Vargas, directora de la carrera de Odontolog\u00eda en Unifranz La Paz, este logro confirma la calidad de la formaci\u00f3n: \u201cNuestros estudiantes pueden divulgar sus investigaciones y mostrar a la comunidad odontol\u00f3gica la calidad de los trabajos que realizamos en la universidad, siempre bajo la tutor\u00eda de nuestros docentes. Haber sido reconocidos en este congreso demuestra que estamos haciendo un buen trabajo de investigaci\u00f3n y que nuestro nivel acad\u00e9mico es altamente competitivo\u201d.<\/p>\n\n\n\n<p>En esta misma l\u00ednea, el docente investigador Jeferson Trigo destac\u00f3 que estas presentaciones son el resultado de un proceso riguroso: \u201cNo solo se trata de presentar trabajos, sino de culminar un proceso de cuatro meses de investigaci\u00f3n en el que los estudiantes integran teor\u00eda y pr\u00e1ctica. Han demostrado capacidad para responder con solvencia a preguntas complejas de jurados de alto nivel, superando la ansiedad y mostrando una fluidez destacable\u201d.<\/p>\n\n\n\n<p>La participaci\u00f3n de los estudiantes de Odontolog\u00eda en este congreso internacional refleja el compromiso de Unifranz con la investigaci\u00f3n cient\u00edfica y la formaci\u00f3n con metodolog\u00edas activas, que preparan a los futuros profesionales no solo para ejercer, sino tambi\u00e9n para aportar al avance de la odontolog\u00eda en Bolivia y el mundo.<\/p>","protected":false},"excerpt":{"rendered":"<p>Odontolog\u00eda Unifranz La Paz brill\u00f3 en el Congreso Internacional 2025 con investigaciones innovadoras. Estudiantes que destacaron con proyectos cient\u00edficos sobre salud bucal, terapias efectivas y pr\u00f3tesis.<\/p>","protected":false},"author":44,"featured_media":707980,"comment_status":"open","ping_status":"open","sticky":false,"template":"","format":"standard","meta":{"_acf_changed":false,"footnotes":""},"categories":[60],"tags":[142,53,386,1422,248,268,49,186,124,242],"class_list":["post-707979","post","type-post","status-publish","format-standard","has-post-thumbnail","hentry","category-blog","tag-congreso","tag-educacion","tag-estudiantes","tag-innovacion-en-educacion","tag-internacionalizacion","tag-investigacion","tag-medicina","tag-odontologia","tag-salud","tag-unifranz"],"acf":[],"_links":{"self":[{"href":"https:\/\/unifranz.edu.bo\/pt\/wp-json\/wp\/v2\/posts\/707979","targetHints":{"allow":["GET"]}}],"collection":[{"href":"https:\/\/unifranz.edu.bo\/pt\/wp-json\/wp\/v2\/posts"}],"about":[{"href":"https:\/\/unifranz.edu.bo\/pt\/wp-json\/wp\/v2\/types\/post"}],"author":[{"embeddable":true,"href":"https:\/\/unifranz.edu.bo\/pt\/wp-json\/wp\/v2\/users\/44"}],"replies":[{"embeddable":true,"href":"https:\/\/unifranz.edu.bo\/pt\/wp-json\/wp\/v2\/comments?post=707979"}],"version-history":[{"count":2,"href":"https:\/\/unifranz.edu.bo\/pt\/wp-json\/wp\/v2\/posts\/707979\/revisions"}],"predecessor-version":[{"id":707982,"href":"https:\/\/unifranz.edu.bo\/pt\/wp-json\/wp\/v2\/posts\/707979\/revisions\/707982"}],"wp:featuredmedia":[{"embeddable":true,"href":"https:\/\/unifranz.edu.bo\/pt\/wp-json\/wp\/v2\/media\/707980"}],"wp:attachment":[{"href":"https:\/\/unifranz.edu.bo\/pt\/wp-json\/wp\/v2\/media?parent=707979"}],"wp:term":[{"taxonomy":"category","embeddable":true,"href":"https:\/\/unifranz.edu.bo\/pt\/wp-json\/wp\/v2\/categories?post=707979"},{"taxonomy":"post_tag","embeddable":true,"href":"https:\/\/unifranz.edu.bo\/pt\/wp-json\/wp\/v2\/tags?post=707979"}],"curies":[{"name":"wp","href":"https:\/\/api.w.org\/{rel}","templated":true}]}}