{"id":707963,"date":"2025-09-06T10:33:00","date_gmt":"2025-09-06T14:33:00","guid":{"rendered":"https:\/\/unifranz.edu.bo\/?p=707963"},"modified":"2025-09-11T14:49:19","modified_gmt":"2025-09-11T18:49:19","slug":"primeros-auxilios-unifranz","status":"publish","type":"post","link":"https:\/\/unifranz.edu.bo\/pt\/blog\/primeros-auxilios-unifranz\/","title":{"rendered":"Cuando un accidente ocurre en el recreo: 900 alumnos se preparan para actuar"},"content":{"rendered":"<p>Un desmayo en el aula, una ca\u00edda en el recreo o un accidente fuera de la escuela son situaciones cotidianas que parecen simples, pero que en cuesti\u00f3n de segundos pueden poner en riesgo la vida de una persona. \u00bfQu\u00e9 hacer en esos casos? 900 estudiantes de la <a href=\"https:\/\/www.facebook.com\/profile.php?id=100063612755516\" target=\"_blank\" rel=\"noopener\">Unidad Educativa Elizardo P\u00e9rez<\/a> encontraron la respuesta al participar en la \u201cBrigada de Primeros Auxilios\u201d organizada por la carrera de <a href=\"https:\/\/ux.unifranz.edu.bo\/medicina\">Medicina<\/a> de la <a href=\"https:\/\/unifranz.edu.bo\/\">Universidad Franz Tamayo<\/a>, Unifranz El Alto.<\/p>\n\n\n\n<p><\/p>\n\n\n\n<p>La actividad, desarrollada junto a 100 estudiantes y docentes de Medicina, tuvo el prop\u00f3sito de brindar a los escolares de conocimientos te\u00f3rico-pr\u00e1cticos en primeros auxilios, como reanimaci\u00f3n cardiopulmonar (RCP), t\u00e9cnicas de vendaje, maniobra de Heimlich y cuidados b\u00e1sicos ante emergencias.<\/p>\n\n\n\n<p><\/p>\n\n\n\n<p>En El Alto, la carencia de personal de salud que pueda atender emergencias de manera inmediata al interior de las unidades educativas, convierte a los estudiantes y docentes en los primeros en dar respuestas ante un accidente.<\/p>\n\n\n\n<p><\/p>\n\n\n\n<p>Ante esta necesidad, la carrera de Medicina, a trav\u00e9s del Centro de Investigaci\u00f3n en Medicina y Educaci\u00f3n (CIMED), impulsa talleres de primeros auxilios para escolares, promoviendo desde temprana edad la prevenci\u00f3n, el autocuidado y la solidaridad. De igual forma, desarrolla el proyecto \u201cIdentificaci\u00f3n del Riesgo Cardiovascular\u201d en adultos, con evaluaciones cl\u00ednicas y campa\u00f1as educativas para prevenir enfermedades cardiovasculares y fomentar h\u00e1bitos de vida saludables.<\/p>\n\n\n\n<p><\/p>\n\n\n\n<p>Esta intervenci\u00f3n en los colegios tambi\u00e9n forma parte de un proceso de investigaci\u00f3n que permitir\u00e1 recolectar informaci\u00f3n valiosa, generar data y estad\u00edsticas sobre incidentes y la respuesta ante emergencias en unidades educativas, contribuyendo as\u00ed a mejorar la atenci\u00f3n primaria y la salud preventiva en estos espacios.<\/p>\n\n\n\n<p><\/p>\n\n\n\n<h2 class=\"wp-block-heading\"><strong>El valor de los primeros auxilios en el mundo<\/strong><\/h2>\n\n\n\n<p>La <a href=\"https:\/\/www.who.int\/es\" target=\"_blank\" rel=\"noopener\">Organizaci\u00f3n Mundial de la Salud (OMS<\/a>) define los primeros auxilios como \u201cla ayuda inmediata brindada a una persona enferma o lesionada antes de que reciba atenci\u00f3n m\u00e9dica profesional\u201d. No se trata de reemplazar la labor m\u00e9dica, sino de preservar la vida, prevenir complicaciones y facilitar la recuperaci\u00f3n, convirti\u00e9ndose en una habilidad esencial que toda persona deber\u00eda conocer.<\/p>\n\n\n\n<p><\/p>\n\n\n\n<p>Seg\u00fan la OMS, la aplicaci\u00f3n inmediata de primeros auxilios puede reducir hasta en un 25% la mortalidad en accidentes comunes. La Cruz Roja Internacional, por su parte, sostiene que \u201ctodos los ciudadanos deber\u00edan tener conocimientos b\u00e1sicos de RCP, porque cada minuto de acci\u00f3n temprana puede marcar la diferencia entre la vida y la muerte\u201d.<\/p>\n\n\n\n<p><\/p>\n\n\n\n<p>La carrera de Medicina de Unifranz realiza un levantamiento de datos en diferentes unidades educativas. \u201cDentro de nuestra investigaci\u00f3n, vemos que se registran muchas lesiones en estos \u00e1mbitos. Estos talleres son nuestro granito de arena para que los estudiantes sepan qu\u00e9 hacer y, sobre todo, qu\u00e9 no hacer cuando se presenta una situaci\u00f3n que requiera atenci\u00f3n inmediata\u201d, explic\u00f3 Marco Antonio Balboa, director de la carrera de Medicina de Unifranz El Alto.<\/p>\n\n\n\n<p><\/p>\n\n\n\n<p>Para los estudiantes de la unidad educativa, el taller fue revelador. \u201cMe llevo muchos aprendizajes, porque nos han explicado sobre el RCP, los vendajes, sus formas y usos. Todo lo que he aprendido se aplica 100% en nuestra vida diaria\u201d, expres\u00f3 Nieves Tinta, una de las participantes.<\/p>\n\n\n\n<p><\/p>\n\n\n\n<h2 class=\"wp-block-heading\"><strong>Formaci\u00f3n con experiencia<\/strong><\/h2>\n\n\n\n<p>La brigada tambi\u00e9n signific\u00f3 una experiencia clave para los futuros m\u00e9dicos de Unifranz, quienes reforzaron su formaci\u00f3n a trav\u00e9s del contacto directo con la comunidad.<\/p>\n\n\n\n<p><\/p>\n\n\n\n<p>\u201cPara nosotros es muy importante, porque lo que aprendemos en clases ahora lo transmitimos a otros. Es parte del aprender haciendo: practicamos, ense\u00f1amos y tambi\u00e9n aprendemos en ese proceso\u201d, destac\u00f3 Balboa.<\/p>\n\n\n\n<p><\/p>\n\n\n\n<p>Desde la mirada de los estudiantes de Medicina, la vivencia fue un paso importante hacia su vocaci\u00f3n profesional. \u201cFue emocionante ense\u00f1ar a j\u00f3venes de secundaria c\u00f3mo actuar en emergencias. Sent\u00ed que lo que aprendo en la universidad puede tener un impacto inmediato en la vida de otras personas. Eso nos motiva a\u00fan m\u00e1s a ser m\u00e9dicos comprometidos con nuestra comunidad\u201d, comparti\u00f3 Andrea Quispe, estudiante de sexto semestre de Medicina.<\/p>\n\n\n\n<p><\/p>\n\n\n\n<p>El director de la Unidad Educativa Elizardo P\u00e9rez tambi\u00e9n valor\u00f3 la iniciativa: \u00abLa colaboraci\u00f3n entre la unidad educativa y <strong>Unifranz<\/strong>, es un claro ejemplo de c\u00f3mo podemos unir esfuerzos para abordar temas de salud y bienestar\u00bb, destac\u00f3.<\/p>\n\n\n\n<p><\/p>\n\n\n\n<p>Desde la carrera de Medicina, se prev\u00e9 continuar con este trabajo, a fin de que la comunidad estudiantil est\u00e9 preparada para ayudar en cualquier contingencia, e incluso salvar vidas.<\/p>\n\n\n\n<p><\/p>\n\n\n\n<p>\u201cComo carrera de Medicina, nuestro compromiso es el de formar profesionales competentes, humanos y cercanos a la poblaci\u00f3n, a trav\u00e9s de un modelo que combina teor\u00eda, pr\u00e1ctica y responsabilidad social desde los primeros semestres\u201d, cerr\u00f3 Balboa.<\/p>\n\n\n\n<p><\/p>\n\n\n\n<figure class=\"wp-block-embed is-type-video is-provider-youtube wp-block-embed-youtube wp-embed-aspect-16-9 wp-has-aspect-ratio\"><div class=\"wp-block-embed__wrapper\">\n<iframe loading=\"lazy\" title=\"Taller de primeros auxilios - U.E Elizardo Perez\" width=\"500\" height=\"281\" src=\"https:\/\/www.youtube.com\/embed\/gwDYhMDX6hA?feature=oembed\" frameborder=\"0\" allow=\"accelerometer; autoplay; clipboard-write; encrypted-media; gyroscope; picture-in-picture; web-share\" referrerpolicy=\"strict-origin-when-cross-origin\" allowfullscreen><\/iframe>\n<\/div><\/figure>","protected":false},"excerpt":{"rendered":"<p>Futuros m\u00e9dicos de Unifranz capacitan a 900 escolares en primeros auxilios, impulsando prevenci\u00f3n, solidaridad y atenci\u00f3n temprana.<\/p>","protected":false},"author":25,"featured_media":707991,"comment_status":"open","ping_status":"open","sticky":false,"template":"","format":"standard","meta":{"_acf_changed":false,"footnotes":""},"categories":[11083,60,302,1946,1878,1782,10374],"tags":[53,47,386,1422,1158,124,242],"class_list":["post-707963","post","type-post","status-publish","format-standard","has-post-thumbnail","hentry","category-unifranzelalto","category-blog","category-el-alto","category-medicina","category-salud","category-unifranz","category-unifranz-el-alto","tag-educacion","tag-el-alto","tag-estudiantes","tag-innovacion-en-educacion","tag-primeros-auxilios","tag-salud","tag-unifranz"],"acf":[],"_links":{"self":[{"href":"https:\/\/unifranz.edu.bo\/pt\/wp-json\/wp\/v2\/posts\/707963","targetHints":{"allow":["GET"]}}],"collection":[{"href":"https:\/\/unifranz.edu.bo\/pt\/wp-json\/wp\/v2\/posts"}],"about":[{"href":"https:\/\/unifranz.edu.bo\/pt\/wp-json\/wp\/v2\/types\/post"}],"author":[{"embeddable":true,"href":"https:\/\/unifranz.edu.bo\/pt\/wp-json\/wp\/v2\/users\/25"}],"replies":[{"embeddable":true,"href":"https:\/\/unifranz.edu.bo\/pt\/wp-json\/wp\/v2\/comments?post=707963"}],"version-history":[{"count":5,"href":"https:\/\/unifranz.edu.bo\/pt\/wp-json\/wp\/v2\/posts\/707963\/revisions"}],"predecessor-version":[{"id":708094,"href":"https:\/\/unifranz.edu.bo\/pt\/wp-json\/wp\/v2\/posts\/707963\/revisions\/708094"}],"wp:featuredmedia":[{"embeddable":true,"href":"https:\/\/unifranz.edu.bo\/pt\/wp-json\/wp\/v2\/media\/707991"}],"wp:attachment":[{"href":"https:\/\/unifranz.edu.bo\/pt\/wp-json\/wp\/v2\/media?parent=707963"}],"wp:term":[{"taxonomy":"category","embeddable":true,"href":"https:\/\/unifranz.edu.bo\/pt\/wp-json\/wp\/v2\/categories?post=707963"},{"taxonomy":"post_tag","embeddable":true,"href":"https:\/\/unifranz.edu.bo\/pt\/wp-json\/wp\/v2\/tags?post=707963"}],"curies":[{"name":"wp","href":"https:\/\/api.w.org\/{rel}","templated":true}]}}