{"id":707944,"date":"2025-09-05T12:52:45","date_gmt":"2025-09-05T16:52:45","guid":{"rendered":"https:\/\/unifranz.edu.bo\/?p=707944"},"modified":"2025-09-09T10:25:11","modified_gmt":"2025-09-09T14:25:11","slug":"la-saltena-boliviana-conquista-el-mundo-digital","status":"publish","type":"post","link":"https:\/\/unifranz.edu.bo\/pt\/blog\/la-saltena-boliviana-conquista-el-mundo-digital\/","title":{"rendered":"La salte\u00f1a boliviana conquista el mundo digital"},"content":{"rendered":"<p>La competencia virtual, impulsada por el streamer espa\u00f1ol Ibai Llanos, se ha transformado en una vitrina internacional para la gastronom\u00eda boliviana. La clasificaci\u00f3n de Bolivia a la semifinal del Mundial de Desayunos no solo encendi\u00f3 el orgullo nacional en redes sociales, sino que tambi\u00e9n abre un camino claro hacia el posicionamiento comercial del producto, el turismo gastron\u00f3mico y nuevas estrategias de marketing cultural.<\/p>\n\n\n\n<p>Walter Mayorga Benavides, docente de la carrera de Ingenier\u00eda Comercial de la Universidad Franz Tamayo, Unifranz, sostiene que el Mundial de Desayunos es una oportunidad para posicionar a la salte\u00f1a como un \u00edcono cultural global, tanto a nivel nacional como internacional, con impacto directo en el consumo y la percepci\u00f3n de este alimento tradicional.<\/p>\n\n\n\n<blockquote class=\"wp-block-quote is-layout-flow wp-block-quote-is-layout-flow\">\n<p>\u201cEl Mundial que ha propuesto Ibai Llanos ha tenido una gran influencia a nivel viral en todos los pa\u00edses. La salte\u00f1a puede capitalizar esta competencia y alcanzar una posici\u00f3n de mercado mucho m\u00e1s amplia. Se ha convertido en un emblema identitario de los bolivianos, y es importante capitalizar cada una de estas campa\u00f1as digitales, como lo que est\u00e1 sucediendo actualmente. La viralidad ha crecido exponencialmente\u201d, sostiene el acad\u00e9mico.<\/p>\n<\/blockquote>\n\n\n\n<p>En plataformas como TikTok, Facebook, Instagram y YouTube Shorts, miles de usuarios votan y comparten contenido a favor del desayuno boliviano en competencia \u2014en este caso, la salte\u00f1a, el api morado y el pastel\u2014, lo que permiti\u00f3 a Bolivia avanzar a semifinales tras vencer a la representaci\u00f3n argentina (medialunas y facturas) en cuartos de final. Bolivia super\u00f3 el mill\u00f3n ochocientos mil votos, dejando atr\u00e1s a Argentina, que obtuvo aproximadamente un mill\u00f3n cuatrocientos mil.<\/p>\n\n\n\n<blockquote class=\"wp-block-quote is-layout-flow wp-block-quote-is-layout-flow\">\n<p>\u201cLos usuarios no solo participan por diversi\u00f3n; generan un movimiento org\u00e1nico que fortalece la comunidad digital y la presencia de sus s\u00edmbolos culturales. Cada receta, cada video, se convierte en un producto que representa a un pa\u00eds y permite a las audiencias involucrarse de manera activa, convirti\u00e9ndose en embajadores de su propia cultura a trav\u00e9s de la interacci\u00f3n digital\u201d, explica Dudan Camacho, docente de la carrera de Publicidad y Marketing en Unifranz.<\/p>\n<\/blockquote>\n\n\n\n<p><strong>Miradas y oportunidades<\/strong><\/p>\n\n\n\n<p>Hasta el momento, en la competencia de desayunos, se demuestra que una causa cultural puede convertirse en una poderosa estrategia de posicionamiento de marca pa\u00eds, capaz de generar oportunidades reales de negocio, turismo y exportaci\u00f3n, a partir de la identidad gastron\u00f3mica nacional.<\/p>\n\n\n\n<blockquote class=\"wp-block-quote is-layout-flow wp-block-quote-is-layout-flow\">\n<p>\u201cEl efecto que tiene esta competencia, que es muy viral, sobre la salte\u00f1a es significativo en ventas, ya que genera un aumento inmediato en la demanda, tanto en locales tradicionales como en pedidos a domicilio. Adem\u00e1s, impulsa la inversi\u00f3n directa en torno a lo que es la salte\u00f1a como producto. Esto despierta la curiosidad de nuevos consumidores y, por otro lado, hay una repercusi\u00f3n m\u00e1s relevante en la percepci\u00f3n del valor del producto\u201d, explica Mayorga<\/p>\n<\/blockquote>\n\n\n\n<p>Para Javier Rivera, director de la carrera de Administraci\u00f3n de Hoteler\u00eda y Turismo de Unifranz, este fen\u00f3meno puede y debe ser aprovechado como motor de desarrollo econ\u00f3mico local, impulsando emprendimientos gastron\u00f3micos, fortaleciendo el turismo experiencial y posicionando a Bolivia como un destino aut\u00e9ntico, donde la cultura se saborea en cada plato.<\/p>\n\n\n\n<blockquote class=\"wp-block-quote is-layout-flow wp-block-quote-is-layout-flow\">\n<p>\u201cEste es el momento de mostrar que Bolivia no solo es paisaje y cultura, tambi\u00e9n es gastronom\u00eda. Y esa gastronom\u00eda, bien articulada al turismo, puede convertirse en un motor de desarrollo sostenible\u201d, destaca Rivera.<\/p>\n<\/blockquote>\n\n\n\n<p>Este fen\u00f3meno ha evidenciado el poder de los contenidos generados por los usuarios (UGC) como herramienta de promoci\u00f3n comercial, difusi\u00f3n cultural y apoyo comunitario. Desde medios locales, creadores de contenido como Cardamomi, ilustradores como Abecor, hasta emprendedores, todos tienen en sus manos la posibilidad de crear comunidad, generar tr\u00e1fico y aumentar ventas, simplemente conectando con el orgullo cultural y la tendencia digital.<\/p>\n\n\n\n<blockquote class=\"wp-block-quote is-layout-flow wp-block-quote-is-layout-flow\">\n<p>\u201cCada interacci\u00f3n, desde un clic hasta un comentario, contribuye a la visibilidad de un pa\u00eds y fortalece la percepci\u00f3n de su cultura a nivel global. Este tipo de fen\u00f3menos demuestra que las emociones compartidas se pueden convertir en estrategias de participaci\u00f3n digital que impactan directamente en el branding cultural\u201d, explica Shirley Lozada, directora de la carrera de Publicidad y Marketing de Unifranz.<\/p>\n<\/blockquote>\n\n\n\n<p><strong>Bolivia en la competencia<\/strong><\/p>\n\n\n\n<p>Bolivia con la salte\u00f1a, el pastel y el api, se encuentran en semifinales de la competencia y enfrenta a Venezuela con su tr\u00edo conformado por la arepa reina pepiada y la arepa de carne junto a una bebida, en una contienda que va m\u00e1s all\u00e1 de los sabores: es una competencia por la visibilidad cultural y el reconocimiento internacional.<\/p>\n\n\n\n<p>Cada voto en este duelo no solo apoya al desayuno t\u00edpico de la regi\u00f3n, sino que refuerza la identidad nacional y abre nuevas oportunidades para que productos, destinos y tradiciones del pa\u00eds sean descubiertos y valorados en todo el mundo.<\/p>\n\n\n\n<blockquote class=\"wp-block-quote is-layout-flow wp-block-quote-is-layout-flow\">\n<p>\u201cEl verdadero premio no es ganar la competencia, sino lograr que la cultura de un pa\u00eds tenga un espacio dentro de la conversaci\u00f3n global. Cada publicaci\u00f3n, video o meme fortalece la visibilidad de un pa\u00eds y crea un efecto multiplicador, donde m\u00e1s personas se sienten orgullosas de sus ra\u00edces y motivadas a defenderlas activamente\u201d, agrega Camacho.<\/p>\n<\/blockquote>\n\n\n\n<p>Sumarse a esta ola ayuda a crear visibilidad alrededor del desayuno boliviano, potenciando su valor como producto cultural, generando oportunidades comerciales y posicionando a Bolivia en el mapa gastron\u00f3mico global a trav\u00e9s de la participaci\u00f3n digital.<\/p>\n\n\n\n<blockquote class=\"wp-block-quote is-layout-flow wp-block-quote-is-layout-flow\">\n<p>\u201cLa percepci\u00f3n de que la salte\u00f1a deja de ser solo un alimento cotidiano y se reafirma como un s\u00edmbolo de identidad nacional y patrimonio cultural proyecta la riqueza gastron\u00f3mica de Bolivia hacia el mundo. Esta combinaci\u00f3n de mayor consumo y reconocimiento cultural, fortalece el posicionamiento, construyendo un valor de marca s\u00f3lido que trasciende lo meramente comercial, gracias a este evento viral\u201d, explica Mayorga.<\/p>\n<\/blockquote>\n\n\n\n<p>El Mundial de Desayunos est\u00e1 demostrando que los retos virales no solo entretienen; tambi\u00e9n activan econom\u00edas locales, disparan tendencias de consumo y abren caminos para el turismo, la exportaci\u00f3n y el comercio cultural. Ahora, Bolivia tiene la atenci\u00f3n del mundo, y es el momento perfecto para convertir esos millones de votos en millones de oportunidades.<\/p>","protected":false},"excerpt":{"rendered":"<p>La viralidad del Mundial de Desayunos impulsa a la salte\u00f1a como \u00edcono cultural. Bolivia capitaliza este fen\u00f3meno para posicionar su gastronom\u00eda y abrir nuevas oportunidades comerciales y tur\u00edsticas.<\/p>","protected":false},"author":51,"featured_media":707945,"comment_status":"open","ping_status":"open","sticky":false,"template":"","format":"standard","meta":{"_acf_changed":false,"footnotes":""},"categories":[60],"tags":[581,266,53,9426,3360,174,1422,11325,11326,242,10296],"class_list":["post-707944","post","type-post","status-publish","format-standard","has-post-thumbnail","hentry","category-blog","tag-administracion-de-hoteleria-y-turismo","tag-bolivia","tag-educacion","tag-gastronomia-boliviana","tag-ibai-llanos","tag-ingenieria-comercial","tag-innovacion-en-educacion","tag-retos-virales","tag-saltena","tag-unifranz","tag-viral"],"acf":[],"_links":{"self":[{"href":"https:\/\/unifranz.edu.bo\/pt\/wp-json\/wp\/v2\/posts\/707944","targetHints":{"allow":["GET"]}}],"collection":[{"href":"https:\/\/unifranz.edu.bo\/pt\/wp-json\/wp\/v2\/posts"}],"about":[{"href":"https:\/\/unifranz.edu.bo\/pt\/wp-json\/wp\/v2\/types\/post"}],"author":[{"embeddable":true,"href":"https:\/\/unifranz.edu.bo\/pt\/wp-json\/wp\/v2\/users\/51"}],"replies":[{"embeddable":true,"href":"https:\/\/unifranz.edu.bo\/pt\/wp-json\/wp\/v2\/comments?post=707944"}],"version-history":[{"count":3,"href":"https:\/\/unifranz.edu.bo\/pt\/wp-json\/wp\/v2\/posts\/707944\/revisions"}],"predecessor-version":[{"id":708039,"href":"https:\/\/unifranz.edu.bo\/pt\/wp-json\/wp\/v2\/posts\/707944\/revisions\/708039"}],"wp:featuredmedia":[{"embeddable":true,"href":"https:\/\/unifranz.edu.bo\/pt\/wp-json\/wp\/v2\/media\/707945"}],"wp:attachment":[{"href":"https:\/\/unifranz.edu.bo\/pt\/wp-json\/wp\/v2\/media?parent=707944"}],"wp:term":[{"taxonomy":"category","embeddable":true,"href":"https:\/\/unifranz.edu.bo\/pt\/wp-json\/wp\/v2\/categories?post=707944"},{"taxonomy":"post_tag","embeddable":true,"href":"https:\/\/unifranz.edu.bo\/pt\/wp-json\/wp\/v2\/tags?post=707944"}],"curies":[{"name":"wp","href":"https:\/\/api.w.org\/{rel}","templated":true}]}}