{"id":707830,"date":"2025-09-01T17:52:19","date_gmt":"2025-09-01T21:52:19","guid":{"rendered":"https:\/\/unifranz.edu.bo\/?p=707830"},"modified":"2025-09-01T17:52:26","modified_gmt":"2025-09-01T21:52:26","slug":"arquitectura-vernacula-el-corazon-vivo-que-mantiene-la-identidad-arquitectonica-crucena","status":"publish","type":"post","link":"https:\/\/unifranz.edu.bo\/pt\/blog\/arquitectura-vernacula-el-corazon-vivo-que-mantiene-la-identidad-arquitectonica-crucena\/","title":{"rendered":"Arquitectura vern\u00e1cula: el coraz\u00f3n vivo que mantiene la identidad arquitect\u00f3nica cruce\u00f1a"},"content":{"rendered":"<p>Santa Cruz de la Sierra respira historia y modernidad en cada esquina de su centro hist\u00f3rico. Sus calles, plazas y viviendas guardan secretos de generaciones que supieron construir un estilo propio, profundamente ligado a la tierra, el clima y la cultura de la regi\u00f3n. En ese di\u00e1logo entre lo tradicional y lo contempor\u00e1neo, la arquitectura vern\u00e1cula emerge como un testimonio vivo de la identidad cruce\u00f1a, un patrimonio que sigue inspirando a arquitectos y ciudadanos.<\/p>\n\n\n\n<p>Para Eric Fern\u00e1ndez Coca, docente de la carrera de Arquitectura de la Universidad Franz Tamayo, Unifranz, este tipo de arquitectura no se trata \u00fanicamente de estructuras o estilos est\u00e9ticos, sino de una expresi\u00f3n cultural profundamente arraigada.<\/p>\n\n\n\n<blockquote class=\"wp-block-quote is-layout-flow wp-block-quote-is-layout-flow\">\n<p>\u201cLa arquitectura vern\u00e1cula es aquella que surge como respuesta directa a las necesidades y forma de vida de sus habitantes, concebida para ofrecer abrigo, seguridad y un sentido de pertenencia\u201d, indica.<\/p>\n<\/blockquote>\n\n\n\n<p>Se trata de un lenguaje que se transmite de generaci\u00f3n en generaci\u00f3n, basado en saberes y t\u00e9cnicas constructivas que hacen uso de los materiales disponibles en el entorno: barro, madera, palmera, motac\u00fa, teja o adobe. Con ellos, las comunidades dise\u00f1aron viviendas funcionales, adaptadas a un clima diverso y desafiante, capaces de ofrecer frescura en el calor sofocante del oriente y abrigo en las noches m\u00e1s fr\u00edas.<\/p>\n\n\n\n<p>Para el portal digital <em>Arquitectura Sostenible<\/em>, la arquitectura vern\u00e1cula es la corriente arquitect\u00f3nica que bebe de la tradici\u00f3n. \u201cEs una filosof\u00eda que tiene en cuenta la identidad propia de cada territorio, desde sus particularidades geogr\u00e1ficas y clim\u00e1ticas hasta las culturales, para crear proyectos que no solo se integren en el entorno, sino que se mimeticen por completo con \u00e9l\u201d, especifica.<\/p>\n\n\n\n<p><strong>Ejemplos que hablan de historia y cultura<\/strong><\/p>\n\n\n\n<p>Santa Cruz conserva joyas arquitect\u00f3nicas que son referencia del patrimonio vern\u00e1culo. Entre ellas se encuentran el Museo Altillo Beni y la Casa Melchor Pinto, que mantienen elementos como galer\u00edas amplias, techos inclinados y muros elaborados con materiales locales.<\/p>\n\n\n\n<p>Pero no solo los edificios emblem\u00e1ticos representan este legado. Las viviendas tradicionales con galer\u00eda en la ciudad y las casas rurales de palma y motac\u00fa \u2014conocidas como pahuichis\u2014 tambi\u00e9n son parte de esta herencia cultural que, aunque sencilla, encierra un profundo conocimiento de las din\u00e1micas sociales y ambientales.<\/p>\n\n\n\n<blockquote class=\"wp-block-quote is-layout-flow wp-block-quote-is-layout-flow\">\n<p>\u201cM\u00e1s que un estilo, la arquitectura vern\u00e1cula cruce\u00f1a es la voz de su cultura, hablada en madera, teja y galer\u00edas\u201d, sostiene Fern\u00e1ndez Coca.<\/p>\n\n\n\n<figure class=\"wp-block-embed is-type-video is-provider-youtube wp-block-embed-youtube wp-embed-aspect-16-9 wp-has-aspect-ratio\"><div class=\"wp-block-embed__wrapper\">\n<iframe loading=\"lazy\" title=\"Arquitectura vern\u00e1cula cruce\u00f1a: tradici\u00f3n que inspira el futuro de Santa Cruz\" width=\"500\" height=\"281\" src=\"https:\/\/www.youtube.com\/embed\/sM1WJ-UnjSo?feature=oembed\" frameborder=\"0\" allow=\"accelerometer; autoplay; clipboard-write; encrypted-media; gyroscope; picture-in-picture; web-share\" referrerpolicy=\"strict-origin-when-cross-origin\" allowfullscreen><\/iframe>\n<\/div><\/figure>\n<\/blockquote>\n\n\n\n<p><strong>La expresi\u00f3n viva de la identidad cruce\u00f1a<\/strong><\/p>\n\n\n\n<p>El territorio cruce\u00f1o es diverso y eso se refleja en sus construcciones. En los valles, las casas de adobe mantienen frescura e intimidad; en la ciudad, el uso combinado de ladrillo, adobe y bahareque muestra la transici\u00f3n de lo tradicional a lo urbano; mientras que, en la Chiquitania, las caba\u00f1as de jatata y motac\u00fa constituyen un ejemplo perfecto de arquitectura ligera y ventilada.<\/p>\n\n\n\n<p>Cada detalle de estas construcciones \u2014los patios internos, corredores amplios, techos inclinados y aleros generosos\u2014 transmite no solo funcionalidad, sino tambi\u00e9n costumbres y modos de vida. En ellos se puede leer la historia de una ciudad que ha sabido integrar modernidad y tradici\u00f3n sin perder su esencia.<\/p>\n\n\n\n<blockquote class=\"wp-block-quote is-layout-flow wp-block-quote-is-layout-flow\">\n<p>\u201cEsta identidad cruce\u00f1a se la puede contemplar en sus patios interiores, galer\u00edas, corredores, techos inclinados y aleros amplios, refleja modos de vida y costumbres locales mientras responde al clima de nuestra ciudad\u201d, explica Fern\u00e1ndez Coca.<\/p>\n<\/blockquote>\n\n\n\n<p><strong>El desaf\u00edo del casco viejo<\/strong><\/p>\n\n\n\n<p>El centro hist\u00f3rico, conocido como el casco viejo, enfrenta hoy uno de sus mayores retos. Aunque todav\u00eda se mantienen en pie s\u00edmbolos como la Catedral y varios centros culturales, muchas viviendas patrimoniales est\u00e1n en deterioro, abandonadas por la falta de cuidado de los propietarios y la limitada acci\u00f3n municipal.<\/p>\n\n\n\n<p>El cambio de uso de residencial a comercial tambi\u00e9n ha modificado la din\u00e1mica tradicional. Calles congestionadas, comercio informal y movilidad ca\u00f3tica son parte de un escenario que necesita urgente revitalizaci\u00f3n.<\/p>\n\n\n\n<p>Fern\u00e1ndez Coca advierte que la situaci\u00f3n es cr\u00edtica, pero no irreversible. \u201cAunque estos desaf\u00edos complican la organizaci\u00f3n urbana, tambi\u00e9n representan una oportunidad para implementar estrategias de revitalizaci\u00f3n que potencien tanto la funcionalidad como el valor cultural del centro hist\u00f3rico\u201d.<\/p>\n\n\n\n<p><strong>La tensi\u00f3n entre lo vern\u00e1culo y lo moderno<\/strong><\/p>\n\n\n\n<p>La llegada de la modernidad trajo consigo cambios dr\u00e1sticos en la manera de construir. Edificaciones levantadas con rapidez, espacios reducidos y materiales industriales de bajo costo han sacrificado el confort de los habitantes. Casas que antes ofrec\u00edan frescura y ventilaci\u00f3n natural hoy son reemplazadas por estructuras donde el calor en verano o el fr\u00edo en invierno se convierten en un problema cotidiano.<\/p>\n\n\n\n<p>El arquitecto lo explica con claridad.<strong> <\/strong>\u201cQuien ingresa a una edificaci\u00f3n vern\u00e1cula percibe un alto nivel de confort sin necesidad de mecanismos de enfriamiento como ventiladores o aires acondicionados, algo dif\u00edcil de encontrar en construcciones modernas de materiales de r\u00e1pida fabricaci\u00f3n\u201d.<\/p>\n\n\n\n<p>Aun as\u00ed, hay propuestas que buscan tender puentes entre tradici\u00f3n y modernidad. Tipolog\u00edas actuales que rescatan elementos del pasado, como los dobles muros y las fachadas de ladrillo adobito visto, demuestran que es posible combinar est\u00e9tica contempor\u00e1nea con funcionalidad sostenible.<\/p>\n\n\n\n<p>Un ejemplo es el trabajo de Agostina Mascheroni, estudiante de octavo semestre de Arquitectura en Unifranz, quien plantea proyectos modernos que utilizan materiales vern\u00e1culos, garantizando confort t\u00e9rmico y al mismo tiempo un lenguaje arquitect\u00f3nico innovador.<\/p>\n\n\n\n<p><strong>Patrimonio que debe seguir vivo<\/strong><\/p>\n\n\n\n<p>La arquitectura vern\u00e1cula no es un recuerdo est\u00e1tico ni un vestigio del pasado. Es una pr\u00e1ctica vigente que sigue inspirando a arquitectos y ciudadanos, un recurso que conecta con la identidad cruce\u00f1a y aporta soluciones sostenibles frente a los desaf\u00edos actuales de urbanizaci\u00f3n y cambio clim\u00e1tico.<\/p>\n\n\n\n<p>Fern\u00e1ndez Coca lo resume en una frase que sintetiza la esencia de este legado. \u201cLa modernidad no tiene por qu\u00e9 implicar que todo est\u00e9 mal; por el contrario, puede adaptarse de manera inteligente\u201d.<\/p>\n\n\n\n<p>El desaf\u00edo, entonces, est\u00e1 en encontrar un equilibrio entre el desarrollo urbano y la conservaci\u00f3n de aquello que hace \u00fanica a Santa Cruz: su arquitectura vern\u00e1cula, expresi\u00f3n viva de una identidad que se niega a desaparecer.<\/p>\n\n\n\n<p>Finalmente, el docente de Unifranz recalca que es importante entender que la arquitectura vern\u00e1cula no implica un regreso al pasado, sino que representa la recuperaci\u00f3n y reinterpretaci\u00f3n de las necesidades esenciales de habitabilidad, adapt\u00e1ndolas a los contextos contempor\u00e1neos.&nbsp;<\/p>\n\n\n\n<p>\u201cEsta perspectiva permite rescatar soluciones constructivas tradicionales, como el uso de materiales locales, la orientaci\u00f3n adecuada de los espacios y los sistemas pasivos de ventilaci\u00f3n y sombreado, que mejoran el confort interior, la eficiencia energ\u00e9tica y la sostenibilidad de las edificaciones modernas, integrando tradici\u00f3n y modernidad de manera funcional y est\u00e9tica\u201d.<\/p>","protected":false},"excerpt":{"rendered":"<p>El coraz\u00f3n de Santa Cruz late en su arquitectura vern\u00e1cula: identidad, tradici\u00f3n y patrimonio cultural que inspiran la modernidad.<\/p>","protected":false},"author":50,"featured_media":707832,"comment_status":"open","ping_status":"open","sticky":false,"template":"","format":"standard","meta":{"_acf_changed":false,"footnotes":""},"categories":[60],"tags":[428,1422,43,242],"class_list":["post-707830","post","type-post","status-publish","format-standard","has-post-thumbnail","hentry","category-blog","tag-arquitectura","tag-innovacion-en-educacion","tag-santa-cruz","tag-unifranz"],"acf":[],"_links":{"self":[{"href":"https:\/\/unifranz.edu.bo\/pt\/wp-json\/wp\/v2\/posts\/707830","targetHints":{"allow":["GET"]}}],"collection":[{"href":"https:\/\/unifranz.edu.bo\/pt\/wp-json\/wp\/v2\/posts"}],"about":[{"href":"https:\/\/unifranz.edu.bo\/pt\/wp-json\/wp\/v2\/types\/post"}],"author":[{"embeddable":true,"href":"https:\/\/unifranz.edu.bo\/pt\/wp-json\/wp\/v2\/users\/50"}],"replies":[{"embeddable":true,"href":"https:\/\/unifranz.edu.bo\/pt\/wp-json\/wp\/v2\/comments?post=707830"}],"version-history":[{"count":1,"href":"https:\/\/unifranz.edu.bo\/pt\/wp-json\/wp\/v2\/posts\/707830\/revisions"}],"predecessor-version":[{"id":707833,"href":"https:\/\/unifranz.edu.bo\/pt\/wp-json\/wp\/v2\/posts\/707830\/revisions\/707833"}],"wp:featuredmedia":[{"embeddable":true,"href":"https:\/\/unifranz.edu.bo\/pt\/wp-json\/wp\/v2\/media\/707832"}],"wp:attachment":[{"href":"https:\/\/unifranz.edu.bo\/pt\/wp-json\/wp\/v2\/media?parent=707830"}],"wp:term":[{"taxonomy":"category","embeddable":true,"href":"https:\/\/unifranz.edu.bo\/pt\/wp-json\/wp\/v2\/categories?post=707830"},{"taxonomy":"post_tag","embeddable":true,"href":"https:\/\/unifranz.edu.bo\/pt\/wp-json\/wp\/v2\/tags?post=707830"}],"curies":[{"name":"wp","href":"https:\/\/api.w.org\/{rel}","templated":true}]}}