{"id":707753,"date":"2025-08-28T16:16:15","date_gmt":"2025-08-28T20:16:15","guid":{"rendered":"https:\/\/unifranz.edu.bo\/?p=707753"},"modified":"2025-09-03T12:34:46","modified_gmt":"2025-09-03T16:34:46","slug":"unifranz-impulsa-suenos-sin-fronteras-la-historia-del-aleman-volkan-borucu-en-la-carrera-de-derecho","status":"publish","type":"post","link":"https:\/\/unifranz.edu.bo\/pt\/blog\/unifranz-impulsa-suenos-sin-fronteras-la-historia-del-aleman-volkan-borucu-en-la-carrera-de-derecho\/","title":{"rendered":"Unifranz impulsa sue\u00f1os sin fronteras: la experiencia del alem\u00e1n Volkan Borucu en la carrera de Derecho"},"content":{"rendered":"<p>Las puertas de la Universidad Franz Tamayo, Unifranz La Paz, est\u00e1n abiertas al mundo. Volkan Borucu es un ejemplo vivo del proceso de Internacionalizaci\u00f3n que se vive en esta casa de estudios superiores. \u00c9l naci\u00f3 en Alemania, pero en la actualidad es uno de los mejores estudiantes de la carrera de Derecho, en Unifranz.<\/p>\n\n\n\n<p>Volkan naci\u00f3 en la ciudad de Duisburg, una urbe rodeada de r\u00edos y con bastante circulaci\u00f3n de buques. All\u00e1 creci\u00f3 el joven alem\u00e1n de ra\u00edces turcas, desde sus primeros a\u00f1os recuerda que estaba interesado en impartir justicia, velar por el bien com\u00fan.<\/p>\n\n\n\n<p>Unos a\u00f1os atr\u00e1s viaj\u00f3 hacia Per\u00fa y de ah\u00ed dio el salto a Bolivia. En la Ciudad Maravilla decidi\u00f3 echar ra\u00edces y comenzar con sus estudios universitarios. Elegir una universidad para seguir sus estudios fue una labor muy importante para \u00e9l.<\/p>\n\n\n\n<blockquote class=\"wp-block-quote is-layout-flow wp-block-quote-is-layout-flow\">\n<p>\u201cLa propuesta del Aprende Haciendo fue decisiva para m\u00ed, pues estoy convencido de que la \u00fanica forma de resolver problemas reales es mediante una pr\u00e1ctica constante. Luego, me sent\u00ed bastante tranquilo y contento despu\u00e9s de la charla que tuve con el equipo de admisiones. Eso me dio la confianza necesaria para tomar la decisi\u00f3n de estudiar aqu\u00ed\u201d, recuerda el alem\u00e1n.<\/p>\n<\/blockquote>\n\n\n\n<p>Luego de un proceso de revalidaci\u00f3n de sus estudios de secundaria en Alemania, finalmente logr\u00f3 inscribirse y hoy es parte activa de la comunidad estudiantil de la carrera de Derecho. Actualmente es estudiante de primer semestre y ya se muestra como uno de los mejores alumnos de su generaci\u00f3n.<\/p>\n\n\n\n<p><strong>La esencia del Derecho<\/strong><\/p>\n\n\n\n<p>Para Volkan, el Derecho representa m\u00e1s que una carrera acad\u00e9mica: es una vocaci\u00f3n de servicio. \u201cLa esencia del Derecho siempre me ha llamado la atenci\u00f3n. Es una forma de contribuir a la sociedad, de trabajar por las razones justas y de ayudar a las personas de manera adecuada, respetando las leyes y normas\u201d, explica con entusiasmo, mientras da una ojeada a la Sala Jur\u00eddica, uno de los ambientes de su carrera.<\/p>\n\n\n\n<figure class=\"wp-block-video\"><video height=\"1080\" style=\"aspect-ratio: 1920 \/ 1080;\" width=\"1920\" controls src=\"https:\/\/unifranz.edu.bo\/wp-content\/uploads\/2025\/08\/2-1.mp4\"><\/video><\/figure>\n\n\n\n<p>Su inter\u00e9s no solo est\u00e1 en los libros y juicios, sino tambi\u00e9n en la interacci\u00f3n con actores clave como jueces, fiscales y polic\u00edas, lo que lo motiva a seguir form\u00e1ndose con compromiso y dedicaci\u00f3n.<\/p>\n\n\n\n<p>Aunque reconoce que dejar a su familia en Alemania no ha sido f\u00e1cil, Volkan destaca que la comunicaci\u00f3n constante le permite mantenerse cerca de ellos. Adem\u00e1s, encontr\u00f3 en Bolivia un nuevo hogar. Eso s\u00ed, hubo un tiempo de aclimataci\u00f3n a la naci\u00f3n y a la ciudad: \u201cAl principio la altura me cost\u00f3 mucho, pero tambi\u00e9n me pareci\u00f3 algo interesante porque nunca hab\u00eda vivido algo as\u00ed. Con el tiempo me adapt\u00e9 y ahora disfruto mucho de estar aqu\u00ed\u201d, comenta.<\/p>\n\n\n\n<p>Por ahora, su meta es clara: terminar la carrera en cuatro a\u00f1os e inmediatamente despu\u00e9s ejercer la abogac\u00eda en Bolivia. Aunque no descarta nuevos horizontes en el futuro, por ejemplo se interesa mucho por la carrera de Ingenier\u00eda de Sistemas, se siente motivado por la posibilidad de desarrollarse en el pa\u00eds que lo acogi\u00f3. \u00c9l se integr\u00f3 con facilidad a la sociedad pace\u00f1a y tambi\u00e9n aprovech\u00f3 las puertas abiertas al mundo de Unifranz. En esta casa de estudios superiores hay estudiantes de Europa, Latinoam\u00e9rica y distintas partes del mundo. Todos est\u00e1n unidos en busca de conseguir sus metas acad\u00e9micas y ser profesionales internacionales.<\/p>","protected":false},"excerpt":{"rendered":"<p>Volkan Borucu, estudiante alem\u00e1n de Derecho en Unifranz, refleja la internacionalizaci\u00f3n universitaria con el modelo Aprende Haciendo. Su historia muestra c\u00f3mo esta casa de estudios abre sus puertas al mundo con vocaci\u00f3n y compromiso.<\/p>","protected":false},"author":44,"featured_media":707754,"comment_status":"open","ping_status":"open","sticky":false,"template":"","format":"standard","meta":{"_acf_changed":false,"footnotes":""},"categories":[60],"tags":[11316,266,39,53,386,1422,248,62,41,242],"class_list":["post-707753","post","type-post","status-publish","format-standard","has-post-thumbnail","hentry","category-blog","tag-alemania","tag-bolivia","tag-derecho","tag-educacion","tag-estudiantes","tag-innovacion-en-educacion","tag-internacionalizacion","tag-internacionalizate","tag-la-paz","tag-unifranz"],"acf":[],"_links":{"self":[{"href":"https:\/\/unifranz.edu.bo\/pt\/wp-json\/wp\/v2\/posts\/707753","targetHints":{"allow":["GET"]}}],"collection":[{"href":"https:\/\/unifranz.edu.bo\/pt\/wp-json\/wp\/v2\/posts"}],"about":[{"href":"https:\/\/unifranz.edu.bo\/pt\/wp-json\/wp\/v2\/types\/post"}],"author":[{"embeddable":true,"href":"https:\/\/unifranz.edu.bo\/pt\/wp-json\/wp\/v2\/users\/44"}],"replies":[{"embeddable":true,"href":"https:\/\/unifranz.edu.bo\/pt\/wp-json\/wp\/v2\/comments?post=707753"}],"version-history":[{"count":4,"href":"https:\/\/unifranz.edu.bo\/pt\/wp-json\/wp\/v2\/posts\/707753\/revisions"}],"predecessor-version":[{"id":707868,"href":"https:\/\/unifranz.edu.bo\/pt\/wp-json\/wp\/v2\/posts\/707753\/revisions\/707868"}],"wp:featuredmedia":[{"embeddable":true,"href":"https:\/\/unifranz.edu.bo\/pt\/wp-json\/wp\/v2\/media\/707754"}],"wp:attachment":[{"href":"https:\/\/unifranz.edu.bo\/pt\/wp-json\/wp\/v2\/media?parent=707753"}],"wp:term":[{"taxonomy":"category","embeddable":true,"href":"https:\/\/unifranz.edu.bo\/pt\/wp-json\/wp\/v2\/categories?post=707753"},{"taxonomy":"post_tag","embeddable":true,"href":"https:\/\/unifranz.edu.bo\/pt\/wp-json\/wp\/v2\/tags?post=707753"}],"curies":[{"name":"wp","href":"https:\/\/api.w.org\/{rel}","templated":true}]}}