{"id":707699,"date":"2025-08-27T16:18:42","date_gmt":"2025-08-27T20:18:42","guid":{"rendered":"https:\/\/unifranz.edu.bo\/?p=707699"},"modified":"2025-08-27T16:18:49","modified_gmt":"2025-08-27T20:18:49","slug":"salud-en-riesgo-como-protegerse-del-humo-de-los-incendios-forestales-en-bolivia","status":"publish","type":"post","link":"https:\/\/unifranz.edu.bo\/pt\/blog\/salud-en-riesgo-como-protegerse-del-humo-de-los-incendios-forestales-en-bolivia\/","title":{"rendered":"Salud en riesgo: c\u00f3mo protegerse del humo de los incendios forestales en Bolivia"},"content":{"rendered":"<p>La contaminaci\u00f3n atmosf\u00e9rica causada por los incendios forestales se ha convertido en una de las principales amenazas para la salud p\u00fablica en Bolivia. El humo, cargado de part\u00edculas t\u00f3xicas y gases peligrosos, no solo afecta a quienes est\u00e1n cerca de las llamas, sino tambi\u00e9n a las poblaciones urbanas situadas a kil\u00f3metros de distancia. En el pa\u00eds, que atraviesa una de las temporadas secas m\u00e1s cr\u00edticas de los \u00faltimos a\u00f1os, la emergencia por incendios ya ha encendido alertas en m\u00e1s de 60 municipios, la mayor\u00eda en Santa Cruz y Beni.<\/p>\n\n\n\n<p><\/p>\n\n\n\n<blockquote class=\"wp-block-quote is-layout-flow wp-block-quote-is-layout-flow\">\n<p>\u201cLas consecuencias del humo en la salud son graves e inmediatas, pero tambi\u00e9n pueden aparecer semanas o incluso a\u00f1os despu\u00e9s de la exposici\u00f3n. Por eso, la prevenci\u00f3n es clave para evitar da\u00f1os respiratorios, cardiovasculares y otros efectos que la poblaci\u00f3n muchas veces desconoce\u201d, advierte Griselda Vargas, m\u00e9dica epidemi\u00f3loga y directora de la carrera de Medicina de la Universidad Franz Tamayo, Unifranz.<\/p>\n<\/blockquote>\n\n\n\n<p><\/p>\n\n\n\n<p>La evidencia cient\u00edfica demuestra que el humo de los incendios contiene part\u00edculas microsc\u00f3picas (PM2.5) capaces de penetrar profundamente en los pulmones y llegar al torrente sangu\u00edneo. A corto plazo, la exposici\u00f3n provoca irritaci\u00f3n ocular, tos, dolor de garganta y dificultad para respirar, s\u00edntomas que pueden agravarse en personas con enfermedades cr\u00f3nicas. A mediano y largo plazo, el riesgo se multiplica: infartos, arritmias, accidentes cerebrovasculares y hasta ciertos tipos de c\u00e1ncer est\u00e1n asociados a la inhalaci\u00f3n prolongada de contaminantes. Investigaciones recientes se\u00f1alan que incluso una d\u00e9cada despu\u00e9s de haber vivido cerca de un gran incendio, la probabilidad de desarrollar c\u00e1ncer de pulm\u00f3n puede ser casi 5 % mayor que en poblaciones no expuestas.<\/p>\n\n\n\n<p><\/p>\n\n\n\n<p>Los grupos m\u00e1s vulnerables son los ni\u00f1os, adultos mayores, embarazadas y personas con asma o enfermedades pulmonares cr\u00f3nicas, quienes pueden sufrir complicaciones graves incluso con exposiciones breves. En menores de edad, por ejemplo, el humo incrementa el riesgo de desarrollar asma bronquial o agravar cuadros respiratorios existentes. En embarazadas, puede provocar partos prematuros o bajo peso al nacer.<\/p>\n\n\n\n<p><\/p>\n\n\n\n<blockquote class=\"wp-block-quote is-layout-flow wp-block-quote-is-layout-flow\">\n<p>\u201cLos ni\u00f1os y los adultos mayores tienen sistemas inmunol\u00f3gicos m\u00e1s d\u00e9biles y, en consecuencia, una mayor probabilidad de sufrir complicaciones. En estos casos, incluso una exposici\u00f3n corta puede desencadenar problemas respiratorios graves\u201d, subraya Vargas.<\/p>\n\n\n\n<p><\/p>\n<\/blockquote>\n\n\n\n<p><strong>Consejos para prevenir da\u00f1os por el humo<\/strong><\/p>\n\n\n\n<p>Ante esta situaci\u00f3n, Vargas recomienda tomar medidas inmediatas para proteger la salud durante la temporada de incendios:<\/p>\n\n\n\n<ul class=\"wp-block-list\">\n<li><strong>Evitar actividades al aire libre<\/strong>, especialmente cuando el humo es denso, y reducir al m\u00ednimo el ejercicio f\u00edsico intenso en exteriores.<\/li>\n\n\n\n<li><strong>Usar mascarillas certificadas<\/strong> como las N95 o P100, que filtran part\u00edculas finas. \u201cLos barbijos de tela o quir\u00fargicos no son efectivos frente a las micropart\u00edculas del humo\u201d, advierte.<\/li>\n\n\n\n<li><strong>Sellar los espacios interiores<\/strong>, manteniendo puertas y ventanas cerradas, y utilizar purificadores de aire o, en su defecto, colocar toallas h\u00famedas en rendijas para evitar el ingreso del humo.<\/li>\n\n\n\n<li><strong>Mantenerse hidratado<\/strong> y realizar lavados nasales con suero fisiol\u00f3gico para limpiar las v\u00edas respiratorias. Los humidificadores tambi\u00e9n ayudan a reducir la irritaci\u00f3n.<\/li>\n\n\n\n<li><strong>Extremar cuidados en personas vulnerables<\/strong>: ni\u00f1os, ancianos, embarazadas y pacientes con enfermedades respiratorias deben seguir estrictamente las recomendaciones m\u00e9dicas.<\/li>\n\n\n\n<li><strong>Monitorear la calidad del aire<\/strong> mediante aplicaciones y reportes oficiales para decidir los mejores momentos para ventilar los hogares.<\/li>\n\n\n\n<li><strong>Buscar atenci\u00f3n m\u00e9dica inmediata<\/strong> en casos de dificultad respiratoria, dolor en el pecho o tos persistente.<\/li>\n<\/ul>\n\n\n\n<p><\/p>\n\n\n\n<blockquote class=\"wp-block-quote is-layout-flow wp-block-quote-is-layout-flow\">\n<p>\u201cDebemos entender que las medidas de prevenci\u00f3n no son opcionales, son necesarias. El humo tiene efectos acumulativos en nuestro organismo, y minimizar la exposici\u00f3n es la \u00fanica forma real de reducir el riesgo\u201d, enfatiza la especialista.<\/p>\n<\/blockquote>\n\n\n\n<p><\/p>\n\n\n\n<p><strong>La situaci\u00f3n actual de los incendios en Bolivia<\/strong><\/p>\n\n\n\n<p><\/p>\n\n\n\n<p>Bolivia atraviesa su temporada seca con m\u00e1s de 63 municipios bajo alg\u00fan nivel de alerta por riesgo de incendios forestales. Seg\u00fan el Ministerio de Defensa, 17 de ellos est\u00e1n en alerta roja, principalmente en Santa Cruz y Beni, donde la propagaci\u00f3n de las llamas amenaza tanto a ecosistemas como a comunidades locales.<\/p>\n\n\n\n<p><\/p>\n\n\n\n<p>A la fecha, se han registrado m\u00e1s de 60 incendios forestales en lo que va del a\u00f1o, algunos de ellos en \u00e1reas protegidas de alto valor ecol\u00f3gico como el Parque Nacional Noel Kempff Mercado y el Parque Tunari. Aunque la mayor\u00eda fue sofocada, al menos dos contin\u00faan bajo control operativo, con m\u00e1s de un millar de efectivos militares desplegados en tareas de sofocaci\u00f3n y monitoreo. El Gobierno declar\u00f3 emergencia nacional, reconociendo la magnitud de la crisis y la necesidad de reforzar las medidas de prevenci\u00f3n y respuesta.<\/p>","protected":false},"excerpt":{"rendered":"<p>Salud en riesgo por incendios forestales: conoce los efectos del humo en nuestro organismo y c\u00f3mo minimizar la exposici\u00f3n con medidas preventivas.<\/p>","protected":false},"author":49,"featured_media":707700,"comment_status":"open","ping_status":"open","sticky":false,"template":"","format":"standard","meta":{"_acf_changed":false,"footnotes":""},"categories":[60],"tags":[11310,9752,9758,1422,49,270,6779,124,4506,242],"class_list":["post-707699","post","type-post","status-publish","format-standard","has-post-thumbnail","hentry","category-blog","tag-calidad-del-aire","tag-humo","tag-incendios-en-bolivia","tag-innovacion-en-educacion","tag-medicina","tag-medio-ambiente","tag-prevencion-de-la-salud","tag-salud","tag-salud-publica","tag-unifranz"],"acf":[],"_links":{"self":[{"href":"https:\/\/unifranz.edu.bo\/pt\/wp-json\/wp\/v2\/posts\/707699","targetHints":{"allow":["GET"]}}],"collection":[{"href":"https:\/\/unifranz.edu.bo\/pt\/wp-json\/wp\/v2\/posts"}],"about":[{"href":"https:\/\/unifranz.edu.bo\/pt\/wp-json\/wp\/v2\/types\/post"}],"author":[{"embeddable":true,"href":"https:\/\/unifranz.edu.bo\/pt\/wp-json\/wp\/v2\/users\/49"}],"replies":[{"embeddable":true,"href":"https:\/\/unifranz.edu.bo\/pt\/wp-json\/wp\/v2\/comments?post=707699"}],"version-history":[{"count":2,"href":"https:\/\/unifranz.edu.bo\/pt\/wp-json\/wp\/v2\/posts\/707699\/revisions"}],"predecessor-version":[{"id":707702,"href":"https:\/\/unifranz.edu.bo\/pt\/wp-json\/wp\/v2\/posts\/707699\/revisions\/707702"}],"wp:featuredmedia":[{"embeddable":true,"href":"https:\/\/unifranz.edu.bo\/pt\/wp-json\/wp\/v2\/media\/707700"}],"wp:attachment":[{"href":"https:\/\/unifranz.edu.bo\/pt\/wp-json\/wp\/v2\/media?parent=707699"}],"wp:term":[{"taxonomy":"category","embeddable":true,"href":"https:\/\/unifranz.edu.bo\/pt\/wp-json\/wp\/v2\/categories?post=707699"},{"taxonomy":"post_tag","embeddable":true,"href":"https:\/\/unifranz.edu.bo\/pt\/wp-json\/wp\/v2\/tags?post=707699"}],"curies":[{"name":"wp","href":"https:\/\/api.w.org\/{rel}","templated":true}]}}