{"id":707674,"date":"2025-08-26T12:27:43","date_gmt":"2025-08-26T16:27:43","guid":{"rendered":"https:\/\/unifranz.edu.bo\/?p=707674"},"modified":"2025-08-26T12:27:50","modified_gmt":"2025-08-26T16:27:50","slug":"lactancia-materna-en-bolivia-entre-los-avances-y-las-barreras-que-la-academia-busca-derribar","status":"publish","type":"post","link":"https:\/\/unifranz.edu.bo\/pt\/blog\/lactancia-materna-en-bolivia-entre-los-avances-y-las-barreras-que-la-academia-busca-derribar\/","title":{"rendered":"Lactancia materna en Bolivia: entre los avances y las barreras que la academia busca derribar"},"content":{"rendered":"<p>En Bolivia, un 74,1 % de los beb\u00e9s recibe leche materna como alimentaci\u00f3n exclusiva durante sus primeros seis meses de vida, seg\u00fan datos del Ministerio de Salud y Deportes. Sin embargo, pese a la cifra positiva, las barreras persisten.<\/p>\n\n\n\n<p><\/p>\n\n\n\n<p>Mitos culturales, falta de entornos laborales adecuados y pol\u00edticas p\u00fablicas insuficientes afectan la continuidad de la lactancia. <\/p>\n\n\n\n<p>Yesenia M\u00e9ndez A\u00f1ez, coordinadora y docente del Diplomado en Lactancia Materna de la Universidad Franz Tamayo, Unifranz, explica que las cifras son alentadoras, pero el reto est\u00e1 en garantizar que las madres reciban acompa\u00f1amiento real y sostenido.<\/p>\n\n\n\n<p><\/p>\n\n\n\n<blockquote class=\"wp-block-quote is-layout-flow wp-block-quote-is-layout-flow\">\n<p>\u201cSi bien se fortaleci\u00f3 la promoci\u00f3n, se desarrollaron normas de protecci\u00f3n de la lactancia en los espacios laborales y se ampli\u00f3 la capacitaci\u00f3n para acompa\u00f1ar a las madres, a\u00fan no hay suficientes profesionales de la salud disponibles para apoyar a las familias con dificultades en la lactancia. Esto ocasiona que persistan desaf\u00edos como la desinformaci\u00f3n y la influencia de la industria de suced\u00e1neos\u201d, se\u00f1ala M\u00e9ndez.<\/p>\n<\/blockquote>\n\n\n\n<p><\/p>\n\n\n\n<p><strong>Avances y contradicciones<\/strong><\/p>\n\n\n\n<p><\/p>\n\n\n\n<p>\u201cLa lactancia materna es fundamental para las familias en general\u201d, afirma la profesional. Para el beb\u00e9, detalla, asegura una nutrici\u00f3n \u00f3ptima, lo protege contra infecciones, fortalece el sistema inmune y favorece un mejor desarrollo cognitivo y emocional.<\/p>\n\n\n\n<p><\/p>\n\n\n\n<blockquote class=\"wp-block-quote is-layout-flow wp-block-quote-is-layout-flow\">\n<p>\u201cPara la madre, reduce el riesgo de hemorragia posparto, c\u00e1ncer de mama y ovario, diabetes tipo 2, y favorece la recuperaci\u00f3n del peso. A nivel emocional, el contacto piel a piel y la cercan\u00eda fortalecen el v\u00ednculo afectivo madre\u2013hijo, reducen la ansiedad y la depresi\u00f3n posparto, lo que contribuye al bienestar emocional de ambos\u201d, sostiene.<\/p>\n<\/blockquote>\n\n\n\n<p><\/p>\n\n\n\n<p>De acuerdo con datos de la Encuesta de Demograf\u00eda y Salud (EDSA 2023), el pa\u00eds registra una prevalencia de 74,1 % en lactancia materna exclusiva. La cifra subi\u00f3 en comparaci\u00f3n con la EDSA 2016, cuando el dato era de 58,3 %.<\/p>\n\n\n\n<p><\/p>\n\n\n\n<p>Muestra del avance es la acreditaci\u00f3n de 587 establecimientos de salud Amigos de la Madre y el Ni\u00f1o, que implementan pr\u00e1cticas recomendadas por la OMS y UNICEF. Algunas universidades y entidades p\u00fablicas han instalado salas de lactancia, un espacio fundamental para estudiantes y trabajadoras que buscan mantener el v\u00ednculo con sus beb\u00e9s.<\/p>\n\n\n\n<p><\/p>\n\n\n\n<p>Pero no todas las madres tienen el mismo acceso. La falta de licencias de maternidad m\u00e1s amplias, la inexistencia de salas en muchas instituciones y la persistencia de creencias sin sustento cient\u00edfico siguen siendo grandes limitantes.<\/p>\n\n\n\n<p><\/p>\n\n\n\n<p><strong>La desinformaci\u00f3n, una barrera persistente<\/strong><\/p>\n\n\n\n<p><\/p>\n\n\n\n<p>Una de las principales barreras para la lactancia es la social y cultural. En determinados entornos persisten mitos y presiones familiares que desalientan el amamantamiento.<\/p>\n\n\n\n<p><\/p>\n\n\n\n<p>Uno de los mitos m\u00e1s frecuentes es que si la madre est\u00e1 enferma o triste no puede amamantar. Esto, explica M\u00e9ndez, no siempre es cierto: \u201cLa mayor\u00eda de enfermedades permiten continuar con la lactancia y las dificultades emocionales no alteran la calidad de la leche materna\u201d.<\/p>\n\n\n\n<p><\/p>\n\n\n\n<p>Tambi\u00e9n suele creerse que, despu\u00e9s de los seis meses de vida del beb\u00e9, la leche ya no es nutritiva. Esto es falso, pues la evidencia cient\u00edfica se\u00f1ala que sigue siendo altamente nutritiva y protectora incluso despu\u00e9s de los dos a\u00f1os.<\/p>\n\n\n\n<p><\/p>\n\n\n\n<p>Otra creencia equivocada es que la lactancia \u201cdeforma\u201d el cuerpo de la madre. En realidad, amamantar protege la salud materna y ayuda al retorno f\u00edsico posparto.<\/p>\n\n\n\n<p><\/p>\n\n\n\n<blockquote class=\"wp-block-quote is-layout-flow wp-block-quote-is-layout-flow\">\n<p>\u201cOtro mito es que los pechos peque\u00f1os no producen leche. Es falso: el tama\u00f1o de los senos no determina la producci\u00f3n, ya que depende de la gl\u00e1ndula mamaria y no del tejido adiposo\u201d, sostiene la especialista.<\/p>\n<\/blockquote>\n\n\n\n<p><\/p>\n\n\n\n<p><strong>No solo es cultural<\/strong><\/p>\n\n\n\n<p><\/p>\n\n\n\n<p>Las barreras no son \u00fanicamente culturales o sociales. Tambi\u00e9n existen limitantes laborales, reflejadas en la falta de espacios adecuados y de tiempos para amamantar o extraer leche en los lugares de trabajo.<\/p>\n\n\n\n<p><\/p>\n\n\n\n<p>En el sistema de salud, persiste la necesidad de mayor formaci\u00f3n del personal y de un acompa\u00f1amiento respetuoso a las madres. A esto se suma la influencia de la industria de suced\u00e1neos, que utiliza estrategias publicitarias agresivas y, muchas veces, desinformadas, que compiten con la lactancia natural.<\/p>\n\n\n\n<p><\/p>\n\n\n\n<blockquote class=\"wp-block-quote is-layout-flow wp-block-quote-is-layout-flow\">\n<p>\u201cSuperar estas barreras requiere pol\u00edticas firmes de protecci\u00f3n, educaci\u00f3n continua a la poblaci\u00f3n y espacios de formaci\u00f3n para profesionales de la salud. Tambi\u00e9n es clave la creaci\u00f3n de entornos que apoyen a las madres para ejercer su derecho a amamantar\u201d, afirma M\u00e9ndez.<\/p>\n<\/blockquote>\n\n\n\n<p><\/p>\n\n\n\n<p><strong>Formar profesionales especializados<\/strong><\/p>\n\n\n\n<p><\/p>\n\n\n\n<p>Frente a estos retos, la academia emerge como motor de cambio. Con el Diplomado en Lactancia Materna, Unifranz ofrece una formaci\u00f3n especializada que busca cerrar la brecha entre mito y ciencia.<\/p>\n\n\n\n<p><\/p>\n\n\n\n<p>Este diplomado, que en su primera versi\u00f3n inici\u00f3 en el Mes de la Lactancia, tiene como objetivo capacitar a profesionales de la salud para brindar acompa\u00f1amiento efectivo a madres y familias. Adem\u00e1s, promueve la investigaci\u00f3n y la difusi\u00f3n cient\u00edfica, claves para combatir la desinformaci\u00f3n.<\/p>\n\n\n\n<p><\/p>\n\n\n\n<p>Formar especialistas en lactancia no es solo un aporte acad\u00e9mico: es una inversi\u00f3n en el futuro del pa\u00eds. Cada beb\u00e9 amamantado de forma exclusiva representa menos enfermedades, menor gasto en salud y una sociedad m\u00e1s equitativa.<\/p>","protected":false},"excerpt":{"rendered":"<p>Con 74,1 % de lactancia exclusiva, Bolivia muestra un avance positivo. Sin embargo, la continuidad est\u00e1 amenazada por mitos populares, ambientes laborales no adecuados y deficiencias en las pol\u00edticas. Unifranz forma expertos capaces de acompa\u00f1ar a madres desde la evidencia cient\u00edfica.<\/p>","protected":false},"author":53,"featured_media":707675,"comment_status":"open","ping_status":"open","sticky":false,"template":"","format":"standard","meta":{"_acf_changed":false,"footnotes":""},"categories":[60],"tags":[10580,53,1422,9380,10327,1338,124,242],"class_list":["post-707674","post","type-post","status-publish","format-standard","has-post-thumbnail","hentry","category-blog","tag-desarrollo-humano","tag-educacion","tag-innovacion-en-educacion","tag-lactancia-materna","tag-maternidad","tag-postgrado-unifranz","tag-salud","tag-unifranz"],"acf":[],"_links":{"self":[{"href":"https:\/\/unifranz.edu.bo\/pt\/wp-json\/wp\/v2\/posts\/707674","targetHints":{"allow":["GET"]}}],"collection":[{"href":"https:\/\/unifranz.edu.bo\/pt\/wp-json\/wp\/v2\/posts"}],"about":[{"href":"https:\/\/unifranz.edu.bo\/pt\/wp-json\/wp\/v2\/types\/post"}],"author":[{"embeddable":true,"href":"https:\/\/unifranz.edu.bo\/pt\/wp-json\/wp\/v2\/users\/53"}],"replies":[{"embeddable":true,"href":"https:\/\/unifranz.edu.bo\/pt\/wp-json\/wp\/v2\/comments?post=707674"}],"version-history":[{"count":1,"href":"https:\/\/unifranz.edu.bo\/pt\/wp-json\/wp\/v2\/posts\/707674\/revisions"}],"predecessor-version":[{"id":707676,"href":"https:\/\/unifranz.edu.bo\/pt\/wp-json\/wp\/v2\/posts\/707674\/revisions\/707676"}],"wp:featuredmedia":[{"embeddable":true,"href":"https:\/\/unifranz.edu.bo\/pt\/wp-json\/wp\/v2\/media\/707675"}],"wp:attachment":[{"href":"https:\/\/unifranz.edu.bo\/pt\/wp-json\/wp\/v2\/media?parent=707674"}],"wp:term":[{"taxonomy":"category","embeddable":true,"href":"https:\/\/unifranz.edu.bo\/pt\/wp-json\/wp\/v2\/categories?post=707674"},{"taxonomy":"post_tag","embeddable":true,"href":"https:\/\/unifranz.edu.bo\/pt\/wp-json\/wp\/v2\/tags?post=707674"}],"curies":[{"name":"wp","href":"https:\/\/api.w.org\/{rel}","templated":true}]}}