{"id":707564,"date":"2025-08-21T11:50:49","date_gmt":"2025-08-21T15:50:49","guid":{"rendered":"https:\/\/unifranz.edu.bo\/?p=707564"},"modified":"2025-08-22T16:33:32","modified_gmt":"2025-08-22T20:33:32","slug":"experiencia-internacional-unifranz-espana","status":"publish","type":"post","link":"https:\/\/unifranz.edu.bo\/pt\/blog\/experiencia-internacional-unifranz-espana\/","title":{"rendered":"Cruzar fronteras para crecer: Lu\u00eds y su experiencia internacional en Espa\u00f1a de la mano de Unifranz"},"content":{"rendered":"<p>\u201cEstudiar en otro pa\u00eds no solo te ense\u00f1a cosas nuevas en el aula, tambi\u00e9n te ense\u00f1a a conocerte, a confiar en ti mismo y a ver tu carrera desde otra perspectiva\u201d, reflexiona Luis \u00c1ngel Torrez, estudiante de <a href=\"https:\/\/ux.unifranz.edu.bo\/diseno-grafico-y-produccion-crossmedia\">Design Gr\u00e1fico e Produ\u00e7\u00e3o Multim\u00eddia<\/a> de la <a href=\"https:\/\/unifranz.edu.bo\/\">Universidad Franz Tamayo<\/a>, <a href=\"https:\/\/ux.unifranz.edu.bo\/tour\/eat\/index.htm\">Unifranz El Alto<\/a>. Hace unos d\u00edas retorn\u00f3 de su intercambio acad\u00e9mico en la <a href=\"https:\/\/www.ucam.edu\/\" target=\"_blank\" rel=\"noopener\">Universidad Cat\u00f3lica de Murcia<\/a> \u2013 UCAM de Espa\u00f1a.<\/p>\n\n\n\n<p><\/p>\n\n\n\n<p>Su paso por esa casa de estudios fue un antes y un despu\u00e9s en su vida. Al principio hubo nervios y miedos, pero pronto descubri\u00f3 que la experiencia de internacionalizaci\u00f3n significaba mucho m\u00e1s que asistir a clases: era convivir con otras culturas, adaptarse a un sistema acad\u00e9mico exigente y, sobre todo, crecer como persona y como profesional.<\/p>\n\n\n\n<p><\/p>\n\n\n\n<p>\u201cAl principio sent\u00ed un poco de miedo porque todo era nuevo y enorme, pero tambi\u00e9n ten\u00eda esas ganas de conocer la universidad, a mis compa\u00f1eros y ese ambiente tan distinto al que estaba acostumbrado\u201d, recuerda.<\/p>\n\n\n\n<p><\/p>\n\n\n\n<h2 class=\"wp-block-heading\"><strong>Diferencias que enriquecen<\/strong><\/h2>\n\n\n\n<p>El sistema educativo espa\u00f1ol le exigi\u00f3 disciplina f\u00e9rrea: calendarios estrictos, evaluaciones con contenido local que deb\u00eda dominar y un trato cercano con los docentes, basado en la confianza del \u201ct\u00fa\u201d.<\/p>\n\n\n\n<p><\/p>\n\n\n\n<p>De Unifranz, en cambio, destaca el enfoque m\u00e1s flexible, humano y pr\u00e1ctico. Dice que el respeto hacia los docentes y la importancia de las habilidades blandas enriquecen el aprendizaje con un matiz \u00fanico.<\/p>\n\n\n\n<p><\/p>\n\n\n\n<p>\u201cEspa\u00f1a me dio disciplina y adaptaci\u00f3n; Unifranz me da visi\u00f3n integral y la capacidad de aplicar lo aprendido a la vida real. La combinaci\u00f3n de ambas experiencias es un equilibrio perfecto que obtuve gracias a la internacionalizaci\u00f3n\u201d, reflexiona.<\/p>\n\n\n\n<p><\/p>\n\n\n\n<h2 class=\"wp-block-heading\"><strong>Un aprendizaje que trasciende el aula<\/strong><\/h2>\n\n\n\n<p>En lo acad\u00e9mico, la UCAM le ofreci\u00f3 experiencias pr\u00e1cticas inolvidables. Entre los proyectos m\u00e1s memorables destaca el que desarroll\u00f3 junto a un trabajador de Sony Pictures, enfocado en las pel\u00edculas Karate Kid Legends y Anaconda.<\/p>\n\n\n\n<p><\/p>\n\n\n\n<p>\u201cFue incre\u00edble trabajar en grupo y ver c\u00f3mo nuestras ideas pod\u00edan incluso ser consideradas por alguien del mundo del cine. Aprend\u00ed a cuestionar, a argumentar y a fundamentar mis propuestas\u201d, afirma.<\/p>\n\n\n\n<p><\/p>\n\n\n\n<p>Sin embargo, lo m\u00e1s enriquecedor fue lo que ocurri\u00f3 fuera de las aulas. Entre clases y proyectos, Luis \u00c1ngel encontr\u00f3 en el f\u00fatbol un espacio de integraci\u00f3n con j\u00f3venes de M\u00e9xico, Venezuela, Francia, Paraguay, Corea y Espa\u00f1a, donde el deporte se convirti\u00f3 en un idioma universal<\/p>\n\n\n\n<p><\/p>\n\n\n\n<p>La internacionalizaci\u00f3n tambi\u00e9n signific\u00f3 independencia. Luis \u00c1ngel tuvo diversas fuentes de empleo para generar m\u00e1s recursos, entre lo m\u00e1s valioso fue dar sus primeros pasos en su \u00e1rea: grabando videos promocionales para negocios locales y el dise\u00f1o del logo de una cafeter\u00eda en Barcelona. \u201cAprend\u00ed a organizar mi vida, a ser independiente y, sobre todo, a aplicar mis conocimientos en proyectos reales que incluso generaban ingresos\u201d, comenta.<\/p>\n\n\n\n<p><\/p>\n\n\n\n<h2 class=\"wp-block-heading\"><strong>Internacional\u00edzate, puertas abiertas al mundo<\/strong><\/h2>\n\n\n\n<p>Su historia refleja el alcance del Programa Internacional\u00edzate de Unifranz, que permite a los estudiantes postularse a intercambios desde el segundo semestre hasta el \u00faltimo a\u00f1o de su carrera.<\/p>\n\n\n\n<p><\/p>\n\n\n\n<p>M\u00e1s all\u00e1 de la formaci\u00f3n t\u00e9cnica, la universidad busca que sus j\u00f3venes fortalezcan habilidades como liderazgo, comunicaci\u00f3n efectiva y pensamiento cr\u00edtico, indispensables en el entorno laboral actual.<\/p>\n\n\n\n<p><\/p>\n\n\n\n<p>\u201cCon la internacionalizaci\u00f3n, los estudiantes adquieren una nueva visi\u00f3n de su carrera profesional. Aprenden metodolog\u00edas distintas que enriquecen su formaci\u00f3n y les permiten generar una red de contactos, amigos y colegas que pueden facilitarles futuras oportunidades laborales\u201d, explica Mar\u00eda Fernanda Oll\u00e9, coordinadora nacional de Movilidad Internacional de Unifranz.<\/p>\n\n\n\n<p><\/p>\n\n\n\n<h2 class=\"wp-block-heading\"><strong>Una invitaci\u00f3n a so\u00f1ar<\/strong><\/h2>\n\n\n\n<p>Luis \u00c1ngel resume su intercambio como un viaje transformador que signific\u00f3 salir de su zona de confort, adaptarse a una nueva cultura acad\u00e9mica y crecer tanto a nivel personal como profesional.<\/p>\n\n\n\n<p><\/p>\n\n\n\n<p>Su mensaje para otros j\u00f3venes es claro: \u201cSi tienen la oportunidad de vivir una experiencia de internacionalizaci\u00f3n, h\u00e1ganlo. No hay nada de qu\u00e9 arrepentirse, porque adem\u00e1s de conocer otro pa\u00eds y crecer como persona, pueden crear contactos y amistades que incluso se convierten en oportunidades laborales a futuro. Estas experiencias abren la mente, fortalecen la independencia y dejan aprendizajes que no se encuentran en los libros, sino en la vida misma\u201d.<\/p>\n\n\n\n<blockquote class=\"wp-block-quote is-layout-flow wp-block-quote-is-layout-flow\">\n<figure class=\"wp-block-embed is-type-video is-provider-youtube wp-block-embed-youtube wp-embed-aspect-16-9 wp-has-aspect-ratio\"><div class=\"wp-block-embed__wrapper\">\n<iframe loading=\"lazy\" title=\"\u00bf\ud835\uddec \ud835\ude00\ud835\uddf6 \ud835\ude00\ud835\uddf2 \ud835\uddf6\ud835\uddfb\ud835\ude01\ud835\uddf2\ud835\uddff\ud835\uddfb\ud835\uddee\ud835\uddf0\ud835\uddf6\ud835\uddfc\ud835\uddfb\ud835\uddee\ud835\uddf9\ud835\uddf6\ud835\ude07\ud835\uddee\ud835\uddfb \ud835\uddf2\ud835\uddfb \ud835\uddd8\ud835\ude00\ud835\uddfd\ud835\uddee\ud835\uddfb\u0303\ud835\uddee, \ud835\uddf0\ud835\uddf5\ud835\uddee\ud835\ude03\ud835\uddee\ud835\uddf9\ud835\uddf2\ud835\ude00? \ud83c\uddea\ud83c\uddf8\ud83d\udee9\ufe0f\" width=\"500\" height=\"281\" src=\"https:\/\/www.youtube.com\/embed\/GZf1PTMK3zc?feature=oembed\" frameborder=\"0\" allow=\"accelerometer; autoplay; clipboard-write; encrypted-media; gyroscope; picture-in-picture; web-share\" referrerpolicy=\"strict-origin-when-cross-origin\" allowfullscreen><\/iframe>\n<\/div><\/figure>\n<\/blockquote>\n\n\n\n<p><\/p>","protected":false},"excerpt":{"rendered":"<p>\u2708\ufe0f Luis vivi\u00f3 un intercambio en Espa\u00f1a con Unifranz: disciplina, cultura y crecimiento profesional m\u00e1s all\u00e1 del aula.<\/p>","protected":false},"author":25,"featured_media":707582,"comment_status":"open","ping_status":"open","sticky":false,"template":"","format":"standard","meta":{"_acf_changed":false,"footnotes":""},"categories":[60,2314,2516,2182,178,2028,1608,1782,10374],"tags":[53,47,386,1422,242],"class_list":["post-707564","post","type-post","status-publish","format-standard","has-post-thumbnail","hentry","category-blog","category-diseno-grafico","category-diseno-grafico-y-produccion-crossmedia","category-diseno-y-produccion-crossmedia","category-intercambios","category-internacionalizacion-es","category-internacionalizacion","category-unifranz","category-unifranz-el-alto","tag-educacion","tag-el-alto","tag-estudiantes","tag-innovacion-en-educacion","tag-unifranz"],"acf":[],"_links":{"self":[{"href":"https:\/\/unifranz.edu.bo\/pt\/wp-json\/wp\/v2\/posts\/707564","targetHints":{"allow":["GET"]}}],"collection":[{"href":"https:\/\/unifranz.edu.bo\/pt\/wp-json\/wp\/v2\/posts"}],"about":[{"href":"https:\/\/unifranz.edu.bo\/pt\/wp-json\/wp\/v2\/types\/post"}],"author":[{"embeddable":true,"href":"https:\/\/unifranz.edu.bo\/pt\/wp-json\/wp\/v2\/users\/25"}],"replies":[{"embeddable":true,"href":"https:\/\/unifranz.edu.bo\/pt\/wp-json\/wp\/v2\/comments?post=707564"}],"version-history":[{"count":3,"href":"https:\/\/unifranz.edu.bo\/pt\/wp-json\/wp\/v2\/posts\/707564\/revisions"}],"predecessor-version":[{"id":707621,"href":"https:\/\/unifranz.edu.bo\/pt\/wp-json\/wp\/v2\/posts\/707564\/revisions\/707621"}],"wp:featuredmedia":[{"embeddable":true,"href":"https:\/\/unifranz.edu.bo\/pt\/wp-json\/wp\/v2\/media\/707582"}],"wp:attachment":[{"href":"https:\/\/unifranz.edu.bo\/pt\/wp-json\/wp\/v2\/media?parent=707564"}],"wp:term":[{"taxonomy":"category","embeddable":true,"href":"https:\/\/unifranz.edu.bo\/pt\/wp-json\/wp\/v2\/categories?post=707564"},{"taxonomy":"post_tag","embeddable":true,"href":"https:\/\/unifranz.edu.bo\/pt\/wp-json\/wp\/v2\/tags?post=707564"}],"curies":[{"name":"wp","href":"https:\/\/api.w.org\/{rel}","templated":true}]}}