{"id":707417,"date":"2025-08-14T11:03:25","date_gmt":"2025-08-14T15:03:25","guid":{"rendered":"https:\/\/unifranz.edu.bo\/?p=707417"},"modified":"2025-08-14T11:03:32","modified_gmt":"2025-08-14T15:03:32","slug":"estudante-desenvolve-protese-inteligente-que-capta-movimentos-pela-camera-de-um-celular","status":"publish","type":"post","link":"https:\/\/unifranz.edu.bo\/pt\/blog\/estudante-desenvolve-protese-inteligente-que-capta-movimentos-pela-camera-de-um-celular\/","title":{"rendered":"Estudante desenvolve pr\u00f3tese inteligente que capta movimentos pela c\u00e2mera de um celular"},"content":{"rendered":"<p>Um estudante de Engenharia desenvolveu uma pr\u00f3tese de m\u00e3o eletr\u00f4nica inteligente, capaz de reproduzir movimentos humanos por meio do ato de imita\u00e7\u00e3o, utilizando exclusivamente a c\u00e2mera de um telefone celular como interface visual. O projeto, concebido inicialmente como iniciativa acad\u00eamica, destaca-se por sua funcionalidade vers\u00e1til, baixo custo de produ\u00e7\u00e3o em compara\u00e7\u00e3o com outras pr\u00f3teses e elevado potencial de aplica\u00e7\u00e3o em diferentes \u00e1reas.<\/p>\n\n\n\n<p><\/p>\n\n\n\n<p>Ronald Uriel Choque Paco, egresso do curso de Engenharia de Sistemas da Universidade Franz Tamayo (Unifranz), \u00e9 o idealizador e desenvolvedor da pr\u00f3tese.<\/p>\n\n\n\n<p><\/p>\n\n\n\n<blockquote class=\"wp-block-quote is-layout-flow wp-block-quote-is-layout-flow\">\n<p>\u201cO projeto consiste em uma pr\u00f3tese de m\u00e3o eletr\u00f4nica que utiliza o ato de imitar para gerar seus movimentos. Sabemos que a imita\u00e7\u00e3o est\u00e1 presente em nosso cotidiano: observamos um movimento e o reproduzimos no nosso comportamento ou na nossa pr\u00f3pria a\u00e7\u00e3o motora\u201d, afirma Ronald.<\/p>\n<\/blockquote>\n\n\n\n<p>O conceito de \u201cato de imita\u00e7\u00e3o\u201d foi inspirado nos processos naturais de aprendizagem humana. Assim como uma crian\u00e7a aprende observando e repetindo, esta pr\u00f3tese \u201caprende\u201d ao captar e replicar movimentos.<\/p>\n\n\n\n<p><\/p>\n\n\n\n<p>Motivado pelo interesse em biomecatr\u00f4nica e intelig\u00eancia artificial, o jovem engenheiro ressalta que seu objetivo foi criar uma pr\u00f3tese \u201cecon\u00f4mica, intuitiva e funcional\u201d, capaz de interagir com o ambiente por meio da observa\u00e7\u00e3o e, assim, tornar-se acess\u00edvel a um maior n\u00famero de usu\u00e1rios.<\/p>\n\n\n\n<p><\/p>\n\n\n\n<p>O prot\u00f3tipo \u00e9 impulsionado por algoritmos de vis\u00e3o computacional e intelig\u00eancia artificial. Ele funciona observando \u2014 via c\u00e2mera de um celular \u2014 os movimentos de uma m\u00e3o real. Constru\u00eddo em termopl\u00e1stico preto, apresenta articula\u00e7\u00f5es e conex\u00f5es vis\u00edveis, lembrando a estrutura de uma m\u00e3o humana.<\/p>\n\n\n\n<p><\/p>\n\n\n\n<blockquote class=\"wp-block-quote is-layout-flow wp-block-quote-is-layout-flow\">\n<p>\u201cInicialmente, desenvolvemos um modelo de intelig\u00eancia artificial capaz de replicar os movimentos de uma m\u00e3o humana usando a c\u00e2mera de um smartphone. O modelo processa as informa\u00e7\u00f5es e as transmite, via conex\u00e3o sem fio, \u00e0 pr\u00f3tese, que executa os movimentos\u201d, explica Ronald.<\/p>\n<\/blockquote>\n\n\n\n<figure class=\"wp-block-embed is-type-video is-provider-youtube wp-block-embed-youtube wp-embed-aspect-16-9 wp-has-aspect-ratio\"><div class=\"wp-block-embed__wrapper\">\n<iframe loading=\"lazy\" title=\"Estudiante desarrolla una pr\u00f3tesis inteligente que captura movimientos desde la c\u00e1mara de un celular\" width=\"500\" height=\"281\" src=\"https:\/\/www.youtube.com\/embed\/aDpaEaos2To?feature=oembed\" frameborder=\"0\" allow=\"accelerometer; autoplay; clipboard-write; encrypted-media; gyroscope; picture-in-picture; web-share\" referrerpolicy=\"strict-origin-when-cross-origin\" allowfullscreen><\/iframe>\n<\/div><\/figure>\n\n\n\n<p>O funcionamento baseia-se na captura de imagens em tempo real, reconhecendo gestos, posi\u00e7\u00f5es e sequ\u00eancias que s\u00e3o imediatamente convertidos em comandos para que a pr\u00f3tese os reproduza com precis\u00e3o.<\/p>\n\n\n\n<p><\/p>\n\n\n\n<p>\u201cTodo o processo leva menos de 0,5 segundo para replicar o movimento\u201d, destaca Ronald.<\/p>\n\n\n\n<p><\/p>\n\n\n\n<p>Diferentemente das pr\u00f3teses convencionais, que dependem de sensores musculares sofisticados ou implantes, esta inova\u00e7\u00e3o utiliza recursos acess\u00edveis, como o pr\u00f3prio smartphone, resultando em um dispositivo n\u00e3o invasivo e de f\u00e1cil manuten\u00e7\u00e3o, j\u00e1 que dispensa sensores fixados \u00e0 pele do usu\u00e1rio.<\/p>\n\n\n\n<p><\/p>\n\n\n\n<blockquote class=\"wp-block-quote is-layout-flow wp-block-quote-is-layout-flow\">\n<p>\u201cFoi essencial compreender por que os usu\u00e1rios muitas vezes deixam de utilizar pr\u00f3teses eletr\u00f4nicas. Percebi que o fator principal \u00e9 a manuten\u00e7\u00e3o. Por exemplo, sensores desgastam-se com o tempo e isso gera custos adicionais\u201d, observa Ronald.<\/p>\n<\/blockquote>\n\n\n\n<p><\/p>\n\n\n\n<p>A solu\u00e7\u00e3o proposta dispensa sistemas caros ou sensores complexos, o que reduz o custo final do dispositivo e amplia o acesso a pessoas em situa\u00e7\u00e3o de amputa\u00e7\u00e3o ou defici\u00eancia motora.<\/p>\n\n\n\n<p><\/p>\n\n\n\n<blockquote class=\"wp-block-quote is-layout-flow wp-block-quote-is-layout-flow\">\n<p>\u201cNo contexto boliviano, uma pr\u00f3tese eletr\u00f4nica geralmente custa a partir de 3.500 bolivianos. Com este modelo, \u00e9 poss\u00edvel reduzir o pre\u00e7o para algo entre 1.500 e 1.000 bolivianos, dependendo do perfil do usu\u00e1rio\u201d, explica.<\/p>\n\n\n\n<p><\/p>\n<\/blockquote>\n\n\n\n<p>Outro aspecto relevante \u00e9 a versatilidade de aplica\u00e7\u00e3o. Embora tenha sido projetada para auxiliar pessoas com defici\u00eancia cong\u00eanita ou amputa\u00e7\u00f5es, sua precis\u00e3o e capacidade de aprendizagem abrem possibilidades em outros setores.<\/p>\n\n\n\n<p><\/p>\n\n\n\n<p>No campo industrial, pode ser empregada como ferramenta rob\u00f3tica em processos que exigem repeti\u00e7\u00e3o de movimentos precisos e for\u00e7a para manipula\u00e7\u00e3o de grandes cargas. Na educa\u00e7\u00e3o, pode ser utilizada como recurso did\u00e1tico para o ensino de mec\u00e2nica e programa\u00e7\u00e3o de forma visual e interativa. Tamb\u00e9m pode ser aplicada nas artes e na medicina moderna, reproduzindo movimentos complexos ou auxiliando no treinamento de habilidades manuais.<\/p>\n\n\n\n<p><\/p>\n\n\n\n<blockquote class=\"wp-block-quote is-layout-flow wp-block-quote-is-layout-flow\">\n<p>\u201cEstou satisfeito com o resultado. Nos testes qualitativos, foi poss\u00edvel constatar que o design da pr\u00f3tese foi muito bem aceito pelo p\u00fablico. O conceito desperta interesse, e os usu\u00e1rios aprendem a oper\u00e1-la em poucos minutos\u201d, relata Ronald.<\/p>\n<\/blockquote>\n\n\n\n<p><\/p>\n\n\n\n<p>O sistema \u00e9 composto por uma plataforma de configura\u00e7\u00e3o, um aplicativo para smartphone \u2014 respons\u00e1vel pela capta\u00e7\u00e3o dos movimentos \u2014 e o dispositivo prot\u00e9tico, no caso, a m\u00e3o eletr\u00f4nica.<\/p>\n\n\n\n<p><\/p>\n\n\n\n<blockquote class=\"wp-block-quote is-layout-flow wp-block-quote-is-layout-flow\">\n<p>\u201cSempre h\u00e1 espa\u00e7o para melhorias. Fico motivado ao ver que muitos profissionais avaliaram positivamente o projeto, oferecendo feedback valioso. Estou em processo de registro legal da ideia e das melhorias t\u00e9cnicas, e trabalhando na forma\u00e7\u00e3o de parcerias para alcan\u00e7ar mais usu\u00e1rios, otimizar o custo e a funcionalidade. O objetivo \u00e9 democratizar o acesso e garantir adapta\u00e7\u00e3o facilitada\u201d, afirma.<\/p>\n<\/blockquote>\n\n\n\n<p><\/p>\n\n\n\n<p>A pr\u00f3tese, portanto, configura-se como uma plataforma de desenvolvimento cont\u00ednuo, aberta a aprimoramentos e pass\u00edvel de adapta\u00e7\u00e3o \u00e0s necessidades de cada usu\u00e1rio com o apoio adequado.<\/p>\n\n\n\n<p>Projetos dessa natureza integram o programa de projetos integradores da Unifranz, que estimula estudantes a desenvolver solu\u00e7\u00f5es de impacto social, explorar novas tecnologias e trabalhar em benef\u00edcio da comunidade.<\/p>","protected":false},"excerpt":{"rendered":"<p>Inova\u00e7\u00e3o em pr\u00f3teses: dispositivo capta e reproduz movimentos humanos via celular, acess\u00edvel e de baixo custo.<\/p>","protected":false},"author":53,"featured_media":707206,"comment_status":"open","ping_status":"open","sticky":false,"template":"","format":"standard","meta":{"_acf_changed":false,"footnotes":""},"categories":[60],"tags":[47,386,10629,210,1422,148,41,124,218,242],"class_list":["post-707417","post","type-post","status-publish","format-standard","has-post-thumbnail","hentry","category-blog","tag-el-alto","tag-estudiantes","tag-ingenieria-de-sistemas-2","tag-innovacion","tag-innovacion-en-educacion","tag-internacional","tag-la-paz","tag-salud","tag-tecnologia","tag-unifranz"],"acf":[],"_links":{"self":[{"href":"https:\/\/unifranz.edu.bo\/pt\/wp-json\/wp\/v2\/posts\/707417","targetHints":{"allow":["GET"]}}],"collection":[{"href":"https:\/\/unifranz.edu.bo\/pt\/wp-json\/wp\/v2\/posts"}],"about":[{"href":"https:\/\/unifranz.edu.bo\/pt\/wp-json\/wp\/v2\/types\/post"}],"author":[{"embeddable":true,"href":"https:\/\/unifranz.edu.bo\/pt\/wp-json\/wp\/v2\/users\/53"}],"replies":[{"embeddable":true,"href":"https:\/\/unifranz.edu.bo\/pt\/wp-json\/wp\/v2\/comments?post=707417"}],"version-history":[{"count":1,"href":"https:\/\/unifranz.edu.bo\/pt\/wp-json\/wp\/v2\/posts\/707417\/revisions"}],"predecessor-version":[{"id":707418,"href":"https:\/\/unifranz.edu.bo\/pt\/wp-json\/wp\/v2\/posts\/707417\/revisions\/707418"}],"wp:featuredmedia":[{"embeddable":true,"href":"https:\/\/unifranz.edu.bo\/pt\/wp-json\/wp\/v2\/media\/707206"}],"wp:attachment":[{"href":"https:\/\/unifranz.edu.bo\/pt\/wp-json\/wp\/v2\/media?parent=707417"}],"wp:term":[{"taxonomy":"category","embeddable":true,"href":"https:\/\/unifranz.edu.bo\/pt\/wp-json\/wp\/v2\/categories?post=707417"},{"taxonomy":"post_tag","embeddable":true,"href":"https:\/\/unifranz.edu.bo\/pt\/wp-json\/wp\/v2\/tags?post=707417"}],"curies":[{"name":"wp","href":"https:\/\/api.w.org\/{rel}","templated":true}]}}