{"id":707399,"date":"2025-08-13T18:04:23","date_gmt":"2025-08-13T22:04:23","guid":{"rendered":"https:\/\/unifranz.edu.bo\/?p=707399"},"modified":"2025-08-13T18:04:30","modified_gmt":"2025-08-13T22:04:30","slug":"olimpiadas-stem-2025-una-oportunidad-para-transformar-la-educacion-en-santa-cruz","status":"publish","type":"post","link":"https:\/\/unifranz.edu.bo\/pt\/blog\/olimpiadas-stem-2025-una-oportunidad-para-transformar-la-educacion-en-santa-cruz\/","title":{"rendered":"Olimpiadas STEM+ 2025, una oportunidad para transformar la educaci\u00f3n en Santa Cruz"},"content":{"rendered":"<p>Santa Cruz vivir\u00e1 este 2025 la primera edici\u00f3n de las Olimpiadas STEM+, un proyecto educativo de alto impacto que reunir\u00e1 a estudiantes de secundaria en competencias y talleres de ciencia, tecnolog\u00eda, ingenier\u00eda y matem\u00e1ticas.\u00a0<\/p>\n\n\n\n<p><\/p>\n\n\n\n<p>Este evento, organizado por la Universidad Franz Tamayo, Unifranz, junto a la Fundaci\u00f3n Educacional San Agust\u00edn (FESA), la Fundaci\u00f3n Pati\u00f1o, la Gobernaci\u00f3n de Santa Cruz, FabLab Santa Cruz, Siemens Stiftung y el Grupo Editorial La Hoguera, busca potenciar el talento joven y fomentar la innovaci\u00f3n desde las aulas.<\/p>\n\n\n\n<p><\/p>\n\n\n\n<p>Las Olimpiadas coinciden con la reciente declaratoria de Santa Cruz como Territorio STEM+, realizado durante el Foro Internacional de Innovaci\u00f3n Educativa (FIIE Unifranz 2025), un reconocimiento que compromete a la regi\u00f3n a integrar estas disciplinas con habilidades del siglo XXI \u2014como pensamiento cr\u00edtico, creatividad, colaboraci\u00f3n e innovaci\u00f3n\u2014 para construir un ecosistema educativo y productivo capaz de enfrentar los desaf\u00edos del futuro.<\/p>\n\n\n\n<p><\/p>\n\n\n\n<p>El enfoque STEM+ va m\u00e1s all\u00e1 de la ense\u00f1anza tradicional. Su prop\u00f3sito es que los estudiantes aprendan haciendo, desarrollen proyectos que respondan a problemas reales de su comunidad y fortalezcan competencias que les permitan no solo adaptarse a los cambios, sino liderarlos.<\/p>\n\n\n\n<p><\/p>\n\n\n\n<blockquote class=\"wp-block-quote is-layout-flow wp-block-quote-is-layout-flow\">\n<p>Para Alejandro Zegarra, vicerrector adjunto de Unifranz Santa Cruz, el valor de este modelo es transformador. \u201cLo que estamos construyendo no es solo una etiqueta o un eslogan. Es una visi\u00f3n compartida para transformar la educaci\u00f3n en Santa Cruz y conectar a nuestros estudiantes con los desaf\u00edos del futuro. Apostamos por un modelo que promueve la ciencia, la tecnolog\u00eda y el pensamiento cr\u00edtico desde una perspectiva local, con impacto global\u201d.<\/p>\n<\/blockquote>\n\n\n\n<p><\/p>\n\n\n\n<p>En este sentido, la educaci\u00f3n STEM+ tambi\u00e9n busca cerrar brechas educativas y digitales, especialmente en ni\u00f1as y mujeres; fomentar vocaciones cient\u00edficas y tecnol\u00f3gicas desde edades tempranas; y aplicar metodolog\u00edas activas que pongan al estudiante en el centro del aprendizaje.<\/p>\n\n\n\n<p><\/p>\n\n\n\n<p><strong>Detalles de la competencia<\/strong><\/p>\n\n\n\n<p>Las Olimpiadas STEM+ Santa Cruz 2025 est\u00e1n abiertas a estudiantes de primero a sexto de secundaria de unidades educativas p\u00fablicas, privadas y de convenio de todo el departamento. Hay dos categor\u00edas: Junior (1ro a 3ro) y Juvenil (4to a 6to), las inscripciones est\u00e1n abiertas hasta el 30 de agosto en el siguiente formulario: <a href=\"https:\/\/forms.gle\/JzSfmYgwmLZZYTuE8\" target=\"_blank\" rel=\"noopener\">https:\/\/forms.gle\/JzSfmYgwmLZZYTuE8<\/a><\/p>\n\n\n\n<p><\/p>\n\n\n\n<p>El programa no se limita a la competencia final. Incluye capacitaciones gratuitas tanto para estudiantes como para docentes. Primero, los profesores recibir\u00e1n formaci\u00f3n en metodolog\u00edas STEM y habilidades blandas para que puedan guiar a sus equipos. Luego, los estudiantes participar\u00e1n en talleres especializados durante la etapa ol\u00edmpica.<\/p>\n\n\n\n<p><\/p>\n\n\n\n<blockquote class=\"wp-block-quote is-layout-flow wp-block-quote-is-layout-flow\">\n<p>\u201cBuscamos incentivar la participaci\u00f3n activa de estudiantes y profesores, form\u00e1ndolos en metodolog\u00edas STEM, habilidades blandas y tem\u00e1ticas especializadas\u201d, explica Zegarra.<\/p>\n<\/blockquote>\n\n\n\n<p><\/p>\n\n\n\n<p><strong>M\u00e1s que ganar, aprender<\/strong><\/p>\n\n\n\n<p>Para Roberto Figueroa, director ejecutivo de FESA, el verdadero valor de las Olimpiadas est\u00e1 en el proceso. \u201cSon mucho m\u00e1s que una competencia. No se trata s\u00f3lo de definir ganadores o perdedores, sino de un proceso que va a enriquecer tanto a tutores como a estudiantes de todas las unidades educativas\u201d.<\/p>\n\n\n\n<p><\/p>\n\n\n\n<p>En la misma l\u00ednea, Marioly Rodr\u00edguez, directora departamental de Juventud de la Gobernaci\u00f3n, subraya que el proyecto \u201cbusca fomentar el desarrollo cient\u00edfico y tecnol\u00f3gico en estudiantes de secundaria mediante competencias y talleres\u201d, resaltando que la iniciativa involucra a m\u00faltiples instituciones que aportan recursos, conocimientos y experiencia.<\/p>\n\n\n\n<p><\/p>\n\n\n\n<p>Yulemi Ledezma, coordinadora operativa, espera que \u201cesta primera edici\u00f3n sea el&nbsp; inicio de una transformaci\u00f3n en la educaci\u00f3n secundaria, con equipos que presenten proyectos capaces de resolver problemas reales de Santa Cruz a trav\u00e9s de la ciencia\u201d.<\/p>\n\n\n\n<p><\/p>\n\n\n\n<figure class=\"wp-block-embed is-type-video is-provider-youtube wp-block-embed-youtube wp-embed-aspect-16-9 wp-has-aspect-ratio\"><div class=\"wp-block-embed__wrapper\">\n<iframe loading=\"lazy\" title=\"Olimpiadas STEM+ 2025, una oportunidad para transformar la educaci\u00f3n en Santa Cruz\" width=\"500\" height=\"281\" src=\"https:\/\/www.youtube.com\/embed\/0xM_itPpQfk?feature=oembed\" frameborder=\"0\" allow=\"accelerometer; autoplay; clipboard-write; encrypted-media; gyroscope; picture-in-picture; web-share\" referrerpolicy=\"strict-origin-when-cross-origin\" allowfullscreen><\/iframe>\n<\/div><\/figure>\n\n\n\n<p><\/p>\n\n\n\n<p>Las Olimpiadas STEM+ forman parte de un esfuerzo continental impulsado por la Red STEM Latinoam\u00e9rica, que agrupa a m\u00e1s de 200 instituciones en 14 pa\u00edses. La red busca incorporar el enfoque STEM+ en pol\u00edticas p\u00fablicas, formar docentes con metodolog\u00edas activas e inclusivas y generar un impacto significativo en los sistemas educativos.<\/p>\n\n\n\n<p><\/p>\n\n\n\n<p>En Bolivia, Cochabamba fue declarada Territorio STEM en 2024 y pionera en este tipo de olimpiadas. Este a\u00f1o, Santa Cruz se suma con el compromiso de replicar y ampliar los logros alcanzados, adaptando las estrategias a su realidad local.<\/p>\n\n\n\n<p><\/p>\n\n\n\n<p><strong>Impacto esperado<\/strong><\/p>\n\n\n\n<p>El Territorio STEM+ en Santa Cruz aspira a convertirse en un referente regional. Entre sus beneficios previstos se cuentan:<\/p>\n\n\n\n<ul class=\"wp-block-list\">\n<li>&#8211; Mayor empleabilidad para los estudiantes, gracias al desarrollo de habilidades altamente demandadas.<\/li>\n\n\n\n<li>&#8211; Fortalecimiento de la formaci\u00f3n docente con metodolog\u00edas actualizadas.<\/li>\n\n\n\n<li>&#8211; Impulso al emprendimiento cient\u00edfico y tecnol\u00f3gico.<\/li>\n\n\n\n<li>&#8211; Inclusi\u00f3n educativa, especialmente para mujeres j\u00f3venes y comunidades vulnerables.<\/li>\n\n\n\n<li>&#8211; Conexi\u00f3n con redes y experiencias internacionales.<\/li>\n<\/ul>\n\n\n\n<p><\/p>\n\n\n\n<blockquote class=\"wp-block-quote is-layout-flow wp-block-quote-is-layout-flow\">\n<p>\u201cEstamos construyendo una comunidad de pr\u00e1ctica. No basta con implementar el enfoque en una sola instituci\u00f3n. Necesitamos una red amplia, colaborativa y sostenible que permita escalar las buenas experiencias a nivel regional\u201d, afirma Zegarra.<\/p>\n<\/blockquote>\n\n\n\n<p><\/p>\n\n\n\n<p>Los organizadores invitan a todas las unidades educativas a formar parte de esta experiencia que combina competencia, formaci\u00f3n y colaboraci\u00f3n.<\/p>\n\n\n\n<p><\/p>\n\n\n\n<p>\u201cEstamos convencidos de que el enfoque STEM+ es una de las respuestas m\u00e1s poderosas para enfrentar los desaf\u00edos del siglo XXI. No solo mejora la calidad educativa, sino que transforma la vida de las personas. Y Santa Cruz tiene todo el potencial para convertirse en un referente regional en este camino\u201d, concluye el vicerrector de Unifranz.<\/p>\n\n\n\n<p><\/p>","protected":false},"excerpt":{"rendered":"<p>Santa Cruz ser\u00e1 sede de Olimpiadas STEM+ 2025: ciencia, tecnolog\u00eda y habilidades para un futuro educativo inclusivo y sostenible.<\/p>","protected":false},"author":49,"featured_media":707400,"comment_status":"open","ping_status":"open","sticky":false,"template":"","format":"standard","meta":{"_acf_changed":false,"footnotes":""},"categories":[60],"tags":[364,386,2962,208,1422,10281,11260,43,218,242],"class_list":["post-707399","post","type-post","status-publish","format-standard","has-post-thumbnail","hentry","category-blog","tag-ciencia","tag-estudiantes","tag-habilidades-blandas","tag-ingenieria","tag-innovacion-en-educacion","tag-matematicas","tag-olimpiadas-stem-2025","tag-santa-cruz","tag-tecnologia","tag-unifranz"],"acf":[],"_links":{"self":[{"href":"https:\/\/unifranz.edu.bo\/pt\/wp-json\/wp\/v2\/posts\/707399","targetHints":{"allow":["GET"]}}],"collection":[{"href":"https:\/\/unifranz.edu.bo\/pt\/wp-json\/wp\/v2\/posts"}],"about":[{"href":"https:\/\/unifranz.edu.bo\/pt\/wp-json\/wp\/v2\/types\/post"}],"author":[{"embeddable":true,"href":"https:\/\/unifranz.edu.bo\/pt\/wp-json\/wp\/v2\/users\/49"}],"replies":[{"embeddable":true,"href":"https:\/\/unifranz.edu.bo\/pt\/wp-json\/wp\/v2\/comments?post=707399"}],"version-history":[{"count":2,"href":"https:\/\/unifranz.edu.bo\/pt\/wp-json\/wp\/v2\/posts\/707399\/revisions"}],"predecessor-version":[{"id":707402,"href":"https:\/\/unifranz.edu.bo\/pt\/wp-json\/wp\/v2\/posts\/707399\/revisions\/707402"}],"wp:featuredmedia":[{"embeddable":true,"href":"https:\/\/unifranz.edu.bo\/pt\/wp-json\/wp\/v2\/media\/707400"}],"wp:attachment":[{"href":"https:\/\/unifranz.edu.bo\/pt\/wp-json\/wp\/v2\/media?parent=707399"}],"wp:term":[{"taxonomy":"category","embeddable":true,"href":"https:\/\/unifranz.edu.bo\/pt\/wp-json\/wp\/v2\/categories?post=707399"},{"taxonomy":"post_tag","embeddable":true,"href":"https:\/\/unifranz.edu.bo\/pt\/wp-json\/wp\/v2\/tags?post=707399"}],"curies":[{"name":"wp","href":"https:\/\/api.w.org\/{rel}","templated":true}]}}