{"id":707375,"date":"2025-08-13T11:54:23","date_gmt":"2025-08-13T15:54:23","guid":{"rendered":"https:\/\/unifranz.edu.bo\/?p=707375"},"modified":"2026-01-08T09:22:32","modified_gmt":"2026-01-08T13:22:32","slug":"tecnologia-ciencia-y-futuro-llegan-las-olimpiadas-stem-para-transformar-la-educacion-crucena","status":"publish","type":"post","link":"https:\/\/unifranz.edu.bo\/pt\/blog\/tecnologia-ciencia-y-futuro-llegan-las-olimpiadas-stem-para-transformar-la-educacion-crucena\/","title":{"rendered":"Tecnolog\u00eda, ciencia y futuro: llegan las Olimpiadas STEM+ para transformar la educaci\u00f3n cruce\u00f1a"},"content":{"rendered":"<p>Con el objetivo de despertar vocaciones cient\u00edficas y tecnol\u00f3gicas en estudiantes de secundaria, se lanz\u00f3 oficialmente la primera edici\u00f3n de las Olimpiadas STEM+ Santa Cruz 2025. Se trata de un proyecto educativo de alto impacto que reunir\u00e1 a j\u00f3venes talentos en competencias y talleres en las \u00e1reas de ciencia, tecnolog\u00eda, ingenier\u00eda y matem\u00e1ticas.<\/p>\n\n\n\n<blockquote class=\"wp-block-quote is-layout-flow wp-block-quote-is-layout-flow\">\n<p>\u201cEl evento reunir\u00e1 a los estudiantes m\u00e1s creativos y audaces de secundaria para resolver retos reales con ingenio, trabajo en equipo y pasi\u00f3n por el futuro\u201d, asegura Marioly Rodr\u00edguez, directora departamental de Juventud de la Gobernaci\u00f3n de Santa Cruz.<\/p>\n<\/blockquote>\n\n\n\n<figure class=\"wp-block-embed is-type-video is-provider-youtube wp-block-embed-youtube wp-embed-aspect-16-9 wp-has-aspect-ratio\"><div class=\"wp-block-embed__wrapper\">\n<iframe loading=\"lazy\" title=\"Carlos Valverde en la red\/3 - UNIFRANZ: OLIMPIADA STEM+ - 29 agosto 2025\" width=\"500\" height=\"281\" src=\"https:\/\/www.youtube.com\/embed\/fCeMa3lciRA?feature=oembed\" frameborder=\"0\" allow=\"accelerometer; autoplay; clipboard-write; encrypted-media; gyroscope; picture-in-picture; web-share\" referrerpolicy=\"strict-origin-when-cross-origin\" allowfullscreen><\/iframe>\n<\/div><\/figure>\n\n\n\n<p>Podr\u00e1n participar estudiantes de 1ro a 6to de secundaria de unidades educativas p\u00fablicas, privadas y de convenio del departamento, divididos en dos categor\u00edas: Junior (1ro a 3ro) y Juvenil (4to a 6to). El programa contempla capacitaciones gratuitas para estudiantes y docentes, as\u00ed como espacios de interacci\u00f3n y networking que fomenten la creatividad y el trabajo en equipo.<\/p>\n\n\n\n<blockquote class=\"wp-block-quote is-layout-flow wp-block-quote-is-layout-flow\">\n<p>Alejandro Zegarra, vicerrector adjunto de la Universidad Franz Tamayo, Unifranz, sede Santa Cruz, explic\u00f3 que el proyecto \u201cbusca contribuir a la mejora de la calidad educativa, incentivando la participaci\u00f3n activa de estudiantes y docentes. La capacitaci\u00f3n incluir\u00e1 habilidades blandas, metodolog\u00edas STEM y tem\u00e1ticas especializadas, preparando a los participantes para competir y desarrollar proyectos con impacto\u201d.<\/p>\n\n\n\n<figure class=\"wp-block-image size-large\"><img loading=\"lazy\" decoding=\"async\" width=\"1024\" height=\"576\" src=\"https:\/\/unifranz.edu.bo\/wp-content\/uploads\/2025\/08\/FB_IMG_1755099546675-1024x576.jpg\" alt=\"\" class=\"wp-image-707377\" srcset=\"https:\/\/unifranz.edu.bo\/wp-content\/uploads\/2025\/08\/FB_IMG_1755099546675-1024x576.jpg 1024w, https:\/\/unifranz.edu.bo\/wp-content\/uploads\/2025\/08\/FB_IMG_1755099546675-300x169.jpg 300w, https:\/\/unifranz.edu.bo\/wp-content\/uploads\/2025\/08\/FB_IMG_1755099546675-768x432.jpg 768w, https:\/\/unifranz.edu.bo\/wp-content\/uploads\/2025\/08\/FB_IMG_1755099546675-1536x864.jpg 1536w, https:\/\/unifranz.edu.bo\/wp-content\/uploads\/2025\/08\/FB_IMG_1755099546675-18x10.jpg 18w, https:\/\/unifranz.edu.bo\/wp-content\/uploads\/2025\/08\/FB_IMG_1755099546675.jpg 1920w\" sizes=\"auto, (max-width: 1024px) 100vw, 1024px\" \/><figcaption class=\"wp-element-caption\">Autoridades y organizadores de las Olimpiadas STEM+ Santa Cruz 2025<\/figcaption><\/figure>\n<\/blockquote>\n\n\n\n<p>La iniciativa es organizada por la Universidad Franz Tamayo, Unifranz, en coorganizaci\u00f3n con la Fundaci\u00f3n Educacional San Agust\u00edn (FESA), la Fundaci\u00f3n Pati\u00f1o, la Gobernaci\u00f3n de Santa Cruz, el FabLab Santa Cruz, Siemens Stiftung y el Grupo Editorial La Hoguera. Las inscripciones son gratuitas y estar\u00e1n abiertas hasta el 30 de agosto de 2025, mediante un formulario en l\u00ednea.<\/p>\n\n\n\n<p>Roberto Figueroa, director ejecutivo de FESA, remarc\u00f3 que las Olimpiadas STEM+ \u201cson mucho m\u00e1s que una competencia. El proceso de preparaci\u00f3n y aprendizaje es lo m\u00e1s importante, ya que enriquecer\u00e1 a tutores y estudiantes de todas las unidades educativas participantes\u201d.<\/p>\n\n\n\n<blockquote class=\"wp-block-quote is-layout-flow wp-block-quote-is-layout-flow\">\n<p>Para Yulemi Ledezma, coordinadora operativa de las Olimpiadas, esta primera edici\u00f3n busca marcar un punto de partida: \u201cEsperamos que sea el inicio de la transformaci\u00f3n en la educaci\u00f3n secundaria, con equipos que presenten proyectos capaces de resolver problemas reales de Santa Cruz a trav\u00e9s de la ciencia\u201d.<\/p>\n<\/blockquote>\n\n\n\n<p>Las Olimpiadas STEM+ Santa Cruz 2025 no solo premiar\u00e1n el talento, sino que tambi\u00e9n sembrar\u00e1n las bases de una generaci\u00f3n m\u00e1s preparada para enfrentar los desaf\u00edos del futuro con creatividad, innovaci\u00f3n y compromiso social.<\/p>\n\n\n\n<p>La Red STEM Latinoam\u00e9rica, impulsa el enfoque STEM+ en diversos pa\u00edses de la regi\u00f3n. Esta red integra m\u00e1s de 200 instituciones en 14 pa\u00edses latinoamericanos, promoviendo la colaboraci\u00f3n entre universidades, gobiernos, ONGs y el sector privado. Tiene el objetivo de incorporar la educaci\u00f3n STEM+ en pol\u00edticas p\u00fablicas, formar docentes con metodolog\u00edas activas e inclusivas y generar un impacto significativo en los sistemas educativos.<\/p>\n\n\n\n<p>En Bolivia, Cochabamba fue el primer departamento declarado en el a\u00f1o 2024 como Territorio STEM y lugar donde se realizaron las primeras versiones de las olimpiadas. Este 2025, Santa Cruz tambi\u00e9n recibi\u00f3 la declaratoria y ser\u00e1 escenario de las primeras Olimpiadas STEM+ en suelo cruce\u00f1o.<\/p>\n\n\n\n<p>Para participar de las Olimpiadas STEM+ Santa Cruz 2025, puedes ingresar al siguiente enlace: <a href=\"https:\/\/forms.gle\/JzSfmYgwmLZZYTuE8\" target=\"_blank\" rel=\"noopener\">https:\/\/forms.gle\/JzSfmYgwmLZZYTuE8<\/a> <\/p>\n\n\n\n<figure class=\"wp-block-image size-large\"><img loading=\"lazy\" decoding=\"async\" width=\"1024\" height=\"527\" src=\"https:\/\/unifranz.edu.bo\/wp-content\/uploads\/2025\/08\/Picsart_25-08-13_11-44-25-616-1024x527.jpg\" alt=\"\" class=\"wp-image-707378\" srcset=\"https:\/\/unifranz.edu.bo\/wp-content\/uploads\/2025\/08\/Picsart_25-08-13_11-44-25-616-1024x527.jpg 1024w, https:\/\/unifranz.edu.bo\/wp-content\/uploads\/2025\/08\/Picsart_25-08-13_11-44-25-616-300x154.jpg 300w, https:\/\/unifranz.edu.bo\/wp-content\/uploads\/2025\/08\/Picsart_25-08-13_11-44-25-616-768x395.jpg 768w, https:\/\/unifranz.edu.bo\/wp-content\/uploads\/2025\/08\/Picsart_25-08-13_11-44-25-616-1536x790.jpg 1536w, https:\/\/unifranz.edu.bo\/wp-content\/uploads\/2025\/08\/Picsart_25-08-13_11-44-25-616-2048x1053.jpg 2048w, https:\/\/unifranz.edu.bo\/wp-content\/uploads\/2025\/08\/Picsart_25-08-13_11-44-25-616-18x9.jpg 18w\" sizes=\"auto, (max-width: 1024px) 100vw, 1024px\" \/><figcaption class=\"wp-element-caption\">Presentaci\u00f3n de las Olimpiadas STEM+ en conferencia de prensa en la Gobernaci\u00f3n de Santa Cruz<\/figcaption><\/figure>","protected":false},"excerpt":{"rendered":"<p>Con el objetivo de despertar vocaciones cient\u00edficas y tecnol\u00f3gicas en estudiantes de secundaria, se lanz\u00f3 oficialmente la primera edici\u00f3n de las Olimpiadas STEM+ Santa Cruz 2025. Se trata de un proyecto educativo de alto impacto que reunir\u00e1 a j\u00f3venes talentos en competencias y talleres en las \u00e1reas de ciencia, tecnolog\u00eda, ingenier\u00eda y matem\u00e1ticas. \u201cEl evento &hellip; <a href=\"https:\/\/unifranz.edu.bo\/pt\/blog\/tecnologia-ciencia-y-futuro-llegan-las-olimpiadas-stem-para-transformar-la-educacion-crucena\/\">Continued<\/a><\/p>","protected":false},"author":33,"featured_media":707376,"comment_status":"open","ping_status":"open","sticky":false,"template":"","format":"standard","meta":{"_acf_changed":false,"footnotes":""},"categories":[2576,60,11258,274],"tags":[364,1422,11263,11259,11260,11261,11262,43,218,242,3624],"class_list":["post-707375","post","type-post","status-publish","format-standard","has-post-thumbnail","hentry","category-unifranz-santa-cruz","category-blog","category-olimpiadas-stem","category-santa-cruz","tag-ciencia","tag-innovacion-en-educacion","tag-matematicas-2","tag-olimpiadas-stem","tag-olimpiadas-stem-2025","tag-olimpiadas-stem-bolivia","tag-red-stem-latinoamericana","tag-santa-cruz","tag-tecnologia","tag-unifranz","tag-unifranz-santa-cruz"],"acf":[],"_links":{"self":[{"href":"https:\/\/unifranz.edu.bo\/pt\/wp-json\/wp\/v2\/posts\/707375","targetHints":{"allow":["GET"]}}],"collection":[{"href":"https:\/\/unifranz.edu.bo\/pt\/wp-json\/wp\/v2\/posts"}],"about":[{"href":"https:\/\/unifranz.edu.bo\/pt\/wp-json\/wp\/v2\/types\/post"}],"author":[{"embeddable":true,"href":"https:\/\/unifranz.edu.bo\/pt\/wp-json\/wp\/v2\/users\/33"}],"replies":[{"embeddable":true,"href":"https:\/\/unifranz.edu.bo\/pt\/wp-json\/wp\/v2\/comments?post=707375"}],"version-history":[{"count":2,"href":"https:\/\/unifranz.edu.bo\/pt\/wp-json\/wp\/v2\/posts\/707375\/revisions"}],"predecessor-version":[{"id":711006,"href":"https:\/\/unifranz.edu.bo\/pt\/wp-json\/wp\/v2\/posts\/707375\/revisions\/711006"}],"wp:featuredmedia":[{"embeddable":true,"href":"https:\/\/unifranz.edu.bo\/pt\/wp-json\/wp\/v2\/media\/707376"}],"wp:attachment":[{"href":"https:\/\/unifranz.edu.bo\/pt\/wp-json\/wp\/v2\/media?parent=707375"}],"wp:term":[{"taxonomy":"category","embeddable":true,"href":"https:\/\/unifranz.edu.bo\/pt\/wp-json\/wp\/v2\/categories?post=707375"},{"taxonomy":"post_tag","embeddable":true,"href":"https:\/\/unifranz.edu.bo\/pt\/wp-json\/wp\/v2\/tags?post=707375"}],"curies":[{"name":"wp","href":"https:\/\/api.w.org\/{rel}","templated":true}]}}