{"id":707336,"date":"2025-08-12T22:25:42","date_gmt":"2025-08-13T02:25:42","guid":{"rendered":"https:\/\/unifranz.edu.bo\/?p=707336"},"modified":"2025-08-12T22:25:49","modified_gmt":"2025-08-13T02:25:49","slug":"una-boliviana-que-inspira-veronica-agreda-es-nominada-al-premio-mujer-innovacion-de-la-caf","status":"publish","type":"post","link":"https:\/\/unifranz.edu.bo\/pt\/blog\/una-boliviana-que-inspira-veronica-agreda-es-nominada-al-premio-mujer-innovacion-de-la-caf\/","title":{"rendered":"Una boliviana que inspira: Ver\u00f3nica \u00c1greda es nominada al Premio Mujer Innovaci\u00f3n de la CAF"},"content":{"rendered":"<p>La presidenta de la Asociaci\u00f3n Nacional de Universidades Privadas de Bolivia (ANUP) y rectora nacional de la Universidad Franz Tamayo, Ver\u00f3nica \u00c1greda, fue nominada al Premio Mujer Innovaci\u00f3n, una distinci\u00f3n especial impulsada por la CAF \u2013 Banco de Desarrollo de Am\u00e9rica Latina y el Caribe, en el marco de los Women in Tech LATAM Awards 2025.&nbsp;<\/p>\n\n\n\n<p>Este reconocimiento busca visibilizar a mujeres l\u00edderes que est\u00e1n transformando sus comunidades a trav\u00e9s de la tecnolog\u00eda, con un enfoque de innovaci\u00f3n con impacto social, econ\u00f3mico y ambiental, y con un fuerte compromiso con la igualdad de g\u00e9nero.<\/p>\n\n\n\n<blockquote class=\"wp-block-quote is-layout-flow wp-block-quote-is-layout-flow\">\n<p>\u201cEmocionada de anunciar que he sido nominada por @CAF a los Premios Women in Tech LATAM 2025\u201d, destac\u00f3 \u00c1greda a trav\u00e9s de sus cuentas en redes sociales.<\/p>\n<\/blockquote>\n\n\n\n<p>La iniciativa, lanzada por la CAF y Women in Tech LATAM, premiar\u00e1 a una mujer o empresa liderada por mujeres que haya desarrollado soluciones tecnol\u00f3gicas con impacto positivo y medible en su comunidad, pa\u00eds o regi\u00f3n. La ganadora ser\u00e1 anunciada el 28 de agosto en Panam\u00e1, durante la gala de los Women in Tech LATAM Awards.<\/p>\n\n\n\n<p>La distinci\u00f3n valorar\u00e1 especialmente el compromiso con la equidad de g\u00e9nero, en l\u00ednea con los Objetivos de Desarrollo Sostenible (ODS 5 y 9).&nbsp;&nbsp;<\/p>\n\n\n\n<p>Para \u00c1greda, este tipo de premios \u201cno solo reconocen trayectorias individuales, sino que abren espacios para que m\u00e1s mujeres puedan liderar en \u00e1reas emergentes como la tecnolog\u00eda, las energ\u00edas renovables y la econom\u00eda digital\u201d.<\/p>\n\n\n\n<p><strong>Trayectoria con impacto internacional<\/strong><\/p>\n\n\n\n<p>Con una s\u00f3lida carrera enfocada en la transformaci\u00f3n educativa y el empoderamiento femenino, Ver\u00f3nica \u00c1greda ha liderado iniciativas que trascienden las fronteras de Bolivia. Como rectora de Unifranz y cofundadora del Instituto de la Mujer &amp; Empresa (IME), promueve la innovaci\u00f3n acad\u00e9mica, el liderazgo femenino y la transformaci\u00f3n digital con un enfoque sostenible.<\/p>\n\n\n\n<p>\u201cA trav\u00e9s del IME hemos creado una comunidad vibrante que ha capacitado y empoderado a miles de mujeres, brind\u00e1ndoles formaci\u00f3n especializada, mentor\u00edas, coaching, programas de incubaci\u00f3n y redes de apoyo para fortalecer sus emprendimientos\u201d, destac\u00f3.<\/p>\n\n\n\n<p>Su influencia tambi\u00e9n se extiende al plano internacional: es vicepresidenta adjunta de los Pa\u00edses Andinos de la Organizaci\u00f3n Universitaria Interamericana, cofundadora de la Red de Rectoras y Rectores por la Sostenibilidad de la UNESCO y presidenta de la ANUP. Adem\u00e1s, representa al Nodo Bolivia del Millennium Project, un reconocido <em>think tank<\/em> global.<\/p>\n\n\n\n<p>En 2024, particip\u00f3 en la creaci\u00f3n de la Red de Rectoras y Rectores por la Sostenibilidad en Colombia y en el World Women University Presidents Forum en China, reafirmando el compromiso de Unifranz con la inclusi\u00f3n y la diversidad. Tambi\u00e9n fue incluida en el ranking de las \u201c20 mujeres con mejor reputaci\u00f3n en Bolivia\u201d del Monitor Empresarial de Reputaci\u00f3n Corporativa (Merco).<\/p>\n\n\n\n<p><strong>El IME y el impulso a la econom\u00eda femenina<\/strong><\/p>\n\n\n\n<p>Como CEO del IME, \u00c1greda ha liderado proyectos como Pitukea Mi Negocio, que ofrece herramientas digitales a emprendedoras en etapas iniciales; Fuckup Nights, donde mujeres de la industria creativa comparten experiencias y aprendizajes; Mujeres Sin Filtro, junto al BID Lab, que brinda un entorno seguro para afrontar desaf\u00edos; e Impulsamos Bolivia, un programa nacional de incubaci\u00f3n que entrega capital semilla a emprendedoras.<\/p>\n\n\n\n<p>Gracias a estas iniciativas, el IME ha empoderado a m\u00e1s de 13.600 mujeres e incubado m\u00e1s de 300 emprendimientos con una tasa de supervivencia empresarial del 72%, generando empleo e impacto social y ambiental positivo.<\/p>\n\n\n\n<p>\u201cLas mujeres tenemos un potencial enorme para liderar en sectores clave. A medida que se abran m\u00e1s oportunidades de educaci\u00f3n, capacitaci\u00f3n y liderazgo, seremos protagonistas de la creaci\u00f3n de empresas innovadoras, de la toma de decisiones estrat\u00e9gicas y de la implementaci\u00f3n de soluciones sostenibles\u201d, reflexiona \u00c1greda.<\/p>","protected":false},"excerpt":{"rendered":"<p>Ver\u00f3nica \u00c1greda, presidenta de la ANUP y rectora de Unifranz, es nominada al Premio Mujer Innovaci\u00f3n de CAF por su liderazgo tecnol\u00f3gico con impacto social y de g\u00e9nero.<\/p>","protected":false},"author":50,"featured_media":707338,"comment_status":"open","ping_status":"open","sticky":false,"template":"","format":"standard","meta":{"_acf_changed":false,"footnotes":""},"categories":[60],"tags":[2904,1368,1994,1422,11257,242,1646],"class_list":["post-707336","post","type-post","status-publish","format-standard","has-post-thumbnail","hentry","category-blog","tag-anup","tag-caf","tag-ime-bolivia","tag-innovacion-en-educacion","tag-premio-mujer-innovacion","tag-unifranz","tag-veronica-agreda"],"acf":[],"_links":{"self":[{"href":"https:\/\/unifranz.edu.bo\/pt\/wp-json\/wp\/v2\/posts\/707336","targetHints":{"allow":["GET"]}}],"collection":[{"href":"https:\/\/unifranz.edu.bo\/pt\/wp-json\/wp\/v2\/posts"}],"about":[{"href":"https:\/\/unifranz.edu.bo\/pt\/wp-json\/wp\/v2\/types\/post"}],"author":[{"embeddable":true,"href":"https:\/\/unifranz.edu.bo\/pt\/wp-json\/wp\/v2\/users\/50"}],"replies":[{"embeddable":true,"href":"https:\/\/unifranz.edu.bo\/pt\/wp-json\/wp\/v2\/comments?post=707336"}],"version-history":[{"count":1,"href":"https:\/\/unifranz.edu.bo\/pt\/wp-json\/wp\/v2\/posts\/707336\/revisions"}],"predecessor-version":[{"id":707339,"href":"https:\/\/unifranz.edu.bo\/pt\/wp-json\/wp\/v2\/posts\/707336\/revisions\/707339"}],"wp:featuredmedia":[{"embeddable":true,"href":"https:\/\/unifranz.edu.bo\/pt\/wp-json\/wp\/v2\/media\/707338"}],"wp:attachment":[{"href":"https:\/\/unifranz.edu.bo\/pt\/wp-json\/wp\/v2\/media?parent=707336"}],"wp:term":[{"taxonomy":"category","embeddable":true,"href":"https:\/\/unifranz.edu.bo\/pt\/wp-json\/wp\/v2\/categories?post=707336"},{"taxonomy":"post_tag","embeddable":true,"href":"https:\/\/unifranz.edu.bo\/pt\/wp-json\/wp\/v2\/tags?post=707336"}],"curies":[{"name":"wp","href":"https:\/\/api.w.org\/{rel}","templated":true}]}}